{"id":442,"date":"2018-04-26T22:39:46","date_gmt":"2018-04-26T20:39:46","guid":{"rendered":"https:\/\/utwstarachowice.pl\/2018\/04\/26\/terminy-spotkan-slucaczy-sekcji-przyrodniczej\/"},"modified":"2018-04-26T22:39:46","modified_gmt":"2018-04-26T20:39:46","slug":"terminy-spotkan-slucaczy-sekcji-przyrodniczej","status":"publish","type":"post","link":"https:\/\/utwstarachowice.pl\/?p=442","title":{"rendered":"TERMINY SPOTKA\u0143 S\u0141UCHACZY SEKCJI PRZYRODNICZEJ &#8230;."},"content":{"rendered":"<p><strong><span style=\"font-family: arial, helvetica, sans-serif; font-size: small;\">UWAGA SEKCJA\u00a0 PRZYRODNICZA!<\/span><\/strong><br \/><strong><span style=\"font-family: arial, helvetica, sans-serif; font-size: small;\">W poniedzia\u0142ek 30 kwietnia nie b\u0119dzie zaj\u0119\u0107 sekcji, najbli\u017csze spotkanie <\/span><\/strong><strong><span style=\"font-family: arial, helvetica, sans-serif; font-size: small;\">7 maja,\u00a0 jak zwykle o 16.15 w du\u017cej sali o\u015b. Senior-Wigor.. a nast\u0119pne &#8211;\u00a0 14 maja w Muzeum Przyrody i Techniki o godz. 10.15. O kolejnych spotkaniach poinformuj\u0119 p\u00f3\u017aniej.<\/span><\/strong><br \/><strong><span style=\"font-family: arial, helvetica, sans-serif; font-size: small;\">\u00a0\u00a0\u00a0\u00a0\u00a0\u00a0\u00a0\u00a0\u00a0\u00a0\u00a0\u00a0\u00a0\u00a0\u00a0\u00a0\u00a0\u00a0\u00a0\u00a0\u00a0\u00a0\u00a0\u00a0\u00a0\u00a0\u00a0\u00a0\u00a0 Zapraszam\u00a0\u00a0\u00a0 <\/span><\/strong><br \/><strong><span style=\"font-family: arial, helvetica, sans-serif; font-size: small;\">\u00a0\u00a0\u00a0\u00a0\u00a0\u00a0\u00a0\u00a0\u00a0\u00a0\u00a0\u00a0\u00a0\u00a0\u00a0\u00a0\u00a0\u00a0\u00a0\u00a0\u00a0\u00a0\u00a0\u00a0\u00a0\u00a0\u00a0\u00a0\u00a0\u00a0\u00a0\u00a0\u00a0\u00a0\u00a0\u00a0\u00a0\u00a0\u00a0\u00a0\u00a0\u00a0\u00a0\u00a0\u00a0\u00a0\u00a0\u00a0\u00a0\u00a0\u00a0\u00a0\u00a0\u00a0 Krystyna Dutkiewicz<\/span><\/strong><\/p>\n","protected":false},"excerpt":{"rendered":"<p>UWAGA SEKCJA\u00a0 PRZYRODNICZA!W poniedzia\u0142ek 30 kwietnia nie b\u0119dzie zaj\u0119\u0107 sekcji, najbli\u017csze spotkanie 7 maja,\u00a0 jak zwykle o 16.15 w du\u017cej &hellip;<\/p>\n","protected":false},"author":3,"featured_media":0,"comment_status":"open","ping_status":"open","sticky":true,"template":"","format":"standard","meta":{"footnotes":""},"categories":[1],"tags":[],"_links":{"self":[{"href":"https:\/\/utwstarachowice.pl\/index.php?rest_route=\/wp\/v2\/posts\/442"}],"collection":[{"href":"https:\/\/utwstarachowice.pl\/index.php?rest_route=\/wp\/v2\/posts"}],"about":[{"href":"https:\/\/utwstarachowice.pl\/index.php?rest_route=\/wp\/v2\/types\/post"}],"author":[{"embeddable":true,"href":"https:\/\/utwstarachowice.pl\/index.php?rest_route=\/wp\/v2\/users\/3"}],"replies":[{"embeddable":true,"href":"https:\/\/utwstarachowice.pl\/index.php?rest_route=%2Fwp%2Fv2%2Fcomments&post=442"}],"version-history":[{"count":0,"href":"https:\/\/utwstarachowice.pl\/index.php?rest_route=\/wp\/v2\/posts\/442\/revisions"}],"wp:attachment":[{"href":"https:\/\/utwstarachowice.pl\/index.php?rest_route=%2Fwp%2Fv2%2Fmedia&parent=442"}],"wp:term":[{"taxonomy":"category","embeddable":true,"href":"https:\/\/utwstarachowice.pl\/index.php?rest_route=%2Fwp%2Fv2%2Fcategories&post=442"},{"taxonomy":"post_tag","embeddable":true,"href":"https:\/\/utwstarachowice.pl\/index.php?rest_route=%2Fwp%2Fv2%2Ftags&post=442"}],"curies":[{"name":"wp","href":"https:\/\/api.w.org\/{rel}","templated":true}]}}