{"id":44,"date":"2015-06-05T09:15:03","date_gmt":"2015-06-05T07:15:03","guid":{"rendered":"https:\/\/utwstarachowice.pl\/2015\/06\/05\/wycieczka-do-checin\/"},"modified":"2015-06-05T09:15:03","modified_gmt":"2015-06-05T07:15:03","slug":"wycieczka-do-checin","status":"publish","type":"post","link":"https:\/\/utwstarachowice.pl\/?p=44","title":{"rendered":"Wycieczka do Ch\u0119cin"},"content":{"rendered":"<p>\u00a0<\/p>\n<p>\u00a0<\/p>\n<p style=\"text-indent: 1.25cm; margin-bottom: 0cm; line-height: 150%; text-align: left;\" align=\"JUSTIFY\"><span style=\"font-family: Times New Roman,serif;\"><span style=\"font-size: large;\"><strong>\u00a0\u00a0\u00a0\u00a0\u00a0\u00a0\u00a0\u00a0\u00a0\u00a0\u00a0\u00a0\u00a0\u00a0\u00a0\u00a0\u00a0\u00a0\u00a0\u00a0\u00a0\u00a0\u00a0\u00a0\u00a0\u00a0\u00a0\u00a0\u00a0\u00a0 Wycieczka do Ch\u0119cin i Podzamcza Ch\u0119ci\u0144skiego<\/strong><\/span><\/span><\/p>\n<p style=\"text-indent: 1.25cm; margin-bottom: 0cm; line-height: 150%;\" align=\"JUSTIFY\">\u00a0<\/p>\n<p style=\"text-indent: 1.25cm; margin-bottom: 0cm; line-height: 150%;\" align=\"JUSTIFY\"><span style=\"font-family: Times New Roman,serif; font-size: medium;\">Dnia 23.05 2015 r. s\u0142uchacze starachowickiego Uniwersytetu Trzeciego Wieku wzi\u0119li udzia\u0142 w\u00a0wycieczce, kt\u00f3rej pierwszym etapem by\u0142o Podzamcze Ch\u0119ci\u0144skie. Tam swoje podwoje otworzy\u0142o przed zwiedzaj\u0105cymi Centrum Nauki Leonardo da Vinci, w kt\u00f3rym mo\u017cna podziwia\u0107 wystaw\u0119 \u201e\u015awiat Leonarda da Vinci\u201d. Zosta\u0142a ona stworzona przez centrum badawcze w Mediolanie i pokazywana by\u0142a\u00a0m. in. w Tokio, Nowym Jorku i Chicago. W sk\u0142ad ekspozycji, kt\u00f3r\u0105 zwiedzi\u0142a starachowicka grupa, wchodzi kilkadziesi\u0105t eksponat\u00f3w. Wspania\u0142a przewodniczka przedstawi\u0142a m. in. mechanicznego lwa, robota &#8211; \u017co\u0142nierza, wielki latawiec i machin\u0119 czasu. S\u0142uchacze UTW zapoznali si\u0119 z zasadami dzia\u0142ania mostu samono\u015bnego i miasta idealnego. Obejrzeli te\u017c reprodukcj\u0119 dzie\u0142a \u201eOstatnia Wieczerza\u201d i\u00a0poznali my\u015bli poszczeg\u00f3lnych jej uczestnik\u00f3w, tak jak je sobie wyobra\u017ca\u0142 Mistrz. Na pi\u0119trze Centrum mo\u017cna by\u0142o przeprowadza\u0107 eksperymenty fizyczne i chemiczne, uk\u0142ada\u0107 tangramy, zobaczy\u0107 kul\u0119 Tesli itp. <\/span><\/p>\n<p style=\"text-indent: 1.25cm; margin-bottom: 0cm; line-height: 150%;\" align=\"JUSTIFY\"><span style=\"font-family: Times New Roman,serif; font-size: medium;\">Kolejnym etapem wycieczki by\u0142 zesp\u00f3\u0142 pa\u0142acowo &#8211; parkowy Rezydencji Starost\u00f3w Ch\u0119ci\u0144skich, czyli\u00a0Dworek Branickich, po kt\u00f3rym oprowadza\u0142 niezwykle kompetentny cz\u0142owiek w stroju z epoki. Uczestnicy wycieczki zatopili si\u0119 w wydarzenia m. in. zwi\u0105zane z wypraw\u0105 Jana Sobieskiego na\u00a0Wiede\u0144, kt\u00f3rych\u00a0echo znajduje si\u0119 niedaleko dworku, a mianowicie \u0142uk triumfalny wzniesiony na\u00a0powitanie kr\u00f3la po zwyci\u0119skiej bitwie. W pobli\u017cu dworku znajduje si\u0119 tak\u017ce urokliwy barokowy ogr\u00f3d w stylu w\u0142oskim, kt\u00f3ry swoim pi\u0119knem zachwyci\u0142 zwiedzaj\u0105cych. <\/span><\/p>\n<p style=\"text-indent: 1.25cm; margin-bottom: 0cm; line-height: 150%;\" align=\"JUSTIFY\"><span style=\"font-family: Times New Roman,serif; font-size: medium;\">Dalszy etap wycieczki prowadzi\u0142 do zamku w Ch\u0119cinach. \u015awietny przewodnik w pi\u0119knie odrestaurowanym zamku przeni\u00f3s\u0142 zwiedzaj\u0105cych w odleg\u0142e czasy kr\u00f3l\u00f3w i ich bogactw. S\u0142uchacze UTW mogli pozna\u0107 jegomo\u015bcia wybijaj\u0105cego monety, zajmuj\u0105cego si\u0119 wyrobem zbroi, zapozna\u0107 si\u0119 z\u00a0\u201eurokami\u201d zakuwania w dyby. Ch\u0119tni mieli mo\u017cliwo\u015b\u0107 wej\u015bcia na baszt\u0119 i po pokonaniu 109\u00a0schod\u00f3w podziwia\u0107 pi\u0119kn\u0105 panoram\u0119. <\/span><\/p>\n<p style=\"margin-bottom: 0cm; line-height: 150%;\" align=\"JUSTIFY\"><span style=\"font-family: Times New Roman,serif; font-size: medium;\">W czasie wolnym mo\u017cna by\u0142o pozna\u0107 uroki pi\u0119knego miasteczka i jego regionalne potrawy. <\/span><\/p>\n<p style=\"text-indent: 1.25cm; margin-bottom: 0cm; line-height: 150%;\" align=\"JUSTIFY\"><span style=\"font-family: Times New Roman,serif; font-size: medium;\">Mimo wiatru i do\u015b\u0107 pochmurnej pogody wycieczka uda\u0142a si\u0119 znakomicie, nikt nie narzeka\u0142 na\u00a0kilometry \u201ew nogach\u201d. Wr\u0119cz przeciwnie. Zwiedzaj\u0105cy mieli niespo\u017cyte si\u0142y, wspania\u0142y humor i\u00a0ch\u0119ci do nast\u0119pnych w\u0119dr\u00f3wek. Nie do\u015b\u0107, \u017ce s\u0142uchacze starachowickiego UTW to osoby o wielu talentach, wspaniali arty\u015bci, m\u00f3wcy, znawcy mn\u00f3stwa temat\u00f3w, to jeszcze mo\u017cna \u201ezarazi\u0107 si\u0119\u201d od\u00a0nich optymizmem i tryska\u0107 energi\u0105 jeszcze przez d\u0142ugi czas!<\/span><\/p>\n<p style=\"text-indent: 1.25cm; margin-bottom: 0cm; line-height: 150%;\" align=\"JUSTIFY\"><span style=\"font-family: Times New Roman,serif; font-size: medium;\">\u00a0<\/span><\/p>\n<p style=\"text-indent: 1.25cm; margin-bottom: 0cm; line-height: 150%; text-align: right;\" align=\"JUSTIFY\"><span style=\"font-family: Times New Roman,serif;\"><strong><span style=\"font-size: medium;\">\u00a0\u00a0\u00a0\u00a0\u00a0\u00a0\u00a0\u00a0\u00a0\u00a0\u00a0\u00a0\u00a0\u00a0\u00a0\u00a0\u00a0\u00a0\u00a0\u00a0\u00a0\u00a0\u00a0\u00a0\u00a0\u00a0\u00a0\u00a0\u00a0\u00a0\u00a0\u00a0\u00a0\u00a0\u00a0\u00a0\u00a0\u00a0\u00a0\u00a0\u00a0\u00a0\u00a0\u00a0\u00a0\u00a0\u00a0\u00a0\u00a0\u00a0\u00a0\u00a0\u00a0\u00a0\u00a0\u00a0\u00a0\u00a0\u00a0\u00a0\u00a0\u00a0\u00a0\u00a0\u00a0\u00a0\u00a0\u00a0\u00a0\u00a0\u00a0\u00a0\u00a0\u00a0\u00a0\u00a0\u00a0\u00a0\u00a0\u00a0\u00a0\u00a0\u00a0\u00a0\u00a0\u00a0\u00a0\u00a0\u00a0\u00a0\u00a0\u00a0\u00a0\u00a0\u00a0\u00a0\u00a0\u00a0\u00a0\u00a0\u00a0\u00a0\u00a0\u00a0\u00a0\u00a0\u00a0\u00a0\u00a0\u00a0\u00a0\u00a0\u00a0\u00a0\u00a0\u00a0\u00a0\u00a0\u00a0\u00a0\u00a0\u00a0\u00a0\u00a0\u00a0\u00a0\u00a0\u00a0\u00a0\u00a0 \u00a0 \u00a0\u00a0\u00a0 Beata Kusiak (pra<\/span>c. FBP)<\/strong><\/span><\/p>\n<p style=\"text-indent: 1.25cm; margin-bottom: 0cm; line-height: 150%;\" align=\"JUSTIFY\"><span style=\"font-family: Times New Roman,serif;\"><strong>\u00a0<\/strong><\/span><\/p>\n<p style=\"text-indent: 1.25cm; margin-bottom: 0cm; line-height: 150%;\" align=\"JUSTIFY\"><span style=\"font-family: Times New Roman,serif;\"><strong>\u00a0<\/strong><\/span><\/p>\n<p style=\"text-indent: 1.25cm; margin-bottom: 0cm; line-height: 150%;\" align=\"JUSTIFY\"><span style=\"font-family: Times New Roman,serif;\"><strong>\u00a0<\/strong><\/span><\/p>\n<p style=\"text-indent: 1.25cm; margin-bottom: 0cm; line-height: 150%;\" align=\"JUSTIFY\"><span style=\"font-family: Times New Roman,serif;\"><strong>\u00a0<\/strong><\/span><\/p>\n<p style=\"margin-bottom: 0cm;\">\u00a0<\/p>\n","protected":false},"excerpt":{"rendered":"<p>\u00a0 \u00a0 \u00a0\u00a0\u00a0\u00a0\u00a0\u00a0\u00a0\u00a0\u00a0\u00a0\u00a0\u00a0\u00a0\u00a0\u00a0\u00a0\u00a0\u00a0\u00a0\u00a0\u00a0\u00a0\u00a0\u00a0\u00a0\u00a0\u00a0\u00a0\u00a0\u00a0 Wycieczka do Ch\u0119cin i Podzamcza Ch\u0119ci\u0144skiego \u00a0 Dnia 23.05 2015 r. s\u0142uchacze starachowickiego Uniwersytetu Trzeciego Wieku wzi\u0119li &hellip;<\/p>\n","protected":false},"author":3,"featured_media":0,"comment_status":"open","ping_status":"open","sticky":true,"template":"","format":"standard","meta":{"footnotes":""},"categories":[1],"tags":[],"_links":{"self":[{"href":"https:\/\/utwstarachowice.pl\/index.php?rest_route=\/wp\/v2\/posts\/44"}],"collection":[{"href":"https:\/\/utwstarachowice.pl\/index.php?rest_route=\/wp\/v2\/posts"}],"about":[{"href":"https:\/\/utwstarachowice.pl\/index.php?rest_route=\/wp\/v2\/types\/post"}],"author":[{"embeddable":true,"href":"https:\/\/utwstarachowice.pl\/index.php?rest_route=\/wp\/v2\/users\/3"}],"replies":[{"embeddable":true,"href":"https:\/\/utwstarachowice.pl\/index.php?rest_route=%2Fwp%2Fv2%2Fcomments&post=44"}],"version-history":[{"count":0,"href":"https:\/\/utwstarachowice.pl\/index.php?rest_route=\/wp\/v2\/posts\/44\/revisions"}],"wp:attachment":[{"href":"https:\/\/utwstarachowice.pl\/index.php?rest_route=%2Fwp%2Fv2%2Fmedia&parent=44"}],"wp:term":[{"taxonomy":"category","embeddable":true,"href":"https:\/\/utwstarachowice.pl\/index.php?rest_route=%2Fwp%2Fv2%2Fcategories&post=44"},{"taxonomy":"post_tag","embeddable":true,"href":"https:\/\/utwstarachowice.pl\/index.php?rest_route=%2Fwp%2Fv2%2Ftags&post=44"}],"curies":[{"name":"wp","href":"https:\/\/api.w.org\/{rel}","templated":true}]}}