{"id":439,"date":"2018-04-05T20:42:19","date_gmt":"2018-04-05T18:42:19","guid":{"rendered":"https:\/\/utwstarachowice.pl\/2018\/04\/05\/wyklad-w-kielcach\/"},"modified":"2018-04-05T20:42:19","modified_gmt":"2018-04-05T18:42:19","slug":"wyklad-w-kielcach","status":"publish","type":"post","link":"https:\/\/utwstarachowice.pl\/?p=439","title":{"rendered":"Wyk\u0142ad w Kielcach &#8230;&#8230;"},"content":{"rendered":"<p style=\"margin-bottom: 0cm;\"><span style=\"font-size: large; color: #0000ff;\">Wojew\u00f3dzka Biblioteka Pedagogiczna oraz Towarzystwo Literackie im. Adama Mickiewicza zapraszaj\u0105 na wyk\u0142ad: <\/span><span style=\"font-size: large;\"><span style=\"color: #0000ff;\">&#8222;<\/span><span style=\"color: #0000ff;\"><strong>Mi\u0119dzywojenna i emigracyjna liryka Marii Pawlikowskiej \u2013 <strong>J<\/strong><strong>asnorzewskiej\u201d. <\/strong><\/strong>Wyk\u0142ad wyg\u0142osi prof. dr hab. El\u017cbieta Hurnik 12.IV.2018. (czwartek) o godz. 13.00 w czytelni Wojew\u00f3dzkiej Biblioteki Pedagogicznej w Kielcach. Wyjazd ze Starachowic z nowego przystanku ko\u0142o galerii &#8222;Ska\u0142ka o godz. 11.00. Ch\u0119tni do udzia\u0142u w wyk\u0142adzie proszeni s\u0105 o zapisy w biurze UTW w poniedzia\u0142ek (9 kwietnia) lub \u015brod\u0119 (11 kwietnia) w godz. 10.00-12.00. Op\u0142ata 5,-z\u0142 od osoby.<\/span> <\/span><\/p>\n","protected":false},"excerpt":{"rendered":"<p>Wojew\u00f3dzka Biblioteka Pedagogiczna oraz Towarzystwo Literackie im. Adama Mickiewicza zapraszaj\u0105 na wyk\u0142ad: &#8222;Mi\u0119dzywojenna i emigracyjna liryka Marii Pawlikowskiej \u2013 Jasnorzewskiej\u201d. &hellip;<\/p>\n","protected":false},"author":3,"featured_media":0,"comment_status":"open","ping_status":"open","sticky":true,"template":"","format":"standard","meta":{"footnotes":""},"categories":[1],"tags":[],"_links":{"self":[{"href":"https:\/\/utwstarachowice.pl\/index.php?rest_route=\/wp\/v2\/posts\/439"}],"collection":[{"href":"https:\/\/utwstarachowice.pl\/index.php?rest_route=\/wp\/v2\/posts"}],"about":[{"href":"https:\/\/utwstarachowice.pl\/index.php?rest_route=\/wp\/v2\/types\/post"}],"author":[{"embeddable":true,"href":"https:\/\/utwstarachowice.pl\/index.php?rest_route=\/wp\/v2\/users\/3"}],"replies":[{"embeddable":true,"href":"https:\/\/utwstarachowice.pl\/index.php?rest_route=%2Fwp%2Fv2%2Fcomments&post=439"}],"version-history":[{"count":0,"href":"https:\/\/utwstarachowice.pl\/index.php?rest_route=\/wp\/v2\/posts\/439\/revisions"}],"wp:attachment":[{"href":"https:\/\/utwstarachowice.pl\/index.php?rest_route=%2Fwp%2Fv2%2Fmedia&parent=439"}],"wp:term":[{"taxonomy":"category","embeddable":true,"href":"https:\/\/utwstarachowice.pl\/index.php?rest_route=%2Fwp%2Fv2%2Fcategories&post=439"},{"taxonomy":"post_tag","embeddable":true,"href":"https:\/\/utwstarachowice.pl\/index.php?rest_route=%2Fwp%2Fv2%2Ftags&post=439"}],"curies":[{"name":"wp","href":"https:\/\/api.w.org\/{rel}","templated":true}]}}