{"id":432,"date":"2018-01-29T18:29:35","date_gmt":"2018-01-29T17:29:35","guid":{"rendered":"https:\/\/utwstarachowice.pl\/2018\/01\/29\/luty-2018r-komunikaty-dla-sluchaczy-utw\/"},"modified":"2018-01-29T18:29:35","modified_gmt":"2018-01-29T17:29:35","slug":"luty-2018r-komunikaty-dla-sluchaczy-utw","status":"publish","type":"post","link":"https:\/\/utwstarachowice.pl\/?p=432","title":{"rendered":"LUTY 2018r. &#8211; komunikaty dla s\u0142uchaczy UTW"},"content":{"rendered":"<p style=\"margin-left: 0.11cm; margin-right: 0.03cm; margin-bottom: 0cm;\" lang=\"hi-IN\" align=\"CENTER\"><span style=\"font-family: Arial, sans-serif; font-size: medium;\"><span style=\"text-decoration: underline;\"><strong>Komunikaty dla s\u0142uchaczy UTW &#8211; LUTY 2018r.<\/strong><\/span><\/span><\/p>\n<p style=\"margin-bottom: 0cm; line-height: 0.18cm;\"><span style=\"font-family: Arial, sans-serif; font-size: medium;\"><span lang=\"hi-IN\"><span style=\"text-decoration: underline;\"><strong>03-02-2018r. <\/strong><\/span><\/span><span lang=\"hi-IN\"><span style=\"text-decoration: underline;\">(sobota) <\/span><\/span><\/span><\/p>\n<p style=\"margin-bottom: 0cm; line-height: 0.18cm;\" lang=\"hi-IN\" align=\"JUSTIFY\"><span style=\"font-family: Arial, sans-serif; font-size: medium;\">Zarz\u0105d UTW organizuje w Sp\u00f3\u0142dzielni Mieszkaniowej (ul. Wojska Polskiego 9) w <\/span><\/p>\n<p style=\"margin-bottom: 0cm; line-height: 0.18cm;\" lang=\"hi-IN\" align=\"JUSTIFY\"><span style=\"font-family: Arial, sans-serif; font-size: medium;\">godz. 16.00 &#8211; 21.00 koszyczkow\u0105 zabaw\u0119 karnawa\u0142ow\u0105. Zapewniamy: zesp\u00f3\u0142<\/span><\/p>\n<p style=\"margin-bottom: 0cm; line-height: 0.18cm;\" lang=\"hi-IN\" align=\"JUSTIFY\"><span style=\"font-family: Arial, sans-serif; font-size: medium;\"> muzyczny, zastaw\u0119 sto\u0142ow\u0105, kaw\u0119, herbat\u0119, wod\u0119 mineraln\u0105, cz\u0119\u015bciow\u0105 obs\u0142ug\u0119<\/span><\/p>\n<p style=\"margin-bottom: 0cm; line-height: 0.18cm;\" lang=\"hi-IN\" align=\"JUSTIFY\"><span style=\"font-family: Arial, sans-serif; font-size: medium;\">.<span style=\"text-decoration: underline;\"><strong>05-02-2018r. <\/strong><\/span><span style=\"text-decoration: underline;\">(poniedzia\u0142ek)<\/span><\/span><\/p>\n<p style=\"margin-bottom: 0cm; line-height: 0.18cm;\" align=\"JUSTIFY\"><span style=\"font-family: Arial, sans-serif; font-size: medium;\"><span lang=\"hi-IN\">W Muzeum Przyrody i Techniki o godz. 10.00 odb\u0119d\u0105 si\u0119 warsztaty<\/span><\/span><\/p>\n<p style=\"margin-bottom: 0cm; line-height: 0.18cm;\" align=\"JUSTIFY\"><span style=\"font-family: Arial, sans-serif; font-size: medium;\">Decoupage,u. Zaj\u0119cia s\u0105 bezp\u0142atne. Ilo\u015b\u0107 miejsc ograniczona do 25 os\u00f3b.<\/span><\/p>\n<p style=\"margin-bottom: 0cm; line-height: 0.18cm;\" lang=\"hi-IN\" align=\"JUSTIFY\"><span style=\"font-family: Arial, sans-serif; font-size: medium;\"><span style=\"text-decoration: underline;\"><strong>05\u201302-2018r. <\/strong><\/span><span style=\"text-decoration: underline;\">(poniedzia\u0142ek). <\/span> <\/span><\/p>\n<p style=\"margin-bottom: 0cm; line-height: 0.18cm;\" lang=\"hi-IN\" align=\"JUSTIFY\"><span style=\"font-family: Arial, sans-serif; font-size: medium;\">Sekcja Edukacji Obywatelskiej zaprasza wszystkich ch\u0119tnych na spotkanie z<\/span><\/p>\n<p style=\"margin-bottom: 0cm; line-height: 0.18cm;\" lang=\"hi-IN\" align=\"JUSTIFY\"><span style=\"font-family: Arial, sans-serif; font-size: medium;\"> Adamem Brzezi\u0144skim \u2013 Prezesem Towarzystwa Przyjaci\u00f3\u0142 Starachowic, kt\u00f3re<\/span><\/p>\n<p style=\"margin-bottom: 0cm; line-height: 0.18cm;\" lang=\"hi-IN\" align=\"JUSTIFY\"><span style=\"font-family: Arial, sans-serif; font-size: medium;\"> odb\u0119dzie si\u0119 w sali ZDZ-u (ul. Wojska Polskiego) o godz.13.00. <\/span><\/p>\n<p style=\"margin-bottom: 0cm; line-height: 0.18cm;\" lang=\"hi-IN\" align=\"JUSTIFY\"><span style=\"font-family: Arial, sans-serif; font-size: medium;\"><span style=\"text-decoration: underline;\"><strong>06-02-2018 r. <\/strong>(wtorek)<\/span><\/span><\/p>\n<p style=\"margin-bottom: 0cm; line-height: 0.18cm;\" lang=\"hi-IN\" align=\"JUSTIFY\"><span style=\"font-family: Arial, sans-serif; font-size: medium;\">Wyk\u0142ad M. Serwickiej pt.: \u201eZmiany w japo\u0144skim modelu rodziny od okresu EDO<\/span><\/p>\n<p style=\"margin-bottom: 0cm; line-height: 0.18cm;\" lang=\"hi-IN\" align=\"JUSTIFY\"><span style=\"font-family: Arial, sans-serif; font-size: medium;\"> po czasy wsp\u00f3\u0142czesne\u201d, kt\u00f3ry odb\u0119dzie si\u0119 w w galerii \u201eSka\u0142ka\u201d w DDP \u201e Senior-<\/span><\/p>\n<p style=\"margin-bottom: 0cm; line-height: 0.18cm;\" lang=\"hi-IN\" align=\"JUSTIFY\"><span style=\"font-family: Arial, sans-serif; font-size: medium;\">Wigor\u201d o godz. 16.30. <\/span><\/p>\n<p style=\"margin-bottom: 0cm; line-height: 0.18cm;\" lang=\"hi-IN\" align=\"JUSTIFY\"><span style=\"font-family: Arial, sans-serif; font-size: medium;\"><span style=\"text-decoration: underline;\"><strong>07-02-2018 r. <\/strong>(\u015broda)<\/span><\/span><\/p>\n<p style=\"margin-bottom: 0cm; line-height: 0.18cm;\" lang=\"hi-IN\" align=\"JUSTIFY\"><span style=\"font-family: Arial, sans-serif; font-size: medium;\">Spacer szlakiem kolejki le\u015bnej do \u015bcie\u017cki dydaktycznej wy\u017cyny jod\u0142owej B\u00f3r<\/span><\/p>\n<p style=\"margin-bottom: 0cm; line-height: 0.18cm;\" lang=\"hi-IN\" align=\"JUSTIFY\"><span style=\"font-family: Arial, sans-serif; font-size: medium;\"> Mieszawy. Zbi\u00f3rka o godz. 10.00 na ul. Kopalnianej na przystanku dawnej \u201eAgatki\u201d.<\/span><\/p>\n<p style=\"margin-bottom: 0cm; line-height: 0.18cm;\" lang=\"hi-IN\"><span style=\"font-family: Arial, sans-serif; font-size: medium;\"><span style=\"text-decoration: underline;\"><strong>10-02-2018r. <\/strong>(sobota)<\/span><\/span><\/p>\n<p style=\"margin-bottom: 0cm; line-height: 0.18cm;\" lang=\"hi-IN\" align=\"JUSTIFY\"><span style=\"font-family: Arial, sans-serif; font-size: medium;\">Spacer od MZK (Bugaj) do kopalni \u201e\u015aw. Jacka\u201d, dalej szlakiem czerwonym na<\/span><\/p>\n<p style=\"margin-bottom: 0cm; line-height: 0.18cm;\" lang=\"hi-IN\" align=\"JUSTIFY\"><span style=\"font-family: Arial, sans-serif; font-size: medium;\"> \u201eZar\u017cni\u0119t\u0105 G\u00f3r\u0119\u201d i powr\u00f3t przez Or\u0142owo, 1 Maja do Parku Miejskiego. Zbi\u00f3rka o godz.<\/span><\/p>\n<p style=\"margin-bottom: 0cm; line-height: 0.18cm;\" lang=\"hi-IN\" align=\"JUSTIFY\"><span style=\"font-family: Arial, sans-serif; font-size: medium;\"> 10.00 przy MZK (Bugaj).<\/span><\/p>\n<p style=\"margin-bottom: 0cm; line-height: 0.18cm;\" lang=\"hi-IN\" align=\"JUSTIFY\"><span style=\"font-family: Arial, sans-serif; font-size: medium;\"><span style=\"text-decoration: underline;\"><strong>21-02-2018 r. <\/strong>(\u015broda)<\/span><\/span><\/p>\n<p style=\"margin-bottom: 0cm; line-height: 0.18cm;\" align=\"JUSTIFY\"><span style=\"font-size: medium;\"><strong><span style=\"font-family: Arial, sans-serif;\">Zarz\u0105d\u00a0 UTW w Starachowicach organizuje 21.02.2018r. (ferie szkolne w woj.<\/span><\/strong><\/span><\/p>\n<p style=\"margin-bottom: 0cm; line-height: 0.18cm;\" align=\"JUSTIFY\"><span style=\"font-size: medium;\"><strong><span style=\"font-family: Arial, sans-serif;\"> \u015bwi\u0119tokrz.) wycieczk\u0119 do \u0141odzi dla bab\u0107\/dziadk\u00f3w z wnukami (od 5 lat wzwy\u017c).<\/span><\/strong><\/span><\/p>\n<p lang=\"pl-PL\" align=\"JUSTIFY\"><span style=\"color: #000000; font-size: medium;\"><span style=\"font-family: Times New Roman, serif;\"><strong><span style=\"font-family: Arial, sans-serif;\"><span style=\"text-decoration: underline;\">Program wycieczki : <\/span><\/span><\/strong><span style=\"font-family: Arial, sans-serif;\">Wyjazd\u00a0 ze\u00a0 Starachowic o godz. 7<\/span><sup><span style=\"font-family: Arial, sans-serif;\">30<\/span><\/sup><span style=\"font-family: Arial, sans-serif;\"> (przystanek MZK przy Galerii \u201eSka\u0142ka\u201d, zwiedzanie Muzeum Animacji \u201eSemafor\u201dw \u0141odzi po\u0142\u0105czone z warsztatami (samodzielne wykonywanie filmu), zwiedzanie Centrum Nauki i Techniki EC-1, udzia\u0142 w projekcji filmu kina sferycznego. Wyjazd z \u0141odzi ok. godz. 18.00, przyjazd do Starachowic ok. godz. 21.00. <\/span><\/span><\/span><\/p>\n<p lang=\"pl-PL\" align=\"JUSTIFY\"><span style=\"color: #000000; font-size: medium;\"><span style=\"font-family: Times New Roman, serif;\"><strong><span style=\"font-family: Arial, sans-serif;\"><span style=\"text-decoration: underline;\">Koszt wycieczki<\/span><\/span><\/strong><strong><span style=\"font-family: Arial, sans-serif;\"> &#8211; 85.- z\u0142\/osoby. W cenie: <\/span><\/strong><span style=\"font-family: Arial, sans-serif;\">przejazd, bilet do Muzeum Animacji \u201eSemafor\u201d, bilet do Centrum Nauki i Techniki, bilet do kina, ubezpieczenie.<\/span><\/span><\/span><\/p>\n<p lang=\"pl-PL\" align=\"JUSTIFY\"><span style=\"color: #000000; font-size: medium;\"><span style=\"font-family: Times New Roman, serif;\"><strong><span style=\"font-family: Arial, sans-serif;\"><span style=\"text-decoration: underline;\">Zapisy do 14.02.2018 r. <\/span><\/span><\/strong><span style=\"font-family: Arial, sans-serif;\">w biurze UTW w czasie dy\u017cur\u00f3w (poniedzia\u0142ki, \u015brody, pi\u0105tki 10.00-12.00). Ze wzgl\u0119du na ograniczon\u0105 ilo\u015b\u0107 miejsc (ilo\u015b\u0107 miejsc w kinie 44) termin zapis\u00f3w mo\u017ce zosta\u0107 zako\u0144czony przed w\/w terminem,\u00a0z chwil\u0105 wyczerpania miejsc.\u00a0 <\/span><span style=\"font-family: Arial, sans-serif;\"><span style=\"text-decoration: underline;\">Nr miejsca w autokarze odpowiada numerowi na li\u015bcie wp\u0142aty za wycieczk\u0119. <\/span><\/span><span style=\"font-family: Arial, sans-serif;\">Prosimy o zaopatrzenie si\u0119 w prowiant. <\/span><\/span><\/span><\/p>\n<p style=\"margin-bottom: 0cm; line-height: 0.18cm;\" lang=\"hi-IN\" align=\"JUSTIFY\"><span style=\"font-family: Arial, sans-serif; font-size: medium;\"><span style=\"text-decoration: underline;\"><strong>26-02-2018 r. <\/strong>(poniedzia\u0142ek) <\/span><\/span><\/p>\n<p style=\"margin-bottom: 0cm; line-height: 0.18cm;\" lang=\"hi-IN\" align=\"JUSTIFY\"><span style=\"font-family: Arial, sans-serif; font-size: medium;\">Spotkanie sekcji przyrodniczej w Muzeum Przyrody i Techniki o godz.10.15.<\/span><\/p>\n<p style=\"margin-bottom: 0cm; line-height: 0.18cm;\" lang=\"hi-IN\" align=\"JUSTIFY\"><span style=\"font-family: Arial, sans-serif; font-size: medium;\"><span style=\"text-decoration: underline;\"><strong>26-02-2018 r. <\/strong>(poniedzia\u0142ek)<\/span><\/span><\/p>\n<p style=\"margin-bottom: 0cm; line-height: 0.18cm; text-align: justify;\" lang=\"hi-IN\" align=\"JUSTIFY\"><span style=\"font-family: Arial, sans-serif; font-size: medium;\">Sekcja Edukacji Obywatelskiej zapraszana wszystkich ch\u0119tnych na spotkanie z<\/span><\/p>\n<p style=\"margin-bottom: 0cm; line-height: 0.18cm; text-align: justify;\" lang=\"hi-IN\" align=\"JUSTIFY\"><span style=\"font-family: Arial, sans-serif; font-size: medium;\"> Naczelnikiem Urz\u0119du Skarbowego w Starachowicach nt.: \u201dUlgi i odliczenia w PIT za<\/span><\/p>\n<p style=\"margin-bottom: 0cm; line-height: 0.18cm; text-align: justify;\" lang=\"hi-IN\" align=\"JUSTIFY\"><span style=\"font-family: Arial, sans-serif; font-size: medium;\"> 2017r. dla senior\u00f3w\u201d, kt\u00f3re odb\u0119dzie si\u0119 w sali ZDZ-u (ul. Wojska Polskiego) o<\/span><\/p>\n<p style=\"margin-bottom: 0cm; line-height: 0.18cm; text-align: justify;\" lang=\"hi-IN\" align=\"JUSTIFY\"><span style=\"font-family: Arial, sans-serif; font-size: medium;\"> godz.13.00. <\/span><\/p>\n<p style=\"line-height: 0.18cm;\" align=\"CENTER\"><span style=\"font-size: medium;\"><span style=\"font-family: Arial, sans-serif;\"><span lang=\"hi-IN\"><span style=\"text-decoration: underline;\"><strong>UWAGA !!!!!<\/strong><\/span><\/span><\/span><\/span><\/p>\n<p><span style=\"font-family: Arial, sans-serif; font-size: medium;\"><strong>\u00a0\u00a0\u00a0 \u00a0 Ferie zimowe s\u0105 w terminie: 12-25.02.2018r. W tym czasie zaj\u0119\u0107 nie<\/strong><\/span><br \/><span style=\"font-family: Arial, sans-serif; font-size: medium;\"><strong> b\u0119dzie.Dy\u017cury w biurze UTW b\u0119d\u0105 bez zmian do 19.02.2018r. W\u0142\u0105cznie. 21.02<\/strong><\/span><br \/><span style=\"font-family: Arial, sans-serif; font-size: medium;\"><strong> 2018(\u015broda) i 23.02.2018r. (pi\u0105tek) dy\u017cur\u00f3w nie b\u0119dzie.<\/strong><\/span><br \/><span style=\"font-size: medium;\"><span style=\"font-family: Arial, sans-serif;\"><strong>\u00a0\u00a0\u00a0\u00a0\u00a0 Informacji dotycz\u0105cych wyjazdu na baseny siarczkowe w Solcu w lutym<\/strong><\/span><\/span><br \/><span style=\"font-size: medium;\"><span style=\"font-family: Arial, sans-serif;\"><strong> udziela Halina Sidor we wtorki w kawiarence internetowej w galerii\u201dSka\u0142ka w <\/strong><\/span><\/span><br \/><span style=\"font-size: medium;\"><span style=\"font-family: Arial, sans-serif;\"><strong>godz. 12.00-14.00. <\/strong><\/span><\/span><br \/><span style=\"font-family: Arial, sans-serif; font-size: medium;\"><strong>\u00a0\u00a0\u00a0\u00a0\u00a0 Zapisy i wp\u0142aty na marcowy koncery 10 tenor\u00f3w w Radomiu Halina Sidor<\/strong><\/span><br \/><span style=\"font-family: Arial, sans-serif; font-size: medium;\"><strong> przyjmuje do 20lutego 2018 r. we wtorki w kawiarence internetowej w<\/strong><\/span><br \/><span style=\"font-family: Arial, sans-serif; font-size: medium;\"><strong> galerii\u201dSka\u0142ka w godz. 12.00-14.00. <\/strong><\/span><br \/><span style=\"font-family: Arial, sans-serif; font-size: medium;\"><strong>\u00a0\u00a0\u00a0\u00a0 Spotkanie sekcji przyrodniczej w lutym wyj\u0105tkowo odb\u0119dzie si\u0119 nie w drugi, <\/strong><\/span><span style=\"font-family: Arial, sans-serif; font-size: medium;\"><strong>a w pierwszy poniedzia\u0142ek miesi\u0105ca (05.02.2018r.) w galerii \u201eSka\u0142ka\u201d w DDP<\/strong><\/span><span style=\"font-family: Arial, sans-serif; font-size: medium;\"><strong>\u201eSenior-Wigor\u201d o godz. 16.15.<\/strong><\/span><\/p>\n","protected":false},"excerpt":{"rendered":"<p>Komunikaty dla s\u0142uchaczy UTW &#8211; LUTY 2018r. 03-02-2018r. (sobota) Zarz\u0105d UTW organizuje w Sp\u00f3\u0142dzielni Mieszkaniowej (ul. Wojska Polskiego 9) w &hellip;<\/p>\n","protected":false},"author":3,"featured_media":0,"comment_status":"open","ping_status":"open","sticky":true,"template":"","format":"standard","meta":{"footnotes":""},"categories":[1],"tags":[],"_links":{"self":[{"href":"https:\/\/utwstarachowice.pl\/index.php?rest_route=\/wp\/v2\/posts\/432"}],"collection":[{"href":"https:\/\/utwstarachowice.pl\/index.php?rest_route=\/wp\/v2\/posts"}],"about":[{"href":"https:\/\/utwstarachowice.pl\/index.php?rest_route=\/wp\/v2\/types\/post"}],"author":[{"embeddable":true,"href":"https:\/\/utwstarachowice.pl\/index.php?rest_route=\/wp\/v2\/users\/3"}],"replies":[{"embeddable":true,"href":"https:\/\/utwstarachowice.pl\/index.php?rest_route=%2Fwp%2Fv2%2Fcomments&post=432"}],"version-history":[{"count":0,"href":"https:\/\/utwstarachowice.pl\/index.php?rest_route=\/wp\/v2\/posts\/432\/revisions"}],"wp:attachment":[{"href":"https:\/\/utwstarachowice.pl\/index.php?rest_route=%2Fwp%2Fv2%2Fmedia&parent=432"}],"wp:term":[{"taxonomy":"category","embeddable":true,"href":"https:\/\/utwstarachowice.pl\/index.php?rest_route=%2Fwp%2Fv2%2Fcategories&post=432"},{"taxonomy":"post_tag","embeddable":true,"href":"https:\/\/utwstarachowice.pl\/index.php?rest_route=%2Fwp%2Fv2%2Ftags&post=432"}],"curies":[{"name":"wp","href":"https:\/\/api.w.org\/{rel}","templated":true}]}}