{"id":4304,"date":"2024-08-23T18:05:18","date_gmt":"2024-08-23T16:05:18","guid":{"rendered":"https:\/\/utwstarachowice.pl\/?p=4304"},"modified":"2024-08-23T18:05:18","modified_gmt":"2024-08-23T16:05:18","slug":"zadanie-publiczne-poklon-sie-ziemi-swietokrzyskiej-ciag-dalszy-wycieczka","status":"publish","type":"post","link":"https:\/\/utwstarachowice.pl\/?p=4304","title":{"rendered":"Zadanie publiczne&#8221; Pok\u0142o\u0144 si\u0119 Ziemi \u015awi\u0119tokrzyskiej-ci\u0105g dalszy.WYCIECZKA"},"content":{"rendered":"\n<p>Program<\/p>\n\n\n\n<p>zadania publicznego pt; \u201ePok\u0142o\u0144 si\u0119 Ziemi \u015awi\u0119tokrzyskiej \u2013 ci\u0105g dalszy\u201d<\/p>\n\n\n\n<p>realizowanego przez Uniwersytet Trzeciego Wieku w Starachowicach w dniu 1<\/p>\n\n\n\n<p>wrzesie\u0144 2024 r. wsp\u00f3\u0142finansowanego na podstawie umowy nr 94\/W\/2024 z dnia<\/p>\n\n\n\n<p>13 czerwca 2024 r. przez Gmin\u0119 Starachowice.<\/p>\n\n\n\n<p>1. <a><\/a>Zbi\u00f3rka uczestnik\u00f3w w\/w wycieczki \u2013 przystanek k. Galerii \u201eSKA\u0141KA\u201d godz.<\/p>\n\n\n\n<p>7:20 wyjazd godz. 7:30<\/p>\n\n\n\n<p>2. Kr\u00f3tkie spotkanie z d\u0119bem \u201eBartkiem\u201d &#8211; szczeg\u00f3lny Pomnik Przyrody w<\/p>\n\n\n\n<p>naszym wojew\u00f3dztwie.<\/p>\n\n\n\n<p>3. Przejazd do miejscowo\u015bci Ku\u017aniaki ok. godz. 9:00, podej\u015bcie na G\u00f3r\u0119<\/p>\n\n\n\n<p>Perzow\u0105 (395 m. n. p. m.) w Pa\u015bmie Obl\u0119gorskim \u2013 szlak czerwony.<\/p>\n\n\n\n<p>Zwiedzanie G\u00f3ry Perzowej oraz kaplicy \u015aw. Rozalii. Czas na odpoczynek i<\/p>\n\n\n\n<p>histori\u0119 o \u015bwi\u0119tej Rozalii.<\/p>\n\n\n\n<p>4. Podej\u015bcie na platform\u0119 widokow\u0105 na G\u00f3r\u0119 Sieniawsk\u0105 (449 m. n. p. m.),<\/p>\n\n\n\n<p>gdzie znajduje si\u0119 nowoczesna \u015bcie\u017cka dydaktyczno-przyrodnicza.<\/p>\n\n\n\n<p>5. Przejazd do Kielc &#8211; zwiedzanie Ogrodu Botanicznego<\/p>\n\n\n\n<p>6. Ok. godz. 14:00 przyjazd do \u015awi\u0119tej Katarzyny &#8211; na posi\u0142ek w O\u015brodku<\/p>\n\n\n\n<p>Wypoczynkowym \u201eJode\u0142ka\u201d.<\/p>\n\n\n\n<p>7. Przejazd do Ciekot ok. godz. 15:00, udzia\u0142 w uroczystych Imieninach<\/p>\n\n\n\n<p>Stefana \u017beromskiego z udzia\u0142em Mistrz\u00f3w Mowy Polskiej jak: prof.<\/p>\n\n\n\n<p>Boles\u0142aw Faraon \u2013 prowadzenie, Henryk Talar, interpretacja poezji m\u0142odego<\/p>\n\n\n\n<p>Stefana \u017beromskiego, Mateusz Adamczyk przeczyta fragmenty<\/p>\n\n\n\n<p>\u201eDziennik\u00f3w\u201d a Karolina Lewicka i Halina Fr\u0105ckowiak \u2013 przeczytaj\u0105<\/p>\n\n\n\n<p>fragmenty list\u00f3w mi\u0142osnych Oktawii do m\u0119\u017ca Stefana.<\/p>\n\n\n\n<p>8. Powr\u00f3t do Starachowic ok. godz. 18:00<\/p>\n\n\n\n<p><\/p>\n","protected":false},"excerpt":{"rendered":"<p>Program zadania publicznego pt; \u201ePok\u0142o\u0144 si\u0119 Ziemi \u015awi\u0119tokrzyskiej \u2013 ci\u0105g dalszy\u201d realizowanego przez Uniwersytet Trzeciego Wieku w Starachowicach w dniu &hellip;<\/p>\n","protected":false},"author":3,"featured_media":0,"comment_status":"open","ping_status":"open","sticky":true,"template":"","format":"standard","meta":{"footnotes":""},"categories":[2],"tags":[],"_links":{"self":[{"href":"https:\/\/utwstarachowice.pl\/index.php?rest_route=\/wp\/v2\/posts\/4304"}],"collection":[{"href":"https:\/\/utwstarachowice.pl\/index.php?rest_route=\/wp\/v2\/posts"}],"about":[{"href":"https:\/\/utwstarachowice.pl\/index.php?rest_route=\/wp\/v2\/types\/post"}],"author":[{"embeddable":true,"href":"https:\/\/utwstarachowice.pl\/index.php?rest_route=\/wp\/v2\/users\/3"}],"replies":[{"embeddable":true,"href":"https:\/\/utwstarachowice.pl\/index.php?rest_route=%2Fwp%2Fv2%2Fcomments&post=4304"}],"version-history":[{"count":1,"href":"https:\/\/utwstarachowice.pl\/index.php?rest_route=\/wp\/v2\/posts\/4304\/revisions"}],"predecessor-version":[{"id":4305,"href":"https:\/\/utwstarachowice.pl\/index.php?rest_route=\/wp\/v2\/posts\/4304\/revisions\/4305"}],"wp:attachment":[{"href":"https:\/\/utwstarachowice.pl\/index.php?rest_route=%2Fwp%2Fv2%2Fmedia&parent=4304"}],"wp:term":[{"taxonomy":"category","embeddable":true,"href":"https:\/\/utwstarachowice.pl\/index.php?rest_route=%2Fwp%2Fv2%2Fcategories&post=4304"},{"taxonomy":"post_tag","embeddable":true,"href":"https:\/\/utwstarachowice.pl\/index.php?rest_route=%2Fwp%2Fv2%2Ftags&post=4304"}],"curies":[{"name":"wp","href":"https:\/\/api.w.org\/{rel}","templated":true}]}}