{"id":43,"date":"2015-05-28T20:41:26","date_gmt":"2015-05-28T18:41:26","guid":{"rendered":"https:\/\/utwstarachowice.pl\/2015\/05\/28\/zaproszenia\/"},"modified":"2015-05-28T20:41:26","modified_gmt":"2015-05-28T18:41:26","slug":"zaproszenia","status":"publish","type":"post","link":"https:\/\/utwstarachowice.pl\/?p=43","title":{"rendered":"Zaproszenia"},"content":{"rendered":"<p>\u00a0<\/p>\n<p>\u00a0<\/p>\n<p style=\"margin-bottom: 0cm;\" align=\"CENTER\"><span style=\"font-size: xx-large;\"><strong>Zaproszenia:<\/strong><\/span><\/p>\n<p style=\"margin-bottom: 0cm;\" align=\"CENTER\"><span style=\"font-size: xx-large;\"><strong>\u00a0<\/strong><\/span><\/p>\n<p style=\"margin-bottom: 0cm;\" align=\"CENTER\">\u00a0<\/p>\n<p style=\"margin-bottom: 0cm;\"><span style=\"font-size: x-large;\"><strong>29 maja (pi\u0105tek) g. 16.00 \u2013 <\/strong><\/span><span style=\"font-size: x-large;\"><strong>zako\u0144czenie roku akad. UTW w Skar\u017cysku Kam. w MCK na ul. S\u0142owackiego 25.<\/strong><\/span><\/p>\n<p style=\"margin-bottom: 0cm;\"><span style=\"font-size: x-large;\"><strong>29 maja g. 18.00 \u2013 <\/strong><\/span><span style=\"font-size: x-large;\"><strong>spotkanie z dr Alicj\u0105 Rafalsk\u0105 \u2013 \u0141asocha wyk. UJ \u2013 wyk\u0142ad i promocja ksi\u0105\u017cki \u201eWielcy Polacy z Wile\u0144szczyzny i kres\u00f3w p\u00f3\u0142nocno-wschodnich\u201d w Hotelu Senator.<\/strong><\/span><\/p>\n<p style=\"margin-bottom: 0cm;\"><span style=\"font-size: x-large;\"><strong>29 maja g. 19.00 \u2013 <\/strong><\/span><span style=\"font-size: x-large;\"><strong>czytelnia MBP ul. Kochanowskiego 5 \u2013 XXXV Kresowe G\u0142o\u015bne Czytanie Noc\u0105 pt. \u201eTylko we Lwowie\u201d<\/strong><\/span><span style=\"font-size: x-large;\"><strong>.<\/strong><\/span><\/p>\n<p style=\"margin-bottom: 0cm;\"><span style=\"font-size: x-large;\"><strong>6 VI (sobota) <\/strong><\/span><span style=\"font-size: x-large;\"><strong>\u2013 IV Og\u00f3lnopolski Rajd Senior\u00f3w <\/strong><\/span><span style=\"font-size: x-large;\"><strong>org. przez \u015awi\u0119tokrzyski UTW (szczeg\u00f3\u0142y w za\u0142\u0105czniku)<\/strong><\/span><\/p>\n<p style=\"margin-bottom: 0cm;\"><span style=\"font-size: x-large;\"><strong>22 VI<\/strong><\/span><span style=\"font-size: x-large;\"> (<\/span><span style=\"font-size: x-large;\"><strong>poniedz.)<\/strong><\/span><span style=\"font-size: x-large;\"><strong>godz. 14.00 w WSEPiNM na ul. Jagiello\u0144skiej 90 \u2013 30-lecie \u015aUTW w Kielcach (program w za\u0142\u0105czniku)<\/strong><\/span><\/p>\n<p style=\"margin-bottom: 0cm;\"><span style=\"font-size: x-large;\"><strong>\u00a0<\/strong><\/span><\/p>\n<p style=\"margin-bottom: 0cm;\"><span style=\"font-size: x-large;\"><strong>\u00a0<\/strong><\/span><\/p>\n","protected":false},"excerpt":{"rendered":"<p>\u00a0 \u00a0 Zaproszenia: \u00a0 \u00a0 29 maja (pi\u0105tek) g. 16.00 \u2013 zako\u0144czenie roku akad. UTW w Skar\u017cysku Kam. w MCK &hellip;<\/p>\n","protected":false},"author":3,"featured_media":0,"comment_status":"open","ping_status":"open","sticky":true,"template":"","format":"standard","meta":{"footnotes":""},"categories":[1],"tags":[],"_links":{"self":[{"href":"https:\/\/utwstarachowice.pl\/index.php?rest_route=\/wp\/v2\/posts\/43"}],"collection":[{"href":"https:\/\/utwstarachowice.pl\/index.php?rest_route=\/wp\/v2\/posts"}],"about":[{"href":"https:\/\/utwstarachowice.pl\/index.php?rest_route=\/wp\/v2\/types\/post"}],"author":[{"embeddable":true,"href":"https:\/\/utwstarachowice.pl\/index.php?rest_route=\/wp\/v2\/users\/3"}],"replies":[{"embeddable":true,"href":"https:\/\/utwstarachowice.pl\/index.php?rest_route=%2Fwp%2Fv2%2Fcomments&post=43"}],"version-history":[{"count":0,"href":"https:\/\/utwstarachowice.pl\/index.php?rest_route=\/wp\/v2\/posts\/43\/revisions"}],"wp:attachment":[{"href":"https:\/\/utwstarachowice.pl\/index.php?rest_route=%2Fwp%2Fv2%2Fmedia&parent=43"}],"wp:term":[{"taxonomy":"category","embeddable":true,"href":"https:\/\/utwstarachowice.pl\/index.php?rest_route=%2Fwp%2Fv2%2Fcategories&post=43"},{"taxonomy":"post_tag","embeddable":true,"href":"https:\/\/utwstarachowice.pl\/index.php?rest_route=%2Fwp%2Fv2%2Ftags&post=43"}],"curies":[{"name":"wp","href":"https:\/\/api.w.org\/{rel}","templated":true}]}}