{"id":4299,"date":"2024-08-23T18:00:46","date_gmt":"2024-08-23T16:00:46","guid":{"rendered":"https:\/\/utwstarachowice.pl\/?p=4299"},"modified":"2024-08-23T18:00:46","modified_gmt":"2024-08-23T16:00:46","slug":"projekt-congen-porozmawiajmy-o-europie","status":"publish","type":"post","link":"https:\/\/utwstarachowice.pl\/?p=4299","title":{"rendered":"Projekt CONGEN-Porozmawiajmy o Europie"},"content":{"rendered":"\n<p>W dniu 20.08.2024 r. grupa s\u0142uchaczy UTW w Starachowicach i cz\u0142onkowie M\u0142odzie\u017cowej<\/p>\n\n\n\n<p>Rady Miasta Starachowice uczestniczyli w spotkaniu, kt\u00f3re odby\u0142o si\u0119 w Centrum Kreatywno\u015bci<\/p>\n\n\n\n<p>\u201ePa\u0142acyk\u201d w Starachowicach w ramach projektu CONGEN \u201ePorozmawiajmy o Europie\u201d, kt\u00f3rego<\/p>\n\n\n\n<p>priorytetem jest w\u0142\u0105czenie senior\u00f3w w dzia\u0142ania z m\u0142odzie\u017c\u0105 celem wzajemnego dzielenia si\u0119<\/p>\n\n\n\n<p>opiniami i pobudzenie zainteresowania obu grup spo\u0142ecznych tematami Unii Europejskiej.<\/p>\n\n\n\n<p><a><\/a>Tematem spotkania: Parlament Europejski, Rada Europejska, Komisja Europejska &#8211; zrozumie\u0107<\/p>\n\n\n\n<p>instytucje. Prelegentem by\u0142 europose\u0142 Adam Jarubas, kt\u00f3ry uczestniczy w trzech Komisjach. Dla<\/p>\n\n\n\n<p>Polski bardzo wa\u017cne programy to: zielony \u0142ad oraz obronno\u015b\u0107.<\/p>\n\n\n\n<p>Mandaty do Unii Europejskiej s\u0105 przydzielane na podstawie liczby ludno\u015bci poszczeg\u00f3lnych<\/p>\n\n\n\n<p>pa\u0144stw cz\u0142onkowskich. Ponad jedn\u0105 trzeci\u0105 pos\u0142\u00f3w do PE stanowi\u0105 kobiety. Pos\u0142owie s\u0105<\/p>\n\n\n\n<p>podzieleni wed\u0142ug pogl\u0105d\u00f3w politycznych, a nie przynale\u017cno\u015bci pa\u0144stwowej. Pos\u0142owie do<\/p>\n\n\n\n<p>Parlamentu Europejskiego podr\u00f3\u017cuj\u0105 s\u0142u\u017cbowo mi\u0119dzy swoimi okr\u0119gami wyborczymi,<\/p>\n\n\n\n<p>Strasburgiem \u2015 gdzie odbywa si\u0119 12 posiedze\u0144 plenarnych w roku \u2015 a Bruksel\u0105, gdzie<\/p>\n\n\n\n<p>uczestnicz\u0105 w dodatkowych obradach plenarnych, a tak\u017ce w spotkaniach komisji<\/p>\n\n\n\n<p>parlamentarnych i grup politycznych.<\/p>\n\n\n\n<p>Rada Europy wyznacza kierunek i priorytety dzia\u0142a\u0144 politycznych UE. Nie stanowi prawa EU.<\/p>\n\n\n\n<p>Rada Unii Europejskiej to: przewodnicz\u0105cy lub przewodnicz\u0105ca pa\u0144stw UE, przewodnicz\u0105cy lub<\/p>\n\n\n\n<p>przewodnicz\u0105ca Rady Europejskiej i przewodnicz\u0105cy lub przewodnicz\u0105ca Komisji Europejskiej.<\/p>\n\n\n\n<p>Komisja Europejska pomaga kszta\u0142towa\u0107 og\u00f3ln\u0105 strategi\u0119 UE, proponuje nowe akty prawne i<\/p>\n\n\n\n<p>kierunki polityki UE, monitoruje ich wdra\u017canie i zarz\u0105dza unijnym bud\u017cetem. Odgrywa r\u00f3wnie\u017c<\/p>\n\n\n\n<p>znacz\u0105c\u0105 rol\u0119 we wspieraniu rozwoju mi\u0119dzynarodowego i dostarczaniu pomocy rozwojowej.<\/p>\n\n\n\n<p>Jest organem wykonawczym Unii Europejskiej. Pracami Komisji (jest 24) kieruje kolegium, kt\u00f3re<\/p>\n\n\n\n<p>liczy 27 komisarzy i na kt\u00f3rego czele stoi przewodnicz\u0105cy Komisji. Komisarze odpowiadaj\u0105 za<\/p>\n\n\n\n<p>konkretne priorytety polityczne wyznaczone przez przewodnicz\u0105cego Komisji.<\/p>\n\n\n\n<p>Na pocz\u0105tek i na zako\u0144czenie spotkania uczestnicy wype\u0142nili ankiety online oraz czynnie<\/p>\n\n\n\n<p>uczestniczyli w dyskusji n\/t spotkania..<\/p>\n\n\n\n<figure class=\"wp-block-gallery has-nested-images columns-default is-cropped wp-block-gallery-1 is-layout-flex wp-block-gallery-is-layout-flex\">\n<figure class=\"wp-block-image size-large\"><img loading=\"lazy\" decoding=\"async\" width=\"450\" height=\"800\" data-id=\"4300\" src=\"https:\/\/utwstarachowice.pl\/wp-content\/uploads\/2024\/08\/080559aa-7a32-4015-af85-0a31783d1007.jpeg\" alt=\"\" class=\"wp-image-4300\" srcset=\"https:\/\/utwstarachowice.pl\/wp-content\/uploads\/2024\/08\/080559aa-7a32-4015-af85-0a31783d1007.jpeg 450w, https:\/\/utwstarachowice.pl\/wp-content\/uploads\/2024\/08\/080559aa-7a32-4015-af85-0a31783d1007-169x300.jpeg 169w\" sizes=\"(max-width: 450px) 100vw, 450px\" \/><\/figure>\n<\/figure>\n\n\n\n<figure class=\"wp-block-gallery has-nested-images columns-default is-cropped wp-block-gallery-2 is-layout-flex wp-block-gallery-is-layout-flex\">\n<figure class=\"wp-block-image size-large\"><img loading=\"lazy\" decoding=\"async\" width=\"600\" height=\"800\" data-id=\"4301\" src=\"https:\/\/utwstarachowice.pl\/wp-content\/uploads\/2024\/08\/4ec5eecf-daec-4ab5-86d6-0fe0a89348f8.jpeg\" alt=\"\" class=\"wp-image-4301\" srcset=\"https:\/\/utwstarachowice.pl\/wp-content\/uploads\/2024\/08\/4ec5eecf-daec-4ab5-86d6-0fe0a89348f8.jpeg 600w, https:\/\/utwstarachowice.pl\/wp-content\/uploads\/2024\/08\/4ec5eecf-daec-4ab5-86d6-0fe0a89348f8-225x300.jpeg 225w\" sizes=\"(max-width: 600px) 100vw, 600px\" \/><\/figure>\n<\/figure>\n\n\n\n<figure class=\"wp-block-gallery has-nested-images columns-default is-cropped wp-block-gallery-3 is-layout-flex wp-block-gallery-is-layout-flex\">\n<figure class=\"wp-block-image size-large\"><img loading=\"lazy\" decoding=\"async\" width=\"600\" height=\"800\" data-id=\"4302\" src=\"https:\/\/utwstarachowice.pl\/wp-content\/uploads\/2024\/08\/d7c76411-258b-4026-93c3-b7b0aa4834ee.jpeg\" alt=\"\" class=\"wp-image-4302\" srcset=\"https:\/\/utwstarachowice.pl\/wp-content\/uploads\/2024\/08\/d7c76411-258b-4026-93c3-b7b0aa4834ee.jpeg 600w, https:\/\/utwstarachowice.pl\/wp-content\/uploads\/2024\/08\/d7c76411-258b-4026-93c3-b7b0aa4834ee-225x300.jpeg 225w\" sizes=\"(max-width: 600px) 100vw, 600px\" \/><\/figure>\n<\/figure>\n","protected":false},"excerpt":{"rendered":"<p>W dniu 20.08.2024 r. grupa s\u0142uchaczy UTW w Starachowicach i cz\u0142onkowie M\u0142odzie\u017cowej Rady Miasta Starachowice uczestniczyli w spotkaniu, kt\u00f3re odby\u0142o &hellip;<\/p>\n","protected":false},"author":3,"featured_media":0,"comment_status":"open","ping_status":"open","sticky":true,"template":"","format":"standard","meta":{"footnotes":""},"categories":[2],"tags":[],"_links":{"self":[{"href":"https:\/\/utwstarachowice.pl\/index.php?rest_route=\/wp\/v2\/posts\/4299"}],"collection":[{"href":"https:\/\/utwstarachowice.pl\/index.php?rest_route=\/wp\/v2\/posts"}],"about":[{"href":"https:\/\/utwstarachowice.pl\/index.php?rest_route=\/wp\/v2\/types\/post"}],"author":[{"embeddable":true,"href":"https:\/\/utwstarachowice.pl\/index.php?rest_route=\/wp\/v2\/users\/3"}],"replies":[{"embeddable":true,"href":"https:\/\/utwstarachowice.pl\/index.php?rest_route=%2Fwp%2Fv2%2Fcomments&post=4299"}],"version-history":[{"count":1,"href":"https:\/\/utwstarachowice.pl\/index.php?rest_route=\/wp\/v2\/posts\/4299\/revisions"}],"predecessor-version":[{"id":4303,"href":"https:\/\/utwstarachowice.pl\/index.php?rest_route=\/wp\/v2\/posts\/4299\/revisions\/4303"}],"wp:attachment":[{"href":"https:\/\/utwstarachowice.pl\/index.php?rest_route=%2Fwp%2Fv2%2Fmedia&parent=4299"}],"wp:term":[{"taxonomy":"category","embeddable":true,"href":"https:\/\/utwstarachowice.pl\/index.php?rest_route=%2Fwp%2Fv2%2Fcategories&post=4299"},{"taxonomy":"post_tag","embeddable":true,"href":"https:\/\/utwstarachowice.pl\/index.php?rest_route=%2Fwp%2Fv2%2Ftags&post=4299"}],"curies":[{"name":"wp","href":"https:\/\/api.w.org\/{rel}","templated":true}]}}