{"id":4210,"date":"2024-07-26T12:01:50","date_gmt":"2024-07-26T10:01:50","guid":{"rendered":"https:\/\/utwstarachowice.pl\/?p=4210"},"modified":"2024-07-26T12:01:50","modified_gmt":"2024-07-26T10:01:50","slug":"wycieczka-01-09-2024r","status":"publish","type":"post","link":"https:\/\/utwstarachowice.pl\/?p=4210","title":{"rendered":"Wycieczka 01.09.2024r."},"content":{"rendered":"\n<p>Komunikat dla s\u0142uchaczy UTW wyje\u017cd\u017caj\u0105cych na wycieczk\u0119 z projektu pt: &#8222;Pok\u0142o\u0144 si\u0119 ziemi \u015bwi\u0119tokrzyskiej &#8211; ci\u0105g dalszy&#8221; .Z uwagi na zmian\u0119 terminu w\/w wycieczki w Pasmo Obl\u0119gorskie i do Ciekot z dnia 02.09.2024 r. (poniedzia\u0142ek) na 01.09.2024r ( niedziela ) prosimy zapisane osoby o potwierdzenie wyjazdu w niedziel\u0119. Informacja osobista lub telefoniczna w godzinach dy\u017cur\u00f3w we wtorki.<\/p>\n\n\n\n<p>Program wycieczki bez zmian.<\/p>\n\n\n\n<p>Zmiana daty wynika z przeniesienia Imienin Stefana \u017beromskiego.<\/p>\n","protected":false},"excerpt":{"rendered":"<p>Komunikat dla s\u0142uchaczy UTW wyje\u017cd\u017caj\u0105cych na wycieczk\u0119 z projektu pt: &#8222;Pok\u0142o\u0144 si\u0119 ziemi \u015bwi\u0119tokrzyskiej &#8211; ci\u0105g dalszy&#8221; .Z uwagi na &hellip;<\/p>\n","protected":false},"author":3,"featured_media":0,"comment_status":"open","ping_status":"open","sticky":true,"template":"","format":"standard","meta":{"footnotes":""},"categories":[2],"tags":[],"_links":{"self":[{"href":"https:\/\/utwstarachowice.pl\/index.php?rest_route=\/wp\/v2\/posts\/4210"}],"collection":[{"href":"https:\/\/utwstarachowice.pl\/index.php?rest_route=\/wp\/v2\/posts"}],"about":[{"href":"https:\/\/utwstarachowice.pl\/index.php?rest_route=\/wp\/v2\/types\/post"}],"author":[{"embeddable":true,"href":"https:\/\/utwstarachowice.pl\/index.php?rest_route=\/wp\/v2\/users\/3"}],"replies":[{"embeddable":true,"href":"https:\/\/utwstarachowice.pl\/index.php?rest_route=%2Fwp%2Fv2%2Fcomments&post=4210"}],"version-history":[{"count":1,"href":"https:\/\/utwstarachowice.pl\/index.php?rest_route=\/wp\/v2\/posts\/4210\/revisions"}],"predecessor-version":[{"id":4211,"href":"https:\/\/utwstarachowice.pl\/index.php?rest_route=\/wp\/v2\/posts\/4210\/revisions\/4211"}],"wp:attachment":[{"href":"https:\/\/utwstarachowice.pl\/index.php?rest_route=%2Fwp%2Fv2%2Fmedia&parent=4210"}],"wp:term":[{"taxonomy":"category","embeddable":true,"href":"https:\/\/utwstarachowice.pl\/index.php?rest_route=%2Fwp%2Fv2%2Fcategories&post=4210"},{"taxonomy":"post_tag","embeddable":true,"href":"https:\/\/utwstarachowice.pl\/index.php?rest_route=%2Fwp%2Fv2%2Ftags&post=4210"}],"curies":[{"name":"wp","href":"https:\/\/api.w.org\/{rel}","templated":true}]}}