{"id":42,"date":"2015-05-28T20:30:36","date_gmt":"2015-05-28T18:30:36","guid":{"rendered":"https:\/\/utwstarachowice.pl\/2015\/05\/28\/komunikaty-dla-sluchaczy-na-czerwiec-2015-r\/"},"modified":"2015-05-28T20:30:36","modified_gmt":"2015-05-28T18:30:36","slug":"komunikaty-dla-sluchaczy-na-czerwiec-2015-r","status":"publish","type":"post","link":"https:\/\/utwstarachowice.pl\/?p=42","title":{"rendered":"Komunikaty dla s\u0142uchaczy na czerwiec 2015 r."},"content":{"rendered":"<p>\u00a0<\/p>\n<p>\u00a0<\/p>\n<p style=\"margin-bottom: 0cm;\" align=\"CENTER\"><span style=\"font-size: x-large;\"><strong>VI Komunikaty dla s\u0142uchaczy UTW na <\/strong><\/span><\/p>\n<p style=\"margin-bottom: 0cm;\" align=\"CENTER\"><span style=\"font-size: x-large;\"><strong>m-c czerwiec 2015<\/strong><\/span><\/p>\n<p style=\"margin-bottom: 0cm;\" align=\"CENTER\">\u00a0<\/p>\n<p style=\"margin-bottom: 0cm;\" align=\"CENTER\">\u00a0<\/p>\n<p style=\"margin-bottom: 0cm;\"><span style=\"font-size: large;\"><strong>6 (sobota) i 10 (\u015broda)<\/strong><\/span><span style=\"font-size: large;\"> \u2013 w\u0119dr\u00f3wka na trasie: Starachowice \u2013 Henryk- Lubienia (ognisko). Spotkanie na przystanku MZK ul. Kra\u0144cowa (Zak\u0142ady Mi\u0119sne) o godz. 10.00 !!! <\/span><\/p>\n<p style=\"margin-bottom: 0cm;\"><span style=\"font-size: large;\"><strong>11VI (czwartek) g. 7.30<\/strong> \u2013 wyjazd rekreacyjny na baseny siarczkowe do <strong>Solcu Zdroju<\/strong> spod Galerii Ska\u0142ka<\/span><\/p>\n<p style=\"margin-bottom: 0cm;\"><span style=\"font-size: large;\"><strong>11 VI g. 15.30 w SSM<\/strong> \u2013 wyk\u0142ad <strong>Kazimierza Winiarczyka<\/strong> \u2013 <em><strong>\u201eSpacerkiem po historii W\u0105chocka\u201d<\/strong><\/em><\/span><\/p>\n<p style=\"margin-bottom: 0cm;\"><span style=\"font-size: large;\"><strong>19 VI (pi\u0105tek) \u2013 VII Rajd NW <\/strong>s\u0142uchaczy UTW w Starachowicach. Wyjazd kolejk\u0105 w\u0105skotorow\u0105 do Lipia o godz. 9.00, sk\u0105d idziemy z kijkami NW do Marcul ok. 8 km. Powr\u00f3t ok. g. 17.30. (szczeg\u00f3\u0142y na oddzielnych og\u0142oszeniach).<\/span><\/p>\n<p style=\"margin-bottom: 0cm;\"><span style=\"font-size: large;\"><strong>26 VI (pi\u0105tek) g. 9.30 w SCK \u2013 <\/strong>uroczyste zako\u0144czenie r.akad. 2014\/15. W cz\u0119\u015bci artystycznej wyst\u0105pi <strong>Teatr Muzyczny \u201eNad<\/strong> <strong>Kamienn\u0105\u201d.<\/strong> Msza \u015bw. o g.8.00 w ko\u015b. Wszystkich \u015aw.(ul. Radomska)<\/span><\/p>\n<p style=\"margin-bottom: 0cm;\"><span style=\"font-size: large;\"><strong>27 VI (sobota)<\/strong> g. 7.00 z parkingu obok ZDZ &#8211; wycieczka autokarowa do Powsina (arboretum) oraz Muzeum \u017byd\u00f3w Polskich w Warszawie.<\/span><\/p>\n<p style=\"margin-bottom: 0cm;\"><span style=\"font-size: x-large;\"><strong>Uwaga:\u00a0 <\/strong><\/span><span style=\"font-size: large;\">zaj\u0119cia wtorkowe \u2013 2 VI \u2013 historia z B. Berak, 9 \u2013 literatura z D. Kie\u0142ek, 16 \u2013 historia sztuki z A. Malinowsk\u0105; &#8211; zaj\u0119cia poniedz.: 1 VI g.16.00 \u2013 geografia z J. Kowalskim, 8 VI g.16.00 \u2013 zaj\u0119cia \u201eniespodzianka\u201d, 15 VI g. 10.15 \u2013 lekcja muzealna; <\/span><\/p>\n<p style=\"margin-bottom: 0cm;\"><span style=\"font-size: large;\"><strong>4-7 VI br.<\/strong><\/span><span style=\"font-size: large;\"><strong>nie b\u0119dzie zaj\u0119\u0107 sekcyjnych<\/strong><\/span><\/p>\n<p style=\"margin-bottom: 0cm;\"><span style=\"font-size: large;\"><strong>\u00a0<\/strong><\/span><\/p>\n<p style=\"margin-bottom: 0cm;\"><span style=\"font-size: large;\"><strong>\u00a0<\/strong><\/span><\/p>\n<p style=\"margin-bottom: 0cm;\"><span style=\"font-size: large;\"><strong>\u00a0<\/strong><\/span><\/p>\n","protected":false},"excerpt":{"rendered":"<p>\u00a0 \u00a0 VI Komunikaty dla s\u0142uchaczy UTW na m-c czerwiec 2015 \u00a0 \u00a0 6 (sobota) i 10 (\u015broda) \u2013 w\u0119dr\u00f3wka &hellip;<\/p>\n","protected":false},"author":3,"featured_media":0,"comment_status":"open","ping_status":"open","sticky":true,"template":"","format":"standard","meta":{"footnotes":""},"categories":[1],"tags":[],"_links":{"self":[{"href":"https:\/\/utwstarachowice.pl\/index.php?rest_route=\/wp\/v2\/posts\/42"}],"collection":[{"href":"https:\/\/utwstarachowice.pl\/index.php?rest_route=\/wp\/v2\/posts"}],"about":[{"href":"https:\/\/utwstarachowice.pl\/index.php?rest_route=\/wp\/v2\/types\/post"}],"author":[{"embeddable":true,"href":"https:\/\/utwstarachowice.pl\/index.php?rest_route=\/wp\/v2\/users\/3"}],"replies":[{"embeddable":true,"href":"https:\/\/utwstarachowice.pl\/index.php?rest_route=%2Fwp%2Fv2%2Fcomments&post=42"}],"version-history":[{"count":0,"href":"https:\/\/utwstarachowice.pl\/index.php?rest_route=\/wp\/v2\/posts\/42\/revisions"}],"wp:attachment":[{"href":"https:\/\/utwstarachowice.pl\/index.php?rest_route=%2Fwp%2Fv2%2Fmedia&parent=42"}],"wp:term":[{"taxonomy":"category","embeddable":true,"href":"https:\/\/utwstarachowice.pl\/index.php?rest_route=%2Fwp%2Fv2%2Fcategories&post=42"},{"taxonomy":"post_tag","embeddable":true,"href":"https:\/\/utwstarachowice.pl\/index.php?rest_route=%2Fwp%2Fv2%2Ftags&post=42"}],"curies":[{"name":"wp","href":"https:\/\/api.w.org\/{rel}","templated":true}]}}