{"id":417,"date":"2017-11-09T20:39:58","date_gmt":"2017-11-09T19:39:58","guid":{"rendered":"https:\/\/utwstarachowice.pl\/2017\/11\/09\/nowe-informacje-dla-sluchaczy-utw-na-listopad-2017r\/"},"modified":"2017-11-09T20:39:58","modified_gmt":"2017-11-09T19:39:58","slug":"nowe-informacje-dla-sluchaczy-utw-na-listopad-2017r","status":"publish","type":"post","link":"https:\/\/utwstarachowice.pl\/?p=417","title":{"rendered":"Nowe informacje dla s\u0142uchaczy UTW na listopad 2017r. &#8230;&#8230;"},"content":{"rendered":"<ul>\n<li><span style=\"text-decoration: underline;\"><span style=\"font-size: large;\"><strong><span style=\"font-family: arial,helvetica,sans-serif;\">14.11.2017r. <\/span><\/strong><\/span><\/span><span style=\"font-size: medium; font-family: arial,helvetica,sans-serif;\"><span style=\"font-size: large;\"><strong>(wtorek)<\/strong><\/span> o godz.16.15 na zaj\u0119ciach sekcji literackiej odb\u0119dzie sie wyk\u0142ad (wyk\u0142adowca: Bart\u0142omiej Gierasymowicz pt: &#8222;Tworzenie drzewa genealogicznego&#8221;. Zapraszamy wszystkich zainteresowanych.\u00a0<\/span><\/li>\n<li><span style=\"text-decoration: underline;\"><strong><span style=\"font-size: large; font-family: arial,helvetica,sans-serif;\">17.11.2017r.<\/span><\/strong><\/span><strong><span style=\"font-size: large; font-family: arial,helvetica,sans-serif;\"> (pi\u0105tek)<\/span><\/strong><span style=\"font-size: medium;\"><span style=\"font-family: arial,helvetica,sans-serif;\"> o<\/span><span style=\"font-family: arial,helvetica,sans-serif;\">godz. 16.00 w Galerii &#8222;Ska\u0142ka&#8221; na I pi\u0119trze odb\u0119dzie si\u0119 spotkanie z europarlamentarzystk\u0105 p. R\u00f3\u017c\u0105 von Thun und Hohenstein.<\/span><\/span><span style=\"font-size: large; font-family: arial,helvetica,sans-serif;\"><span style=\"font-size: medium;\"> Zapraszamy zainteresowanych s\u0142uchaczy.<\/span><br \/><\/span><\/li>\n<li><span style=\"text-decoration: underline;\"><strong><span style=\"font-size: large; font-family: arial,helvetica,sans-serif;\">20.11.2017r.<\/span><\/strong><\/span><strong><span style=\"font-size: large; font-family: arial,helvetica,sans-serif;\"> (poniedzia\u0142ek)<\/span><\/strong><span style=\"font-size: large; font-family: arial,helvetica,sans-serif;\">\u00a0<\/span><span style=\"font-size: large; font-family: arial,helvetica,sans-serif;\"><span style=\"font-size: medium;\">o godz.8.30 z nowego przystanku obok galerii &#8222;Ska\u0142ka&#8221; b\u0119dzie wyjazd na konferencj\u0119 podsumowuj\u0105c\u0105 projekt &#8222;Wiek nie musi by\u0107 barier\u0105&#8221;. Zapisy przyjmowane s\u0105 w biurze UTW. Ilo\u015b\u0107 miejsc: 30. Organizator\u00a0 pokrywa wszystkie koszty zwi\u0105zane z wyjazdem.<\/span><\/span><\/li>\n<li><span style=\"text-decoration: underline;\"><span style=\"font-size: large;\"><strong><span style=\"font-family: arial,helvetica,sans-serif;\">UWAGA!!!!<\/span><\/strong><\/span><\/span><span style=\"font-size: large;\"><strong><span style=\"font-family: arial,helvetica,sans-serif;\">W zwi\u0105zku z konferencj\u0105, wcze\u015bniej zapowiadany projekt &#8221; P\u0142ynie Wis\u0142a, p\u0142ynie &#8211; w poezji i piosence&#8221; zostaje przeniesiony na p\u00f3\u017aniejszy termin, kt\u00f3ry podamy na stronie internetowej UTW po dok\u0142adnym ustaleniu.<\/span><\/strong><\/span><\/li>\n<\/ul>\n<p>\u00a0<\/p>\n","protected":false},"excerpt":{"rendered":"<p>14.11.2017r. (wtorek) o godz.16.15 na zaj\u0119ciach sekcji literackiej odb\u0119dzie sie wyk\u0142ad (wyk\u0142adowca: Bart\u0142omiej Gierasymowicz pt: &#8222;Tworzenie drzewa genealogicznego&#8221;. Zapraszamy wszystkich &hellip;<\/p>\n","protected":false},"author":3,"featured_media":0,"comment_status":"open","ping_status":"open","sticky":true,"template":"","format":"standard","meta":{"footnotes":""},"categories":[1],"tags":[],"_links":{"self":[{"href":"https:\/\/utwstarachowice.pl\/index.php?rest_route=\/wp\/v2\/posts\/417"}],"collection":[{"href":"https:\/\/utwstarachowice.pl\/index.php?rest_route=\/wp\/v2\/posts"}],"about":[{"href":"https:\/\/utwstarachowice.pl\/index.php?rest_route=\/wp\/v2\/types\/post"}],"author":[{"embeddable":true,"href":"https:\/\/utwstarachowice.pl\/index.php?rest_route=\/wp\/v2\/users\/3"}],"replies":[{"embeddable":true,"href":"https:\/\/utwstarachowice.pl\/index.php?rest_route=%2Fwp%2Fv2%2Fcomments&post=417"}],"version-history":[{"count":0,"href":"https:\/\/utwstarachowice.pl\/index.php?rest_route=\/wp\/v2\/posts\/417\/revisions"}],"wp:attachment":[{"href":"https:\/\/utwstarachowice.pl\/index.php?rest_route=%2Fwp%2Fv2%2Fmedia&parent=417"}],"wp:term":[{"taxonomy":"category","embeddable":true,"href":"https:\/\/utwstarachowice.pl\/index.php?rest_route=%2Fwp%2Fv2%2Fcategories&post=417"},{"taxonomy":"post_tag","embeddable":true,"href":"https:\/\/utwstarachowice.pl\/index.php?rest_route=%2Fwp%2Fv2%2Ftags&post=417"}],"curies":[{"name":"wp","href":"https:\/\/api.w.org\/{rel}","templated":true}]}}