{"id":4169,"date":"2024-07-12T14:00:56","date_gmt":"2024-07-12T12:00:56","guid":{"rendered":"https:\/\/utwstarachowice.pl\/?p=4169"},"modified":"2024-07-23T14:39:44","modified_gmt":"2024-07-23T12:39:44","slug":"wsparcie-dla-utw","status":"publish","type":"post","link":"https:\/\/utwstarachowice.pl\/?p=4169","title":{"rendered":"Wsparcie dla UTW"},"content":{"rendered":"\n<p>Cenimy wsparcie dla UTW przez Cz\u0142onka Zarz\u0105du Powiatu Pana Jaros\u0142awa Samel\u0119( koordynatora dzia\u0142ania), inicjatyw\u0119 Cz\u0142onka Zarz\u0105du UTW W\u0142odzimierza Gierad\u0119 (pomys\u0142), G\u0142\u00f3wnych Sponsor\u00f3w w\u0142a\u015bcicieli Technika s.c. Pan\u00f3w Adriana Malinowskiego i Artura Romana za przekazanie do naszego eko ogrodu spo\u0142eczno\u015bciowego zbiornika na wod\u0119.<\/p>\n\n\n\n<p>SERDECZNIE DZI\u0118KUJEMY !!!<\/p>\n\n\n\n<figure class=\"wp-block-gallery has-nested-images columns-default is-cropped wp-block-gallery-1 is-layout-flex wp-block-gallery-is-layout-flex\">\n<figure class=\"wp-block-image size-large\"><img loading=\"lazy\" decoding=\"async\" width=\"768\" height=\"1024\" data-id=\"4178\" src=\"https:\/\/utwstarachowice.pl\/wp-content\/uploads\/2024\/07\/FB_IMG_1720784244749-768x1024.jpg\" alt=\"\" class=\"wp-image-4178\" srcset=\"https:\/\/utwstarachowice.pl\/wp-content\/uploads\/2024\/07\/FB_IMG_1720784244749-768x1024.jpg 768w, https:\/\/utwstarachowice.pl\/wp-content\/uploads\/2024\/07\/FB_IMG_1720784244749-225x300.jpg 225w, https:\/\/utwstarachowice.pl\/wp-content\/uploads\/2024\/07\/FB_IMG_1720784244749.jpg 1080w\" sizes=\"(max-width: 768px) 100vw, 768px\" \/><\/figure>\n<\/figure>\n\n\n\n<figure class=\"wp-block-gallery has-nested-images columns-default is-cropped wp-block-gallery-2 is-layout-flex wp-block-gallery-is-layout-flex\">\n<figure class=\"wp-block-image size-large\"><img loading=\"lazy\" decoding=\"async\" width=\"768\" height=\"1024\" data-id=\"4179\" src=\"https:\/\/utwstarachowice.pl\/wp-content\/uploads\/2024\/07\/FB_IMG_1720784264216-768x1024.jpg\" alt=\"\" class=\"wp-image-4179\" srcset=\"https:\/\/utwstarachowice.pl\/wp-content\/uploads\/2024\/07\/FB_IMG_1720784264216-768x1024.jpg 768w, https:\/\/utwstarachowice.pl\/wp-content\/uploads\/2024\/07\/FB_IMG_1720784264216-225x300.jpg 225w, https:\/\/utwstarachowice.pl\/wp-content\/uploads\/2024\/07\/FB_IMG_1720784264216.jpg 1080w\" sizes=\"(max-width: 768px) 100vw, 768px\" \/><\/figure>\n<\/figure>\n","protected":false},"excerpt":{"rendered":"<p>Cenimy wsparcie dla UTW przez Cz\u0142onka Zarz\u0105du Powiatu Pana Jaros\u0142awa Samel\u0119( koordynatora dzia\u0142ania), inicjatyw\u0119 Cz\u0142onka Zarz\u0105du UTW W\u0142odzimierza Gierad\u0119 (pomys\u0142), &hellip;<\/p>\n","protected":false},"author":3,"featured_media":0,"comment_status":"open","ping_status":"open","sticky":true,"template":"","format":"standard","meta":{"footnotes":""},"categories":[1],"tags":[],"_links":{"self":[{"href":"https:\/\/utwstarachowice.pl\/index.php?rest_route=\/wp\/v2\/posts\/4169"}],"collection":[{"href":"https:\/\/utwstarachowice.pl\/index.php?rest_route=\/wp\/v2\/posts"}],"about":[{"href":"https:\/\/utwstarachowice.pl\/index.php?rest_route=\/wp\/v2\/types\/post"}],"author":[{"embeddable":true,"href":"https:\/\/utwstarachowice.pl\/index.php?rest_route=\/wp\/v2\/users\/3"}],"replies":[{"embeddable":true,"href":"https:\/\/utwstarachowice.pl\/index.php?rest_route=%2Fwp%2Fv2%2Fcomments&post=4169"}],"version-history":[{"count":2,"href":"https:\/\/utwstarachowice.pl\/index.php?rest_route=\/wp\/v2\/posts\/4169\/revisions"}],"predecessor-version":[{"id":4180,"href":"https:\/\/utwstarachowice.pl\/index.php?rest_route=\/wp\/v2\/posts\/4169\/revisions\/4180"}],"wp:attachment":[{"href":"https:\/\/utwstarachowice.pl\/index.php?rest_route=%2Fwp%2Fv2%2Fmedia&parent=4169"}],"wp:term":[{"taxonomy":"category","embeddable":true,"href":"https:\/\/utwstarachowice.pl\/index.php?rest_route=%2Fwp%2Fv2%2Fcategories&post=4169"},{"taxonomy":"post_tag","embeddable":true,"href":"https:\/\/utwstarachowice.pl\/index.php?rest_route=%2Fwp%2Fv2%2Ftags&post=4169"}],"curies":[{"name":"wp","href":"https:\/\/api.w.org\/{rel}","templated":true}]}}