{"id":4140,"date":"2024-07-04T11:13:21","date_gmt":"2024-07-04T09:13:21","guid":{"rendered":"https:\/\/utwstarachowice.pl\/?p=4140"},"modified":"2024-07-04T11:17:11","modified_gmt":"2024-07-04T09:17:11","slug":"spotkanie-w-ramach-projektu-co-green","status":"publish","type":"post","link":"https:\/\/utwstarachowice.pl\/?p=4140","title":{"rendered":"Spotkanie w ramach projektu &#8221; CO GREEN&#8221;"},"content":{"rendered":"\n<p>Dnia 1 lipca w UTW odby\u0142o si\u0119 spotkanie s\u0142uchaczy z przedstawicielami CUS panem Tomaszem Margul\u0105 i pani\u0105 Magdalen\u0105 Jaworsk\u0105 oraz z pani\u0105 Joann\u0105 Abramowicz \u017ce Stowarzyszenia Centrum Wspierania Aktywno\u015bci Lokalnej CAL z Warszawy w ramach projektu &#8221; Co Green &#8211; lokalne spo\u0142eczno\u015bci na rzecz zielonej transformacji&#8221; .W ramach tego projektu dostali\u015bmy do ogrodu nowe ro\u015bliny &#8211; krzewy ozdobne i kwiaty. Nasze kole\u017canki otrzyma\u0142y podzi\u0119kowania dla autor\u00f3w bajek ekologicznych dla dzieci. B\u0119d\u0105 one umieszczone w ksi\u0105\u017cce pt .&#8221; Starachowickie Eko &#8211; bajki dla najm\u0142odszych &#8222;.<\/p>\n\n\n\n<figure class=\"wp-block-image size-large\"><img loading=\"lazy\" decoding=\"async\" width=\"1024\" height=\"771\" src=\"https:\/\/utwstarachowice.pl\/wp-content\/uploads\/2024\/07\/449393357_1002672281861550_6968138030971600975_n-1024x771.jpg\" alt=\"\" class=\"wp-image-4141\" srcset=\"https:\/\/utwstarachowice.pl\/wp-content\/uploads\/2024\/07\/449393357_1002672281861550_6968138030971600975_n-1024x771.jpg 1024w, https:\/\/utwstarachowice.pl\/wp-content\/uploads\/2024\/07\/449393357_1002672281861550_6968138030971600975_n-300x226.jpg 300w, https:\/\/utwstarachowice.pl\/wp-content\/uploads\/2024\/07\/449393357_1002672281861550_6968138030971600975_n-768x578.jpg 768w, https:\/\/utwstarachowice.pl\/wp-content\/uploads\/2024\/07\/449393357_1002672281861550_6968138030971600975_n-1536x1157.jpg 1536w, https:\/\/utwstarachowice.pl\/wp-content\/uploads\/2024\/07\/449393357_1002672281861550_6968138030971600975_n.jpg 2048w\" sizes=\"(max-width: 1024px) 100vw, 1024px\" \/><\/figure>\n\n\n\n<figure class=\"wp-block-image size-large\"><img loading=\"lazy\" decoding=\"async\" width=\"771\" height=\"1024\" src=\"https:\/\/utwstarachowice.pl\/wp-content\/uploads\/2024\/07\/449437450_1002671688528276_1850912777262736852_n-771x1024.jpg\" alt=\"\" class=\"wp-image-4142\" srcset=\"https:\/\/utwstarachowice.pl\/wp-content\/uploads\/2024\/07\/449437450_1002671688528276_1850912777262736852_n-771x1024.jpg 771w, https:\/\/utwstarachowice.pl\/wp-content\/uploads\/2024\/07\/449437450_1002671688528276_1850912777262736852_n-226x300.jpg 226w, https:\/\/utwstarachowice.pl\/wp-content\/uploads\/2024\/07\/449437450_1002671688528276_1850912777262736852_n-768x1020.jpg 768w, https:\/\/utwstarachowice.pl\/wp-content\/uploads\/2024\/07\/449437450_1002671688528276_1850912777262736852_n-1157x1536.jpg 1157w, https:\/\/utwstarachowice.pl\/wp-content\/uploads\/2024\/07\/449437450_1002671688528276_1850912777262736852_n.jpg 1542w\" sizes=\"(max-width: 771px) 100vw, 771px\" \/><\/figure>\n\n\n\n<figure class=\"wp-block-image size-large\"><img loading=\"lazy\" decoding=\"async\" width=\"771\" height=\"1024\" src=\"https:\/\/utwstarachowice.pl\/wp-content\/uploads\/2024\/07\/449751610_1002671498528295_7049623241808626921_n-771x1024.jpg\" alt=\"\" class=\"wp-image-4143\" srcset=\"https:\/\/utwstarachowice.pl\/wp-content\/uploads\/2024\/07\/449751610_1002671498528295_7049623241808626921_n-771x1024.jpg 771w, https:\/\/utwstarachowice.pl\/wp-content\/uploads\/2024\/07\/449751610_1002671498528295_7049623241808626921_n-226x300.jpg 226w, https:\/\/utwstarachowice.pl\/wp-content\/uploads\/2024\/07\/449751610_1002671498528295_7049623241808626921_n-768x1020.jpg 768w, https:\/\/utwstarachowice.pl\/wp-content\/uploads\/2024\/07\/449751610_1002671498528295_7049623241808626921_n-1157x1536.jpg 1157w, https:\/\/utwstarachowice.pl\/wp-content\/uploads\/2024\/07\/449751610_1002671498528295_7049623241808626921_n.jpg 1542w\" sizes=\"(max-width: 771px) 100vw, 771px\" \/><\/figure>\n","protected":false},"excerpt":{"rendered":"<p>Dnia 1 lipca w UTW odby\u0142o si\u0119 spotkanie s\u0142uchaczy z przedstawicielami CUS panem Tomaszem Margul\u0105 i pani\u0105 Magdalen\u0105 Jaworsk\u0105 oraz &hellip;<\/p>\n","protected":false},"author":3,"featured_media":0,"comment_status":"open","ping_status":"open","sticky":true,"template":"","format":"standard","meta":{"footnotes":""},"categories":[2],"tags":[],"_links":{"self":[{"href":"https:\/\/utwstarachowice.pl\/index.php?rest_route=\/wp\/v2\/posts\/4140"}],"collection":[{"href":"https:\/\/utwstarachowice.pl\/index.php?rest_route=\/wp\/v2\/posts"}],"about":[{"href":"https:\/\/utwstarachowice.pl\/index.php?rest_route=\/wp\/v2\/types\/post"}],"author":[{"embeddable":true,"href":"https:\/\/utwstarachowice.pl\/index.php?rest_route=\/wp\/v2\/users\/3"}],"replies":[{"embeddable":true,"href":"https:\/\/utwstarachowice.pl\/index.php?rest_route=%2Fwp%2Fv2%2Fcomments&post=4140"}],"version-history":[{"count":1,"href":"https:\/\/utwstarachowice.pl\/index.php?rest_route=\/wp\/v2\/posts\/4140\/revisions"}],"predecessor-version":[{"id":4144,"href":"https:\/\/utwstarachowice.pl\/index.php?rest_route=\/wp\/v2\/posts\/4140\/revisions\/4144"}],"wp:attachment":[{"href":"https:\/\/utwstarachowice.pl\/index.php?rest_route=%2Fwp%2Fv2%2Fmedia&parent=4140"}],"wp:term":[{"taxonomy":"category","embeddable":true,"href":"https:\/\/utwstarachowice.pl\/index.php?rest_route=%2Fwp%2Fv2%2Fcategories&post=4140"},{"taxonomy":"post_tag","embeddable":true,"href":"https:\/\/utwstarachowice.pl\/index.php?rest_route=%2Fwp%2Fv2%2Ftags&post=4140"}],"curies":[{"name":"wp","href":"https:\/\/api.w.org\/{rel}","templated":true}]}}