{"id":414,"date":"2017-10-27T21:15:34","date_gmt":"2017-10-27T19:15:34","guid":{"rendered":"https:\/\/utwstarachowice.pl\/2017\/10\/27\/recital-edyty-geppert\/"},"modified":"2017-10-27T21:15:34","modified_gmt":"2017-10-27T19:15:34","slug":"recital-edyty-geppert","status":"publish","type":"post","link":"https:\/\/utwstarachowice.pl\/?p=414","title":{"rendered":"Recital Edyty Geppert"},"content":{"rendered":"<p><strong><span style=\"font-size: medium; font-family: arial,helvetica,sans-serif;\">Przypominamy, \u017ce 9 grudnia (sobota) o godz.18.00 w Sali Koncertowej Urz\u0119du Miejskiego w Radomiu odb\u0119dzie si\u0119 recital Edyty Geppert. Zapisy, wp\u0142aty i dok\u0142adne informacje u Haliny Sidor w biurze Rady Senior\u00f3w w \u015brody do 20 listopada 2017r.<\/span><\/strong><\/p>\n","protected":false},"excerpt":{"rendered":"<p>Przypominamy, \u017ce 9 grudnia (sobota) o godz.18.00 w Sali Koncertowej Urz\u0119du Miejskiego w Radomiu odb\u0119dzie si\u0119 recital Edyty Geppert. Zapisy, &hellip;<\/p>\n","protected":false},"author":3,"featured_media":0,"comment_status":"open","ping_status":"open","sticky":true,"template":"","format":"standard","meta":{"footnotes":""},"categories":[1],"tags":[],"_links":{"self":[{"href":"https:\/\/utwstarachowice.pl\/index.php?rest_route=\/wp\/v2\/posts\/414"}],"collection":[{"href":"https:\/\/utwstarachowice.pl\/index.php?rest_route=\/wp\/v2\/posts"}],"about":[{"href":"https:\/\/utwstarachowice.pl\/index.php?rest_route=\/wp\/v2\/types\/post"}],"author":[{"embeddable":true,"href":"https:\/\/utwstarachowice.pl\/index.php?rest_route=\/wp\/v2\/users\/3"}],"replies":[{"embeddable":true,"href":"https:\/\/utwstarachowice.pl\/index.php?rest_route=%2Fwp%2Fv2%2Fcomments&post=414"}],"version-history":[{"count":0,"href":"https:\/\/utwstarachowice.pl\/index.php?rest_route=\/wp\/v2\/posts\/414\/revisions"}],"wp:attachment":[{"href":"https:\/\/utwstarachowice.pl\/index.php?rest_route=%2Fwp%2Fv2%2Fmedia&parent=414"}],"wp:term":[{"taxonomy":"category","embeddable":true,"href":"https:\/\/utwstarachowice.pl\/index.php?rest_route=%2Fwp%2Fv2%2Fcategories&post=414"},{"taxonomy":"post_tag","embeddable":true,"href":"https:\/\/utwstarachowice.pl\/index.php?rest_route=%2Fwp%2Fv2%2Ftags&post=414"}],"curies":[{"name":"wp","href":"https:\/\/api.w.org\/{rel}","templated":true}]}}