{"id":413,"date":"2017-10-24T13:17:43","date_gmt":"2017-10-24T11:17:43","guid":{"rendered":"https:\/\/utwstarachowice.pl\/2017\/10\/24\/zmiany-sekcja-jogi-i-gimnastyczna\/"},"modified":"2017-10-24T13:17:43","modified_gmt":"2017-10-24T11:17:43","slug":"zmiany-sekcja-jogi-i-gimnastyczna","status":"publish","type":"post","link":"https:\/\/utwstarachowice.pl\/?p=413","title":{"rendered":"Zmiany-sekcja jogi i gimnastyczna &#8230;&#8230;"},"content":{"rendered":"<ul style=\"list-style-type: square;\">\n<li><strong><span style=\"font-family: arial,helvetica,sans-serif; font-size: medium;\">Zaj\u0119cia z gimnastyki s\u0105 odwo\u0142ane 31 pa\u017adziernika 2017r. (wtorek) i 2 listopada 2017r. (czwartek). Osoby, kt\u00f3re ju\u017c op\u0142aci\u0142y wtorkowe zaj\u0119cia, b\u0119d\u0105 mia\u0142y po 4,-z\u0142 przelane na poczet op\u0142at za listopad. <\/span><\/strong><\/li>\n<li><strong><span style=\"font-family: arial,helvetica,sans-serif; font-size: medium;\">Od listopada 2017r. zaj\u0119cia jogi b\u0119d\u0105 w budynku gimnastyki korekcyjnej na ul, \u017beromskiego. Jedna grupa b\u0119dzie w \u015brod\u0119 od godz. 12.30, a druga grupa w czwartek od godz. 8.00.<\/span><\/strong><\/li>\n<\/ul>\n","protected":false},"excerpt":{"rendered":"<p>Zaj\u0119cia z gimnastyki s\u0105 odwo\u0142ane 31 pa\u017adziernika 2017r. (wtorek) i 2 listopada 2017r. (czwartek). Osoby, kt\u00f3re ju\u017c op\u0142aci\u0142y wtorkowe zaj\u0119cia, &hellip;<\/p>\n","protected":false},"author":3,"featured_media":0,"comment_status":"open","ping_status":"open","sticky":true,"template":"","format":"standard","meta":{"footnotes":""},"categories":[1],"tags":[],"_links":{"self":[{"href":"https:\/\/utwstarachowice.pl\/index.php?rest_route=\/wp\/v2\/posts\/413"}],"collection":[{"href":"https:\/\/utwstarachowice.pl\/index.php?rest_route=\/wp\/v2\/posts"}],"about":[{"href":"https:\/\/utwstarachowice.pl\/index.php?rest_route=\/wp\/v2\/types\/post"}],"author":[{"embeddable":true,"href":"https:\/\/utwstarachowice.pl\/index.php?rest_route=\/wp\/v2\/users\/3"}],"replies":[{"embeddable":true,"href":"https:\/\/utwstarachowice.pl\/index.php?rest_route=%2Fwp%2Fv2%2Fcomments&post=413"}],"version-history":[{"count":0,"href":"https:\/\/utwstarachowice.pl\/index.php?rest_route=\/wp\/v2\/posts\/413\/revisions"}],"wp:attachment":[{"href":"https:\/\/utwstarachowice.pl\/index.php?rest_route=%2Fwp%2Fv2%2Fmedia&parent=413"}],"wp:term":[{"taxonomy":"category","embeddable":true,"href":"https:\/\/utwstarachowice.pl\/index.php?rest_route=%2Fwp%2Fv2%2Fcategories&post=413"},{"taxonomy":"post_tag","embeddable":true,"href":"https:\/\/utwstarachowice.pl\/index.php?rest_route=%2Fwp%2Fv2%2Ftags&post=413"}],"curies":[{"name":"wp","href":"https:\/\/api.w.org\/{rel}","templated":true}]}}