{"id":412,"date":"2017-10-12T22:09:35","date_gmt":"2017-10-12T20:09:35","guid":{"rendered":"https:\/\/utwstarachowice.pl\/2017\/10\/12\/wieczor-wspomnien\/"},"modified":"2017-10-12T22:09:35","modified_gmt":"2017-10-12T20:09:35","slug":"wieczor-wspomnien","status":"publish","type":"post","link":"https:\/\/utwstarachowice.pl\/?p=412","title":{"rendered":"WIECZ\u00d3R WSPOMNIE\u0143 &#8230;&#8230;"},"content":{"rendered":"<p><strong><span style=\"font-size: large; font-family: arial,helvetica,sans-serif;\"><span style=\"text-decoration: underline;\">26 pa\u017adziernika 2017r. (czwartek) o godz. 15.00<\/span> sekcja literacka zaprasza wszystkich ch\u0119tnych s\u0142uchaczy do Biblioteki Pedagogicznej (ul. Ko\u015bcielna) na &#8222;Wiecz\u00f3r wspomnie\u0144&#8221;, kt\u00f3ry odb\u0119dzie si\u0119 w ramach obchod\u00f3w jubileuszu 10-lecia istnienia UTW w Starachowicach. To w\u0142a\u015bnie dekada dzia\u0142alno\u015bci naszego stowarzyszenia b\u0119dzie tematem tego spotkania. <\/span><\/strong><\/p>\n","protected":false},"excerpt":{"rendered":"<p>26 pa\u017adziernika 2017r. (czwartek) o godz. 15.00 sekcja literacka zaprasza wszystkich ch\u0119tnych s\u0142uchaczy do Biblioteki Pedagogicznej (ul. Ko\u015bcielna) na &#8222;Wiecz\u00f3r &hellip;<\/p>\n","protected":false},"author":3,"featured_media":0,"comment_status":"open","ping_status":"open","sticky":true,"template":"","format":"standard","meta":{"footnotes":""},"categories":[1],"tags":[],"_links":{"self":[{"href":"https:\/\/utwstarachowice.pl\/index.php?rest_route=\/wp\/v2\/posts\/412"}],"collection":[{"href":"https:\/\/utwstarachowice.pl\/index.php?rest_route=\/wp\/v2\/posts"}],"about":[{"href":"https:\/\/utwstarachowice.pl\/index.php?rest_route=\/wp\/v2\/types\/post"}],"author":[{"embeddable":true,"href":"https:\/\/utwstarachowice.pl\/index.php?rest_route=\/wp\/v2\/users\/3"}],"replies":[{"embeddable":true,"href":"https:\/\/utwstarachowice.pl\/index.php?rest_route=%2Fwp%2Fv2%2Fcomments&post=412"}],"version-history":[{"count":0,"href":"https:\/\/utwstarachowice.pl\/index.php?rest_route=\/wp\/v2\/posts\/412\/revisions"}],"wp:attachment":[{"href":"https:\/\/utwstarachowice.pl\/index.php?rest_route=%2Fwp%2Fv2%2Fmedia&parent=412"}],"wp:term":[{"taxonomy":"category","embeddable":true,"href":"https:\/\/utwstarachowice.pl\/index.php?rest_route=%2Fwp%2Fv2%2Fcategories&post=412"},{"taxonomy":"post_tag","embeddable":true,"href":"https:\/\/utwstarachowice.pl\/index.php?rest_route=%2Fwp%2Fv2%2Ftags&post=412"}],"curies":[{"name":"wp","href":"https:\/\/api.w.org\/{rel}","templated":true}]}}