{"id":410,"date":"2017-09-27T19:51:28","date_gmt":"2017-09-27T17:51:28","guid":{"rendered":"https:\/\/utwstarachowice.pl\/2017\/09\/27\/pazdziernik-2017r-komunikaty-dla-sluchaczy-utw\/"},"modified":"2017-09-27T19:51:28","modified_gmt":"2017-09-27T17:51:28","slug":"pazdziernik-2017r-komunikaty-dla-sluchaczy-utw","status":"publish","type":"post","link":"https:\/\/utwstarachowice.pl\/?p=410","title":{"rendered":"Pa\u017adziernik 2017r.-komunikaty dla s\u0142uchaczy UTW"},"content":{"rendered":"<p style=\"margin-left: 0.11cm; margin-right: 0.03cm; margin-bottom: 0cm;\" lang=\"hi-IN\" align=\"CENTER\"><span style=\"font-family: Arial,sans-serif; font-size: medium;\"><span style=\"text-decoration: underline;\"><strong>Komunikaty dla s\u0142uchaczy UTW <\/strong><\/span><\/span><\/p>\n<p style=\"margin-bottom: 0cm;\" lang=\"hi-IN\" align=\"CENTER\"><span style=\"font-family: Arial,sans-serif; font-size: large;\"><span style=\"text-decoration: underline;\"><strong>PA\u0179DZIERNIK 2017r.<\/strong><\/span><\/span><\/p>\n<p style=\"margin-bottom: 0cm; line-height: 0.18cm;\" lang=\"hi-IN\"><span style=\"font-family: Arial,sans-serif; font-size: large;\">\u00a0<span style=\"text-decoration: underline;\"><strong>06-10-2017r. <\/strong>(pi\u0105tek) <\/span><\/span><\/p>\n<p style=\"margin-bottom: 0cm; line-height: 0.18cm;\" lang=\"hi-IN\" align=\"JUSTIFY\"><strong><span style=\"font-family: Arial,sans-serif; font-size: medium;\">Uroczyste rozpocz\u0119cie ROKU AKADEMICKIEGO 2017\/2018.<\/span><\/strong><\/p>\n<p style=\"margin-bottom: 0cm; line-height: 0.18cm;\" lang=\"hi-IN\" align=\"JUSTIFY\"><strong><span style=\"font-family: Arial,sans-serif; font-size: medium;\">Wyk\u0142ad inauguracyjny wyg\u0142osi Dziekan wydzia\u0142u Humanistycznego<\/span><\/strong><\/p>\n<p style=\"margin-bottom: 0cm; line-height: 0.18cm;\" lang=\"hi-IN\" align=\"JUSTIFY\"><strong><span style=\"font-family: Arial,sans-serif; font-size: medium;\"> UJK w Kielcach pani dr hab.Marzena Marczewska.<\/span><\/strong><\/p>\n<p style=\"margin-bottom: 0cm; line-height: 0.18cm;\" lang=\"hi-IN\" align=\"JUSTIFY\"><strong><span style=\"font-family: Arial,sans-serif; font-size: medium;\">Uroczysto\u015b\u0107 odb\u0119dzie si\u0119 o godz. 16.00 w Starachowickiej <\/span><\/strong><\/p>\n<p style=\"margin-bottom: 0cm; line-height: 0.18cm;\" lang=\"hi-IN\" align=\"JUSTIFY\"><strong><span style=\"font-family: Arial,sans-serif; font-size: medium;\">Sp\u00f3\u0142dzielni Mieszkaniowej przy ul. Wojska Polskiego.<\/span><\/strong><\/p>\n<p style=\"margin-bottom: 0cm; line-height: 0.18cm;\" lang=\"hi-IN\" align=\"JUSTIFY\"><strong><span style=\"font-family: Arial,sans-serif; font-size: medium;\"><span style=\"text-decoration: underline;\">06-10-2017r. (pi\u0105tek)<\/span><\/span><\/strong><\/p>\n<p style=\"margin-bottom: 0cm; line-height: 0.18cm;\" lang=\"hi-IN\" align=\"JUSTIFY\"><strong><span style=\"font-family: Arial,sans-serif; font-size: medium;\">Przed galeri\u0105 \u201eSka\u0142ka\u201d w pobli\u017cu parkingu, o godz. 15.00 (przed <\/span><\/strong><\/p>\n<p style=\"margin-bottom: 0cm; line-height: 0.18cm;\" lang=\"hi-IN\" align=\"JUSTIFY\"><strong><span style=\"font-family: Arial,sans-serif; font-size: medium;\">oficjaln\u0105 inauguracj\u0105 roku akad. 2017\/2018) nast\u0105pi uroczyste<\/span><\/strong><\/p>\n<p style=\"margin-bottom: 0cm; line-height: 0.18cm;\" lang=\"hi-IN\" align=\"JUSTIFY\"><strong><span style=\"font-family: Arial,sans-serif; font-size: medium;\"> posadzenie D\u0118BU &#8222;JUBILAT\u201d, stanowi\u0105cego symbol 10-letniej<\/span><\/strong><\/p>\n<p style=\"margin-bottom: 0cm; line-height: 0.18cm;\" lang=\"hi-IN\" align=\"JUSTIFY\"><strong><span style=\"font-family: Arial,sans-serif; font-size: medium;\"> dzia\u0142alno\u015bci UTW w Starachowicach. <\/span><\/strong><\/p>\n<p style=\"margin-bottom: 0cm; line-height: 0.18cm;\" lang=\"hi-IN\" align=\"JUSTIFY\"><strong><span style=\"font-family: Arial,sans-serif; font-size: medium;\"><span style=\"text-decoration: underline;\">07\u201310-2017r. <\/span><span style=\"text-decoration: underline;\">(sobota). <\/span> <\/span><\/strong><\/p>\n<p style=\"margin-bottom: 0cm; line-height: 0.18cm;\" lang=\"hi-IN\" align=\"JUSTIFY\"><strong><span style=\"font-family: Arial,sans-serif; font-size: medium;\">W godz. 14.00-18.00 w \u201eMuzeum Przyrody i Techniki\u201d odb\u0119dzie si\u0119 <\/span><\/strong><\/p>\n<p style=\"margin-bottom: 0cm; line-height: 0.18cm;\" lang=\"hi-IN\" align=\"JUSTIFY\"><strong><span style=\"font-family: Arial,sans-serif; font-size: medium;\">ognisko integracyjne.<\/span><\/strong><\/p>\n<p style=\"margin-bottom: 0cm; line-height: 0.18cm;\" lang=\"hi-IN\" align=\"JUSTIFY\"><strong><span style=\"font-family: Arial,sans-serif; font-size: medium;\">Zarz\u0105d zapewnia produkty na ognisko. <\/span><\/strong><\/p>\n<p style=\"margin-bottom: 0cm; line-height: 0.18cm;\" lang=\"hi-IN\"><strong><span style=\"font-family: Arial,sans-serif; font-size: medium;\"><span style=\"text-decoration: underline;\">11-10-2017r. (\u015broda) i 14\u201310-2017r. (sobota)<\/span><\/span><\/strong><\/p>\n<p style=\"margin-bottom: 0cm; line-height: 0.18cm;\" lang=\"hi-IN\" align=\"JUSTIFY\"><strong><span style=\"font-family: Arial,sans-serif; font-size: medium;\">Spacer na trasie; Starachowice &#8211;\u00a0 Micha\u0142\u00f3w \u2013 Starachowice<\/span><\/strong><\/p>\n<p style=\"margin-bottom: 0cm; line-height: 0.18cm;\" lang=\"hi-IN\" align=\"JUSTIFY\"><strong><span style=\"font-family: Arial,sans-serif; font-size: medium;\"> Wschodnie W\u0105skotorowe z ogniskiem przy parowozowni. <\/span><\/strong><\/p>\n<p style=\"margin-bottom: 0cm; line-height: 0.18cm;\" lang=\"hi-IN\" align=\"JUSTIFY\"><strong><span style=\"font-family: Arial,sans-serif; font-size: medium;\">W programie przewidziane jazdy drezyn\u0105.<\/span><\/strong><\/p>\n<p style=\"margin-bottom: 0cm; line-height: 0.18cm;\" lang=\"hi-IN\" align=\"JUSTIFY\"><strong><span style=\"font-family: Arial,sans-serif; font-size: medium;\">Spotkanie na stacji PKP Starachowice Wschodnie o godz. 9.15. <\/span><\/strong><\/p>\n<p style=\"margin-bottom: 0cm; line-height: 0.18cm;\" lang=\"hi-IN\" align=\"JUSTIFY\"><strong><span style=\"font-family: Arial,sans-serif; font-size: medium;\"><span style=\"text-decoration: underline;\">18-10-2017r. (\u015broda)<\/span><\/span><\/strong><\/p>\n<p style=\"line-height: 0.18cm;\" lang=\"hi-IN\" align=\"JUSTIFY\"><strong><span style=\"font-family: Arial,sans-serif; font-size: medium;\">Wyjazd do Solca na baseny siarczkowe. Szczeg\u00f3\u0142y przeka\u017ce Halina<\/span><\/strong><\/p>\n<p style=\"line-height: 0.18cm;\" lang=\"hi-IN\" align=\"JUSTIFY\"><strong><span style=\"font-family: Arial,sans-serif; font-size: medium;\"> Sidor w biurze Rady Senior\u00f3w w galerii \u201eSka\u0142ka\u201d na I pi\u0119trze w<\/span><\/strong><\/p>\n<p style=\"line-height: 0.18cm;\" lang=\"hi-IN\" align=\"JUSTIFY\"><strong><span style=\"font-family: Arial,sans-serif; font-size: medium;\"> \u015brody.<\/span><\/strong><\/p>\n<p style=\"margin-bottom: 0cm; line-height: 0.18cm;\" lang=\"hi-IN\" align=\"JUSTIFY\"><strong><span style=\"font-family: Arial,sans-serif; font-size: medium;\"><span style=\"text-decoration: underline;\">21-10-2017 r. (sobota) i 25-10-2017r. (\u015broda).<\/span><\/span><\/strong><\/p>\n<p style=\"margin-bottom: 0cm; line-height: 0.18cm;\" lang=\"hi-IN\" align=\"JUSTIFY\"><strong><span style=\"font-family: Arial,sans-serif; font-size: medium;\">Spacer na trasie : Styk\u00f3w \u2013 Dziur\u00f3w. W programie przewidziane jest<\/span><\/strong><\/p>\n<p style=\"margin-bottom: 0cm; line-height: 0.18cm;\" lang=\"hi-IN\" align=\"JUSTIFY\"><strong><span style=\"font-family: Arial,sans-serif; font-size: medium;\"> zwiedzanie wiejskiego domu.<\/span><\/strong><\/p>\n<p style=\"margin-bottom: 0cm; line-height: 0.18cm;\" lang=\"hi-IN\" align=\"JUSTIFY\"><strong><span style=\"font-family: Arial,sans-serif; font-size: medium;\">Spotkanie na stacji PKP Starachowice Wschodnie o godz. 9.15.<\/span><\/strong><\/p>\n<p style=\"margin-bottom: 0cm; line-height: 0.18cm; text-align: center;\" lang=\"hi-IN\" align=\"JUSTIFY\"><strong><span style=\"font-family: Arial,sans-serif; font-size: medium;\"><a name=\"__DdeLink__1_1192998404\"><\/a><span style=\"text-decoration: underline;\">UWAGA !!!!!<\/span><\/span><\/strong><\/p>\n<ul>\n<li><strong><span style=\"font-family: Arial,sans-serif; font-size: medium;\">Przypominamy, \u017ce trwaj\u0105 zapisy na bal z okazji jubileuszu 10-lecia UTW, kt\u00f3ry odb\u0119dzie si\u0119 7-XI-2017r. Zapisy i wszelkie informacje w biurze UTW w czasie dy\u017cur\u00f3w ( poniedzia\u0142ki, \u015brody, pi\u0105tki w godz. 10.00-12.00.<\/span><\/strong><\/li>\n<li><strong><span style=\"font-family: Arial,sans-serif; font-size: medium;\">Zaj\u0119cia z informatyki prowadzone przez pani\u0105 Iz\u0119 Haczyk-\u0106wik rozpoczn\u0105 si\u0119 w listopadzie.<\/span><\/strong><\/li>\n<li><strong><span style=\"font-family: Arial,sans-serif; font-size: medium;\">Wszystkie bie\u017c\u0105ce informacje b\u0119d\u0105 podawane na stronie internetowej naszego UTW, na bloogu oraz w naszej witrynie w galerii \u201eSka\u0142ka\u201d na I pi\u0119trze obok biura.<\/span><\/strong><\/li>\n<\/ul>\n","protected":false},"excerpt":{"rendered":"<p>Komunikaty dla s\u0142uchaczy UTW PA\u0179DZIERNIK 2017r. \u00a006-10-2017r. (pi\u0105tek) Uroczyste rozpocz\u0119cie ROKU AKADEMICKIEGO 2017\/2018. Wyk\u0142ad inauguracyjny wyg\u0142osi Dziekan wydzia\u0142u Humanistycznego UJK &hellip;<\/p>\n","protected":false},"author":3,"featured_media":0,"comment_status":"open","ping_status":"open","sticky":true,"template":"","format":"standard","meta":{"footnotes":""},"categories":[1],"tags":[],"_links":{"self":[{"href":"https:\/\/utwstarachowice.pl\/index.php?rest_route=\/wp\/v2\/posts\/410"}],"collection":[{"href":"https:\/\/utwstarachowice.pl\/index.php?rest_route=\/wp\/v2\/posts"}],"about":[{"href":"https:\/\/utwstarachowice.pl\/index.php?rest_route=\/wp\/v2\/types\/post"}],"author":[{"embeddable":true,"href":"https:\/\/utwstarachowice.pl\/index.php?rest_route=\/wp\/v2\/users\/3"}],"replies":[{"embeddable":true,"href":"https:\/\/utwstarachowice.pl\/index.php?rest_route=%2Fwp%2Fv2%2Fcomments&post=410"}],"version-history":[{"count":0,"href":"https:\/\/utwstarachowice.pl\/index.php?rest_route=\/wp\/v2\/posts\/410\/revisions"}],"wp:attachment":[{"href":"https:\/\/utwstarachowice.pl\/index.php?rest_route=%2Fwp%2Fv2%2Fmedia&parent=410"}],"wp:term":[{"taxonomy":"category","embeddable":true,"href":"https:\/\/utwstarachowice.pl\/index.php?rest_route=%2Fwp%2Fv2%2Fcategories&post=410"},{"taxonomy":"post_tag","embeddable":true,"href":"https:\/\/utwstarachowice.pl\/index.php?rest_route=%2Fwp%2Fv2%2Ftags&post=410"}],"curies":[{"name":"wp","href":"https:\/\/api.w.org\/{rel}","templated":true}]}}