{"id":41,"date":"2015-04-29T18:43:24","date_gmt":"2015-04-29T16:43:24","guid":{"rendered":"https:\/\/utwstarachowice.pl\/2015\/04\/29\/wyklad-dr-alicji-krawczyk-w-dn-20-04-2015-r\/"},"modified":"2015-04-29T18:43:24","modified_gmt":"2015-04-29T16:43:24","slug":"wyklad-dr-alicji-krawczyk-w-dn-20-04-2015-r","status":"publish","type":"post","link":"https:\/\/utwstarachowice.pl\/?p=41","title":{"rendered":"Wyk\u0142ad dr Alicji Krawczyk w dn.20.04.2015 r."},"content":{"rendered":"<p>\u00a0<\/p>\n<p>\u00a0<\/p>\n<p style=\"margin-bottom: 0cm;\">\u00a0\u00a0\u00a0\u00a0\u00a0\u00a0\u00a0\u00a0\u00a0\u00a0\u00a0\u00a0\u00a0\u00a0\u00a0\u00a0\u00a0\u00a0\u00a0\u00a0\u00a0\u00a0\u00a0\u00a0\u00a0\u00a0\u00a0 \u201e<span style=\"font-size: large;\"><strong>Topos ogrodu w kulturze europejskiej\u201d<\/strong><\/span><\/p>\n<p style=\"margin-bottom: 0cm;\"><span style=\"font-size: large;\"><strong>\u00a0<\/strong><\/span><\/p>\n<p style=\"margin-bottom: 0cm;\"><span style=\"font-size: large;\"><strong>&#8211; <\/strong><\/span><span style=\"font-size: large;\">zosta\u0142 jak zwykle przyj\u0119ty przez s\u0142uchaczy UTW z du\u017cym zadowoleniem.<\/span><\/p>\n<p style=\"margin-bottom: 0cm;\"><span style=\"font-size: large;\">Na pocz\u0105tku wyk\u0142adowczyni obja\u015bni\u0142a znaczenie terminu <\/span><span style=\"font-size: large;\"><em><strong>topos<\/strong><\/em><\/span><span style=\"font-size: large;\">. Nast\u0119pnie przekrojowo pokaza\u0142a <\/span><span style=\"font-size: large;\"><em><strong>topos ogrodu <\/strong><\/em><\/span><span style=\"font-size: large;\">w kulturze europejskiej pocz\u0105wszy od opisu pierwszego ogrodu biblijnego <\/span><span style=\"font-size: large;\"><em><strong>Eden, <\/strong><\/em><\/span><span style=\"font-size: large;\">kt\u00f3ry znajdujemy w Ks. Rodzaju <\/span><span style=\"font-size: large;\"><strong>Starego Testamentu,<\/strong><\/span><span style=\"font-size: large;\"> poprzez poezj\u0119 epoki staro\u017cytnej (<\/span><span style=\"font-size: large;\"><strong>Mitologia<\/strong><\/span><span style=\"font-size: large;\">, poezja <\/span><span style=\"font-size: large;\"><strong>Horacego), <\/strong><\/span><span style=\"font-size: large;\">Renesansu <\/span><span style=\"font-size: large;\"><strong>(J. Kochanowski \u2013 \u201eCzego chcesz od nas Panie?\u201d,<\/strong><\/span><span style=\"font-size: large;\"> a\u017c po wsp\u00f3\u0142czesno\u015b\u0107 na przyk\u0142adzie utwor\u00f3w <\/span><span style=\"font-size: large;\"><strong>Z. Herberta, Cz. Mi\u0142osza, B. Le\u015bmiana;<\/strong><\/span><span style=\"font-size: large;\"> w tekstach piosenek <\/span><span style=\"font-size: large;\"><strong>J. Kaczmarskiego \u201eWygnanie z raju\u201d,<\/strong><\/span><span style=\"font-size: large;\"> czy <\/span><span style=\"font-size: large;\"><strong>J. Kofty \u201ePami\u0119tajcie o ogrodach\u201d,<\/strong><\/span><span style=\"font-size: large;\"> w kt\u00f3rych ogr\u00f3d uczyniony r\u0119k\u0105 ludzk\u0105 jest w opozycji do ogrodu stworzonego przez Boga.<\/span><\/p>\n<p style=\"margin-bottom: 0cm;\"><span style=\"font-size: large;\">Topos ogrodu widzimy r\u00f3wnie\u017c w malarstwie np. obraz <\/span><span style=\"font-size: large;\"><strong>\u201eDziwny ogr\u00f3d\u201d J. Mehoffera (Impresjonizm)<\/strong><\/span><span style=\"font-size: large;\"> lub <\/span><span style=\"font-size: large;\"><strong>\u201eB\u00f3g stwarzaj\u0105cy \u015bwiat\u201d W. Blaka.<\/strong><\/span><\/p>\n<p style=\"margin-bottom: 0cm;\"><span style=\"font-size: large;\">Wyk\u0142adowczyni przypomnia\u0142a r\u00f3wnie\u017c o <\/span><span style=\"font-size: large;\"><strong>Ogrodzie Getsemani \u2013<\/strong><\/span><span style=\"font-size: large;\"> to ca\u0142kiem inny ogr\u00f3d \u2013 ogr\u00f3d cierpienia i \u015bmierci, ale daj\u0105cy pocz\u0105tek odkupienia!<\/span><\/p>\n<p style=\"margin-bottom: 0cm;\"><span style=\"font-size: large;\">S\u0142owa wypowiadane przez <\/span><span style=\"font-size: large;\"><strong>dr A. Krawczyk<\/strong><\/span><span style=\"font-size: large;\"> by\u0142y balsamem na nasze dusze z t\u0119sknot\u0105 oczekuj\u0105ce na przed\u0142u\u017caj\u0105ce si\u0119 nadej\u015bcie wiosny.<\/span><\/p>\n<p style=\"margin-bottom: 0cm;\"><span style=\"font-size: large;\">\u00a0<\/span><\/p>\n<p style=\"margin-bottom: 0cm;\"><span style=\"font-size: large;\">\u00a0\u00a0\u00a0\u00a0\u00a0\u00a0\u00a0\u00a0\u00a0\u00a0\u00a0\u00a0\u00a0\u00a0\u00a0\u00a0\u00a0\u00a0\u00a0\u00a0\u00a0\u00a0\u00a0\u00a0\u00a0\u00a0\u00a0\u00a0\u00a0\u00a0\u00a0\u00a0\u00a0\u00a0\u00a0\u00a0\u00a0\u00a0\u00a0\u00a0\u00a0\u00a0\u00a0\u00a0\u00a0\u00a0\u00a0\u00a0\u00a0\u00a0\u00a0\u00a0\u00a0\u00a0\u00a0\u00a0\u00a0\u00a0\u00a0 Lucjana El\u017cbieta Nowak<\/span><\/p>\n<p style=\"margin-bottom: 0cm;\"><span style=\"font-size: large;\">\u00a0<\/span><\/p>\n<p style=\"margin-bottom: 0cm;\"><span style=\"font-size: large;\">\u00a0<\/span><\/p>\n<p style=\"margin-bottom: 0cm;\"><span style=\"font-size: large;\">\u00a0<\/span><\/p>\n<p style=\"margin-bottom: 0cm;\">\u00a0<\/p>\n<p style=\"text-indent: 1.25cm; margin-bottom: 0cm;\" align=\"JUSTIFY\"><span style=\"font-size: medium;\"><strong>\u00a0\u00a0\u00a0\u00a0\u00a0\u00a0\u00a0\u00a0\u00a0\u00a0\u00a0 Dwug\u0142os w sprawie wyk\u0142adu z literatury \u2013 20 IV 2015 <\/strong><\/span><\/p>\n<p style=\"text-indent: 1.25cm; margin-bottom: 0cm;\" align=\"JUSTIFY\"><span style=\"font-size: medium;\"><strong>\u00a0<\/strong><\/span><\/p>\n<p style=\"margin-bottom: 0cm;\">\u00a0<\/p>\n<p style=\"text-indent: 1.25cm; margin-bottom: 0cm;\" align=\"JUSTIFY\"><span style=\"font-size: medium;\">S\u0142uchacze UTW z zainteresowaniem wys\u0142uchali wyk\u0142adu na temat \u017cywotnego w kulturze europejskiej toposu ogrodu. Na wybranych przyk\u0142adach z literatury polskiej i obcej mogli \u015bledzi\u0107 dzieje motywu i znaczenia, jakie nadawali mu tw\u00f3rcy w r\u00f3\u017cnych epokach. Na wyk\u0142adzie om\u00f3wione zosta\u0142y najstarsze wyobra\u017cenia ogrodu: biblijny Eden, ogr\u00f3d oliwny Gethsemani, miejsce cierpienia i samotno\u015bci Chrystusa; mitologiczne obrazy ogrodu w micie o Z\u0142otym Wieku ludzko\u015bci, micie arkadyjskim, ogrodach Persefony ( Elizjum, Tartarze i \u0141\u0105kach Asfodelowych), sadzie Hesperyd. W wywodzie nie mog\u0142o zabrakn\u0105\u0107 r\u00f3wnie\u017c miejsca po\u015bwi\u0119conego ogrodom filozof\u00f3w, zw\u0142aszcza Ogrodowi Epikura, w kt\u00f3rym mie\u015bci\u0142a si\u0119 za\u0142o\u017cona przez niego szko\u0142a w Atenach za bram\u0105 Dipylo\u0144sk\u0105. W Ogrodzie stworzy\u0142 mistrz filozofi\u0119 \u017cycia polegaj\u0105c\u0105 na d\u0105\u017ceniu cz\u0142owieka do szcz\u0119\u015bcia, \u0107wiczeniu si\u0119 w m\u0105dro\u015bci, kt\u00f3ra podpowiada cz\u0142owiekowi jak \u017cy\u0107, czego unika\u0107, jak panowa\u0107 nad nami\u0119tno\u015bciami. Celem wyk\u0142adu by\u0142o u\u015bwiadomienie s\u0142uchaczom, \u017ce tradycja kulturowa to nieko\u0144cz\u0105cy si\u0119 dialog my\u015bli, idei, pogl\u0105d\u00f3w, to nie tylko kontynuacja, ale dyskurs, sp\u00f3r o nasze rozumienie \u015bwiata i w\u0142asnego w nim miejsca. <\/span><\/p>\n<p style=\"margin-bottom: 0cm;\">\u00a0<\/p>\n<p style=\"text-indent: 1.25cm; margin-bottom: 0cm;\" align=\"JUSTIFY\"><span style=\"font-size: medium;\"><strong>\u00a0\u00a0\u00a0\u00a0\u00a0\u00a0\u00a0\u00a0\u00a0\u00a0\u00a0\u00a0\u00a0\u00a0\u00a0\u00a0\u00a0\u00a0\u00a0\u00a0\u00a0\u00a0\u00a0\u00a0\u00a0\u00a0\u00a0\u00a0\u00a0\u00a0\u00a0\u00a0\u00a0\u00a0\u00a0\u00a0\u00a0\u00a0\u00a0\u00a0\u00a0\u00a0\u00a0\u00a0\u00a0\u00a0\u00a0\u00a0\u00a0\u00a0\u00a0\u00a0\u00a0\u00a0\u00a0\u00a0\u00a0\u00a0\u00a0\u00a0\u00a0\u00a0\u00a0\u00a0\u00a0\u00a0\u00a0\u00a0\u00a0\u00a0\u00a0\u00a0\u00a0\u00a0\u00a0\u00a0\u00a0 Alicja Krawczyk<\/strong><\/span><\/p>\n<p style=\"text-indent: 1.25cm; margin-bottom: 0cm;\" align=\"JUSTIFY\"><span style=\"font-size: medium;\"><strong>\u00a0<\/strong><\/span><\/p>\n<p style=\"text-indent: 1.25cm; margin-bottom: 0cm;\" align=\"JUSTIFY\"><span style=\"font-size: medium;\"><strong>\u00a0<\/strong><\/span><\/p>\n<p style=\"text-indent: 1.25cm; margin-bottom: 0cm;\" align=\"JUSTIFY\"><span style=\"font-size: medium;\"><strong>\u00a0<\/strong><\/span><\/p>\n<p style=\"text-indent: 1.25cm; margin-bottom: 0cm;\" align=\"JUSTIFY\"><span style=\"font-size: medium;\"><strong>\u00a0<\/strong><\/span><\/p>\n<p style=\"text-indent: 1.25cm; margin-bottom: 0cm;\" align=\"JUSTIFY\"><span style=\"font-size: medium;\"><strong>\u00a0<\/strong><\/span><\/p>\n<p style=\"margin-bottom: 0cm;\">\u00a0<\/p>\n<p style=\"margin-bottom: 0cm;\">\u00a0<\/p>\n<p style=\"margin-bottom: 0cm;\"><span style=\"font-size: large;\">\u00a0<\/span><\/p>\n","protected":false},"excerpt":{"rendered":"<p>\u00a0 \u00a0 \u00a0\u00a0\u00a0\u00a0\u00a0\u00a0\u00a0\u00a0\u00a0\u00a0\u00a0\u00a0\u00a0\u00a0\u00a0\u00a0\u00a0\u00a0\u00a0\u00a0\u00a0\u00a0\u00a0\u00a0\u00a0\u00a0\u00a0 \u201eTopos ogrodu w kulturze europejskiej\u201d \u00a0 &#8211; zosta\u0142 jak zwykle przyj\u0119ty przez s\u0142uchaczy UTW z du\u017cym zadowoleniem. &hellip;<\/p>\n","protected":false},"author":3,"featured_media":0,"comment_status":"open","ping_status":"open","sticky":true,"template":"","format":"standard","meta":{"footnotes":""},"categories":[1],"tags":[],"_links":{"self":[{"href":"https:\/\/utwstarachowice.pl\/index.php?rest_route=\/wp\/v2\/posts\/41"}],"collection":[{"href":"https:\/\/utwstarachowice.pl\/index.php?rest_route=\/wp\/v2\/posts"}],"about":[{"href":"https:\/\/utwstarachowice.pl\/index.php?rest_route=\/wp\/v2\/types\/post"}],"author":[{"embeddable":true,"href":"https:\/\/utwstarachowice.pl\/index.php?rest_route=\/wp\/v2\/users\/3"}],"replies":[{"embeddable":true,"href":"https:\/\/utwstarachowice.pl\/index.php?rest_route=%2Fwp%2Fv2%2Fcomments&post=41"}],"version-history":[{"count":0,"href":"https:\/\/utwstarachowice.pl\/index.php?rest_route=\/wp\/v2\/posts\/41\/revisions"}],"wp:attachment":[{"href":"https:\/\/utwstarachowice.pl\/index.php?rest_route=%2Fwp%2Fv2%2Fmedia&parent=41"}],"wp:term":[{"taxonomy":"category","embeddable":true,"href":"https:\/\/utwstarachowice.pl\/index.php?rest_route=%2Fwp%2Fv2%2Fcategories&post=41"},{"taxonomy":"post_tag","embeddable":true,"href":"https:\/\/utwstarachowice.pl\/index.php?rest_route=%2Fwp%2Fv2%2Ftags&post=41"}],"curies":[{"name":"wp","href":"https:\/\/api.w.org\/{rel}","templated":true}]}}