{"id":408,"date":"2017-08-31T20:37:00","date_gmt":"2017-08-31T18:37:00","guid":{"rendered":"https:\/\/utwstarachowice.pl\/2017\/08\/31\/wernisaz-w-miejskiej-bibliotece-publicznej\/"},"modified":"2017-08-31T20:37:00","modified_gmt":"2017-08-31T18:37:00","slug":"wernisaz-w-miejskiej-bibliotece-publicznej","status":"publish","type":"post","link":"https:\/\/utwstarachowice.pl\/?p=408","title":{"rendered":"Wernisa\u017c w Miejskiej Bibliotece Publicznej &#8230;"},"content":{"rendered":"<p style=\"margin-bottom: 0cm;\"><span style=\"font-size: medium;\"><strong>Miejska Biblioteka Publiczna zaprasza na wernisa\u017c wystawy malarstwa &#8222;W zasi\u0119gu koloru&#8221; &#8211; El\u017cbiety Jab\u0142o\u0144skiej, Andrzeja Jamskiego i Dariusza Napory. <\/strong><\/span><\/p>\n<p style=\"margin-bottom: 0cm;\"><span style=\"font-size: medium;\"><strong>Wernisa\u017c odb\u0119dzie si\u0119 8 wrze\u015bnia 2017r. o godz. 17.00 w sali wystaw MBP &#8222;Reflex&#8221;(ul. Kochanowskiego 5). Wst\u0119p wolny.<\/strong><\/span><\/p>\n","protected":false},"excerpt":{"rendered":"<p>Miejska Biblioteka Publiczna zaprasza na wernisa\u017c wystawy malarstwa &#8222;W zasi\u0119gu koloru&#8221; &#8211; El\u017cbiety Jab\u0142o\u0144skiej, Andrzeja Jamskiego i Dariusza Napory. Wernisa\u017c &hellip;<\/p>\n","protected":false},"author":3,"featured_media":0,"comment_status":"open","ping_status":"open","sticky":true,"template":"","format":"standard","meta":{"footnotes":""},"categories":[1],"tags":[],"_links":{"self":[{"href":"https:\/\/utwstarachowice.pl\/index.php?rest_route=\/wp\/v2\/posts\/408"}],"collection":[{"href":"https:\/\/utwstarachowice.pl\/index.php?rest_route=\/wp\/v2\/posts"}],"about":[{"href":"https:\/\/utwstarachowice.pl\/index.php?rest_route=\/wp\/v2\/types\/post"}],"author":[{"embeddable":true,"href":"https:\/\/utwstarachowice.pl\/index.php?rest_route=\/wp\/v2\/users\/3"}],"replies":[{"embeddable":true,"href":"https:\/\/utwstarachowice.pl\/index.php?rest_route=%2Fwp%2Fv2%2Fcomments&post=408"}],"version-history":[{"count":0,"href":"https:\/\/utwstarachowice.pl\/index.php?rest_route=\/wp\/v2\/posts\/408\/revisions"}],"wp:attachment":[{"href":"https:\/\/utwstarachowice.pl\/index.php?rest_route=%2Fwp%2Fv2%2Fmedia&parent=408"}],"wp:term":[{"taxonomy":"category","embeddable":true,"href":"https:\/\/utwstarachowice.pl\/index.php?rest_route=%2Fwp%2Fv2%2Fcategories&post=408"},{"taxonomy":"post_tag","embeddable":true,"href":"https:\/\/utwstarachowice.pl\/index.php?rest_route=%2Fwp%2Fv2%2Ftags&post=408"}],"curies":[{"name":"wp","href":"https:\/\/api.w.org\/{rel}","templated":true}]}}