{"id":406,"date":"2017-06-11T13:55:32","date_gmt":"2017-06-11T11:55:32","guid":{"rendered":"https:\/\/utwstarachowice.pl\/2017\/06\/11\/ix-rajd-swietokrzyski-nordic-walking-refleksje\/"},"modified":"2017-06-11T13:55:32","modified_gmt":"2017-06-11T11:55:32","slug":"ix-rajd-swietokrzyski-nordic-walking-refleksje","status":"publish","type":"post","link":"https:\/\/utwstarachowice.pl\/?p=406","title":{"rendered":"IX Rajd \u015awi\u0119tokrzyski Nordic Walking &#8211; refleksje"},"content":{"rendered":"<p style=\"margin-bottom: 0cm; line-height: 0.18cm;\" lang=\"pl-PL\" align=\"JUSTIFY\"><span style=\"color: #000000; font-size: medium;\"><span style=\"font-family: Arial,serif;\">\u00a0\u00a0\u00a0\u00a0\u00a0\u00a0\u00a0\u00a0\u00a0\u00a0\u00a0\u00a0\u00a0\u00a0\u00a0\u00a0\u00a0\u00a0 9-06-2017r. odby\u0142 si\u0119 IX Rajd Nordic Walking zorganizowany<\/span><\/span><\/p>\n<p style=\"margin-bottom: 0cm; line-height: 0.18cm;\" lang=\"pl-PL\" align=\"JUSTIFY\"><span style=\"color: #000000; font-size: medium;\"><span style=\"font-family: Arial,serif;\"> przez, Zarz\u0105d UTW w ramach programu pt.: \u201eDzia\u0142alno\u015b\u0107 na rzecz os\u00f3b <\/span><\/span><\/p>\n<p style=\"margin-bottom: 0cm; line-height: 0.18cm;\" lang=\"pl-PL\" align=\"JUSTIFY\"><span style=\"color: #000000; font-size: medium;\"><span style=\"font-family: Arial,serif;\">w wieku emerytalnym\u201d cz\u0119\u015bciowo dotowany przez Starostwo Powiatowe<\/span><\/span><\/p>\n<p style=\"margin-bottom: 0cm; line-height: 0.18cm;\" lang=\"pl-PL\" align=\"JUSTIFY\"><span style=\"color: #000000; font-size: medium;\"><span style=\"font-family: Arial,serif;\"> w Starachowicach.<\/span><\/span><\/p>\n<p style=\"margin-bottom: 0cm; line-height: 0.18cm;\" lang=\"pl-PL\" align=\"JUSTIFY\"><span style=\"color: #000000; font-size: medium;\"><span style=\"font-family: Arial,serif;\">Wzi\u0119\u0142o w nim udzia\u0142 60 s\u0142uchaczy naszego stowarzyszenia. <\/span><\/span><\/p>\n<p style=\"margin-bottom: 0cm; line-height: 0.18cm;\" lang=\"pl-PL\" align=\"JUSTIFY\"><span style=\"color: #000000; font-size: medium;\"><span style=\"font-family: Arial,serif;\">\u201eRajdowicze\u201d wyjechali ze Starachowic do Nowej S\u0142upi autokarem oraz<\/span><\/span><\/p>\n<p style=\"margin-bottom: 0cm; line-height: 0.18cm;\" lang=\"pl-PL\" align=\"JUSTIFY\"><span style=\"color: #000000; font-size: medium;\"><span style=\"font-family: Arial,serif;\"> busem z zatoczki naprzeciwko \u201eBistro-Manhattan\u201d o godz 8.00. <\/span><\/span><\/p>\n<p style=\"margin-bottom: 0cm; line-height: 0.18cm;\" lang=\"pl-PL\" align=\"JUSTIFY\"><span style=\"color: #000000; font-size: medium;\"><span style=\"font-family: Arial,serif;\">Trasa rajdu wiod\u0142a z Nowej S\u0142upi Drog\u0105 Kr\u00f3lewsk\u0105 na \u015awi\u0119ty Krzy\u017c.<\/span><\/span><\/p>\n<p style=\"margin-bottom: 0cm; line-height: 0.18cm;\" lang=\"pl-PL\" align=\"JUSTIFY\"><span style=\"color: #000000; font-size: medium;\"><span style=\"font-family: Arial,serif;\"> Nast\u0119pnie uczestnicy zeszli do Huty Szklanej, gdzie wszystkich czeka\u0142o<\/span><\/span><\/p>\n<p style=\"margin-bottom: 0cm; line-height: 0.18cm;\" lang=\"pl-PL\" align=\"JUSTIFY\"><span style=\"color: #000000; font-size: medium;\"><span style=\"font-family: Arial,serif;\"> zwiedzanie i warsztaty w Osadzie \u015aredniowiecznej. <\/span><\/span><\/p>\n<p style=\"margin-bottom: 0cm; line-height: 0.18cm;\" lang=\"pl-PL\" align=\"JUSTIFY\"><span style=\"color: #000000; font-size: medium;\"><span style=\"font-family: Arial,serif;\">Rajd odby\u0142 si\u0119 w bardzo mi\u0142ym, sympatycznym nastroju. Dopisa\u0142a nam<\/span><\/span><\/p>\n<p style=\"margin-bottom: 0cm; line-height: 0.18cm;\" lang=\"pl-PL\" align=\"JUSTIFY\"><span style=\"color: #000000; font-size: medium;\"><span style=\"font-family: Arial,serif;\"> wspania\u0142a pogoda. Przewodnikiem rajdu by\u0142 kolega Andrzej Cygan.<\/span><\/span><\/p>\n<p style=\"margin-bottom: 0cm; line-height: 0.18cm;\" align=\"JUSTIFY\"><span style=\"font-family: Arial,serif; font-size: medium;\">Powr\u00f3t nast\u0105pi\u0142 oko\u0142o godz. 16.30 we wspania\u0142ych nastrojach, <\/span><\/p>\n<p style=\"margin-bottom: 0cm; line-height: 0.18cm;\" align=\"JUSTIFY\"><span style=\"font-family: Arial,serif; font-size: medium;\">z u\u015bmiechami na ustach i w oczekiwaniu na nast\u0119pne wsp\u00f3lne spotkania<\/span><\/p>\n<p style=\"margin-bottom: 0cm; line-height: 0.18cm;\" align=\"JUSTIFY\"><span style=\"font-family: Arial,serif; font-size: medium;\"> na szlakach naszych pi\u0119knych okolic w przysz\u0142ym roku akademickim.<\/span><\/p>\n<p style=\"margin-bottom: 0cm; line-height: 0.18cm;\" align=\"JUSTIFY\"><span style=\"font-size: medium;\">\u00a0<\/span><\/p>\n<p style=\"margin-bottom: 0cm; line-height: 0.18cm;\" lang=\"pl-PL\" align=\"JUSTIFY\"><strong><span style=\"color: #000000; font-size: medium;\"><span style=\"font-family: Arial,serif;\">Rajd odby\u0142 si\u0119 w roku jubileuszu 10-lecia dzia\u0142alno\u015bci Uniwersytetu<\/span><\/span><\/strong><\/p>\n<p style=\"margin-bottom: 0cm; line-height: 0.18cm;\" lang=\"pl-PL\" align=\"JUSTIFY\"><strong><span style=\"color: #000000; font-size: medium;\"><span style=\"font-family: Arial,serif;\"> Trzeciego Wieku w Starachowicach.<\/span><\/span><\/strong><\/p>\n<p style=\"margin-bottom: 0cm; line-height: 0.18cm;\" lang=\"pl-PL\" align=\"JUSTIFY\"><strong><span style=\"color: #000000; font-size: medium;\"><span style=\"font-family: Arial,serif;\">Zarz\u0105d dzi\u0119kuje wszystkim uczestnikom za udzia\u0142 w rajdzie,<\/span><\/span><\/strong><\/p>\n<p style=\"margin-bottom: 0cm; line-height: 0.18cm;\" lang=\"pl-PL\" align=\"JUSTIFY\"><strong><span style=\"color: #000000; font-size: medium;\"><span style=\"font-family: Arial,serif;\"> wsp\u00f3lnie sp\u0119dzony czas, zdyscyplinowanie i mi\u0142\u0105, rodzinn\u0105 <\/span><\/span><\/strong><\/p>\n<p style=\"margin-bottom: 0cm; line-height: 0.18cm;\" lang=\"pl-PL\" align=\"JUSTIFY\"><strong><span style=\"color: #000000; font-size: medium;\"><span style=\"font-family: Arial,serif;\">atmosfer\u0119. Dzi\u0119kujemy r\u00f3wnie\u017c naszemu wspania\u0142emu<\/span><\/span><\/strong><\/p>\n<p style=\"margin-bottom: 0cm; line-height: 0.18cm;\" lang=\"pl-PL\" align=\"JUSTIFY\"><strong><span style=\"color: #000000; font-size: medium;\"><span style=\"font-family: Arial,serif;\"> przewodnikowi &#8211; Andrzejowi Cyganowi za sprawne, profesjonalne<\/span><\/span><\/strong><\/p>\n<p style=\"margin-bottom: 0cm; line-height: 0.18cm;\" lang=\"pl-PL\" align=\"JUSTIFY\"><strong><span style=\"color: #000000; font-size: medium;\"><span style=\"font-family: Arial,serif;\"> poprowadzenie IX Rajdu \u015awi\u0119tokrzyskiego Nordic Walking, jak<\/span><\/span><\/strong><\/p>\n<p style=\"margin-bottom: 0cm; line-height: 0.18cm;\" lang=\"pl-PL\" align=\"JUSTIFY\"><strong><span style=\"color: #000000; font-size: medium;\"><span style=\"font-family: Arial,serif;\"> r\u00f3wnie\u017c wszystkich w\u0119dr\u00f3wek, kt\u00f3re odby\u0142y si\u0119 w roku akad.<\/span><\/span><\/strong><\/p>\n<p style=\"margin-bottom: 0cm; line-height: 0.18cm;\" lang=\"pl-PL\" align=\"JUSTIFY\"><strong><span style=\"color: #000000; font-size: medium;\"><span style=\"font-family: Arial,serif;\"> 2016\/2017 i latach poprzednich pod Jego &#8222;czujnym okiem&#8221;.<\/p>\n<p>.<\/span><\/span><\/strong><\/p>\n","protected":false},"excerpt":{"rendered":"<p>\u00a0\u00a0\u00a0\u00a0\u00a0\u00a0\u00a0\u00a0\u00a0\u00a0\u00a0\u00a0\u00a0\u00a0\u00a0\u00a0\u00a0\u00a0 9-06-2017r. odby\u0142 si\u0119 IX Rajd Nordic Walking zorganizowany przez, Zarz\u0105d UTW w ramach programu pt.: \u201eDzia\u0142alno\u015b\u0107 na rzecz os\u00f3b &hellip;<\/p>\n","protected":false},"author":3,"featured_media":0,"comment_status":"open","ping_status":"open","sticky":true,"template":"","format":"standard","meta":{"footnotes":""},"categories":[1],"tags":[],"_links":{"self":[{"href":"https:\/\/utwstarachowice.pl\/index.php?rest_route=\/wp\/v2\/posts\/406"}],"collection":[{"href":"https:\/\/utwstarachowice.pl\/index.php?rest_route=\/wp\/v2\/posts"}],"about":[{"href":"https:\/\/utwstarachowice.pl\/index.php?rest_route=\/wp\/v2\/types\/post"}],"author":[{"embeddable":true,"href":"https:\/\/utwstarachowice.pl\/index.php?rest_route=\/wp\/v2\/users\/3"}],"replies":[{"embeddable":true,"href":"https:\/\/utwstarachowice.pl\/index.php?rest_route=%2Fwp%2Fv2%2Fcomments&post=406"}],"version-history":[{"count":0,"href":"https:\/\/utwstarachowice.pl\/index.php?rest_route=\/wp\/v2\/posts\/406\/revisions"}],"wp:attachment":[{"href":"https:\/\/utwstarachowice.pl\/index.php?rest_route=%2Fwp%2Fv2%2Fmedia&parent=406"}],"wp:term":[{"taxonomy":"category","embeddable":true,"href":"https:\/\/utwstarachowice.pl\/index.php?rest_route=%2Fwp%2Fv2%2Fcategories&post=406"},{"taxonomy":"post_tag","embeddable":true,"href":"https:\/\/utwstarachowice.pl\/index.php?rest_route=%2Fwp%2Fv2%2Ftags&post=406"}],"curies":[{"name":"wp","href":"https:\/\/api.w.org\/{rel}","templated":true}]}}