{"id":396,"date":"2017-01-26T18:44:32","date_gmt":"2017-01-26T17:44:32","guid":{"rendered":"https:\/\/utwstarachowice.pl\/2017\/01\/26\/luty-2017-r-komunikaty\/"},"modified":"2017-01-26T18:44:32","modified_gmt":"2017-01-26T17:44:32","slug":"luty-2017-r-komunikaty","status":"publish","type":"post","link":"https:\/\/utwstarachowice.pl\/?p=396","title":{"rendered":"Luty 2017 r. -komunikaty"},"content":{"rendered":"<p style=\"margin-left: 0.11cm; margin-right: 0.38cm; margin-bottom: 0cm;\" lang=\"hi-IN\" align=\"CENTER\"><strong><span style=\"font-family: Arial,helvetica,sans-serif; font-size: medium;\"><span style=\"text-decoration: underline;\">Komunikaty dla s\u0142uchaczy UTW luty 2017r.<\/span><\/span><\/strong><\/p>\n<p style=\"margin-bottom: 0cm; line-height: 0.18cm;\" lang=\"hi-IN\" align=\"JUSTIFY\"><strong><span style=\"font-family: Arial,sans-serif; font-size: medium;\"><span style=\"text-decoration: underline;\">01-02-2017 r. (\u015broda)<\/span><\/span><\/strong><\/p>\n<p style=\"margin-bottom: 0cm; line-height: 0.18cm;\" lang=\"hi-IN\" align=\"JUSTIFY\"><strong><span style=\"font-family: Arial,sans-serif; font-size: medium;\">Wycieczka do Baranowa Sandomierskiego oraz Muzeum Bombki Choinkowej&#8221; <\/span><\/strong><\/p>\n<p style=\"margin-bottom: 0cm; line-height: 0.18cm;\" lang=\"hi-IN\" align=\"JUSTIFY\"><strong><span style=\"font-family: Arial,sans-serif; font-size: medium;\">w Nowej D\u0119bie. Wyjazd o 8.00 z zatoczki po przeciwnej stronie &#8222;Bistro-<\/span><\/strong><\/p>\n<p style=\"margin-bottom: 0cm; line-height: 0.18cm;\" lang=\"hi-IN\" align=\"JUSTIFY\"><strong><span style=\"font-family: Arial,sans-serif; font-size: medium;\">Manhattan&#8221;. (Obiad niejest wliczony w cen\u0119 wycieczki). <\/span><\/strong><\/p>\n<p style=\"margin-bottom: 0cm; line-height: 0.18cm;\" lang=\"hi-IN\"><strong><span style=\"font-family: Arial,sans-serif; font-size: medium;\"><span style=\"text-decoration: underline;\">02-02-2017 r. (czwartek) <\/span><\/span><\/strong><\/p>\n<p style=\"margin-bottom: 0cm; line-height: 0.18cm;\" lang=\"hi-IN\" align=\"JUSTIFY\"><strong><span style=\"font-size: medium;\"><span style=\"font-family: Arial,sans-serif;\">Wycieczka do Warszawy organizowana przez Mi\u0119dzyszkolny Oddzia\u0142 PTTK. <\/span><\/span><\/strong><\/p>\n<p style=\"margin-bottom: 0cm; line-height: 0.18cm;\" lang=\"hi-IN\" align=\"JUSTIFY\"><strong><span style=\"font-size: medium;\"><span style=\"font-family: Arial,sans-serif;\">W programie zwiedzanie telewizji Polskiej. Wyjazd o 7.00 z parkingu przy <\/span><\/span><\/strong><\/p>\n<p style=\"margin-bottom: 0cm; line-height: 0.18cm;\" lang=\"hi-IN\" align=\"JUSTIFY\"><strong><span style=\"font-size: medium;\"><span style=\"font-family: Arial,sans-serif;\">Starachowickiej Sp\u00f3\u0142dzielni Mieszkaniowej (ul. Wojska Polskiego).<\/span><\/span><\/strong><\/p>\n<p lang=\"hi-IN\"><strong><span style=\"font-family: Arial,sans-serif; font-size: medium;\"><span style=\"text-decoration: underline;\">04-02-2017 r. (sobota)<\/span><\/span><\/strong><\/p>\n<p style=\"margin-bottom: 0cm; line-height: 0.18cm;\" lang=\"hi-IN\" align=\"JUSTIFY\"><strong><span style=\"font-family: Arial,sans-serif; font-size: medium;\">Wyjazd do teatru do Kielc na spektakl pt.: &#8222;Wojna nie ma nic z kobiety&#8221;. <\/span><\/strong><\/p>\n<p style=\"margin-bottom: 0cm; line-height: 0.18cm;\" lang=\"hi-IN\" align=\"JUSTIFY\"><strong><span style=\"font-family: Arial,sans-serif; font-size: medium;\">Zbi\u00f3rka o 15.30 w zatoczce na przeciwko &#8222;Bistro-Manhattan&#8221;. Zapisy i op\u0142aty<\/span><\/strong><\/p>\n<p style=\"margin-bottom: 0cm; line-height: 0.18cm;\" lang=\"hi-IN\" align=\"JUSTIFY\"><strong><span style=\"font-family: Arial,sans-serif; font-size: medium;\"> (od czynnego s\u0142uchacza UTW 30,-z\u0142, od sympatyka 35,-z\u0142) w biurze UTW lub<\/span><\/strong><\/p>\n<p style=\"margin-bottom: 0cm; line-height: 0.18cm;\" lang=\"hi-IN\" align=\"JUSTIFY\"><strong><span style=\"font-family: Arial,sans-serif; font-size: medium;\">u Haliny Sidor do 30stycznia w\u0142\u0105cznie.<\/span><\/strong><\/p>\n<p style=\"margin-bottom: 0cm; line-height: 0.18cm;\" lang=\"hi-IN\" align=\"JUSTIFY\"><strong><span style=\"font-family: Arial,sans-serif; font-size: medium;\"><span style=\"text-decoration: underline;\">09-02-2017 r. (czwartek).<\/span><\/span><\/strong><\/p>\n<p style=\"margin-bottom: 0cm; line-height: 0.18cm;\" lang=\"hi-IN\" align=\"JUSTIFY\"><strong><span style=\"font-family: Arial,sans-serif; font-size: medium;\">Wycieczka do Warszawy organizowana przez Mi\u0119dzyszkolny Oddzia\u0142 PTTK.<\/span><\/strong><\/p>\n<p style=\"margin-bottom: 0cm; line-height: 0.18cm;\" lang=\"hi-IN\" align=\"JUSTIFY\"><strong><span style=\"font-family: Arial,sans-serif; font-size: medium;\"> W programie zwiedzanie telewizji Polskiej.<\/span><\/strong><\/p>\n<p style=\"margin-bottom: 0cm; line-height: 0.18cm;\" lang=\"hi-IN\" align=\"JUSTIFY\"><strong><span style=\"font-family: Arial,sans-serif; font-size: medium;\">Wyjazd o 7.00 z parkingu przy SSM (ul. Wojska Polskiego).<\/span><\/strong><\/p>\n<p style=\"margin-bottom: 0cm; line-height: 0.18cm;\" lang=\"hi-IN\"><strong><span style=\"font-family: Arial,sans-serif; font-size: medium;\"><span style=\"text-decoration: underline;\">15-02-2017 r. (\u015broda) <\/span><\/span><\/strong><\/p>\n<p style=\"margin-bottom: 0cm; line-height: 0.18cm;\" lang=\"hi-IN\" align=\"JUSTIFY\"><strong><span style=\"font-size: medium;\"><span style=\"font-family: Arial,sans-serif;\">Wyjazd do Solca na baseny siarczkowe.Zbi\u00f3rka o godz. 7.00 z zatoczki na<\/span><\/span><\/strong><\/p>\n<p style=\"margin-bottom: 0cm; line-height: 0.18cm;\" lang=\"hi-IN\" align=\"JUSTIFY\"><strong><span style=\"font-size: medium;\"><span style=\"font-family: Arial,sans-serif;\"> przeciwko \u201eBistro-Manhattan\u201d. <\/span><\/span><\/strong><\/p>\n<p style=\"margin-bottom: 0cm; line-height: 0.18cm;\" lang=\"hi-IN\" align=\"JUSTIFY\"><strong><span style=\"font-size: medium;\"><span style=\"font-family: Arial,sans-serif;\">Dok\u0142adne informacje odno\u015bnie op\u0142at oraz zapisy u Haliny Sidor wbiurze Rady<\/span><\/span><\/strong><\/p>\n<p style=\"margin-bottom: 0cm; line-height: 0.18cm;\" lang=\"hi-IN\" align=\"JUSTIFY\"><strong><span style=\"font-size: medium;\"><span style=\"font-family: Arial,sans-serif;\"> Senior\u00f3w w \u015brody w godz.10.00-12.00. <\/span><\/span><\/strong><\/p>\n<p style=\"margin-bottom: 0cm; line-height: 0.18cm;\" lang=\"hi-IN\" align=\"JUSTIFY\"><strong><span style=\"font-family: Arial,sans-serif; font-size: medium;\"><span style=\"text-decoration: underline;\">18-02-2017 r. (sobota)<\/span><\/span><\/strong><\/p>\n<p style=\"line-height: 0.18cm;\" lang=\"hi-IN\" align=\"JUSTIFY\"><strong><span style=\"font-family: Arial,sans-serif; font-size: medium;\">Serdecznie zapraszamy wszystkich s\u0142uchaczy UTW na koszyczkow\u0105 zabaw\u0119<\/span><\/strong><\/p>\n<p style=\"line-height: 0.18cm;\" lang=\"hi-IN\" align=\"JUSTIFY\"><strong><span style=\"font-family: Arial,sans-serif; font-size: medium;\"> karnawa\u0142ow\u0105 do SSM (ul. Wojska Polskiego) w godz. 16.00 &#8211; 21.00.<\/span><\/strong><\/p>\n<p style=\"line-height: 0.18cm;\" lang=\"hi-IN\" align=\"JUSTIFY\"><strong><span style=\"font-family: Arial,sans-serif; font-size: medium;\"><span style=\"text-decoration: underline;\">B\u0119dzie to jednocze\u015bnie uroczysta inauguracja obchod\u00f3w 10-lecia powstania<\/span><\/span><\/strong><\/p>\n<p style=\"line-height: 0.18cm;\" lang=\"hi-IN\" align=\"JUSTIFY\"><strong><span style=\"font-family: Arial,sans-serif; font-size: medium;\"><span style=\"text-decoration: underline;\"> starachowickiego UTW.<\/span> Liczymy na liczn\u0105 frekfencj\u0119 s\u0142uchaczy, jak r\u00f3wnie\u017c<\/span><\/strong><\/p>\n<p style=\"line-height: 0.18cm;\" lang=\"hi-IN\" align=\"JUSTIFY\"><strong><span style=\"font-family: Arial,sans-serif; font-size: medium;\"> sympatyk\u00f3w naszego stowarzyszenia. <\/span><\/strong><\/p>\n<p style=\"line-height: 0.18cm;\" lang=\"hi-IN\" align=\"JUSTIFY\"><strong><span style=\"font-family: Arial,sans-serif; font-size: medium;\">Zapisy i op\u0142aty (15.- z\u0142 od czynnego s\u0142uchacza UTW oraz<\/span><\/strong><\/p>\n<p style=\"line-height: 0.18cm;\" lang=\"hi-IN\" align=\"JUSTIFY\"><strong><span style=\"font-family: Arial,sans-serif; font-size: medium;\"> 20,-z\u0142 od sympatyka UTW) przyjmowane s\u0105 w biurze UTW w czasie dy\u017cur\u00f3w do<\/span><\/strong><\/p>\n<p style=\"line-height: 0.18cm;\" lang=\"hi-IN\" align=\"JUSTIFY\"><strong><span style=\"font-family: Arial,sans-serif; font-size: medium;\"> 13 lutego. <\/span><\/strong><\/p>\n<p lang=\"hi-IN\"><strong><span style=\"font-family: Arial,sans-serif; font-size: medium;\"><span style=\"text-decoration: underline;\">18-02-2017 r. (sobota) i 22-02-2017 r. (\u015broda)<\/span><\/span><\/strong><\/p>\n<p style=\"margin-bottom: 0cm; line-height: 0.18cm;\" lang=\"hi-IN\" align=\"JUSTIFY\"><strong><span style=\"font-family: Arial,sans-serif; font-size: medium;\">Spacer po okolicy Starachowic (ok.4 km.) z ogniskiem.<\/span><\/strong><\/p>\n<p style=\"margin-bottom: 0cm; line-height: 0.18cm;\" lang=\"hi-IN\" align=\"JUSTIFY\"><strong><span style=\"font-family: Arial,sans-serif; font-size: medium;\">Zbi\u00f3rka uczestnik\u00f3w o godz. 9.50 na przystanku MZK linii &#8222;A&#8221; ul. Kopalniana.<\/span><\/strong><\/p>\n<p style=\"margin-bottom: 0cm; line-height: 0.18cm;\" lang=\"hi-IN\" align=\"JUSTIFY\"><strong><span style=\"font-family: Arial,sans-serif; font-size: medium;\"><span style=\"text-decoration: underline;\">24-02-2017 r. (pi\u0105tek)<\/span><\/span><\/strong><\/p>\n<p style=\"margin-bottom: 0cm; line-height: 0.18cm;\" lang=\"hi-IN\" align=\"JUSTIFY\"><strong><span style=\"font-family: Arial,sans-serif; font-size: medium;\"><span style=\"text-decoration: underline;\">O godz. 16.15<\/span>w galerii &#8222;Ska\u0142ka&#8221; w du\u017cej sali DDP &#8222;Senior-Wigor&#8221; wyk\u0142ad Marii<\/span><\/strong><\/p>\n<p style=\"margin-bottom: 0cm; line-height: 0.18cm;\" lang=\"hi-IN\" align=\"JUSTIFY\"><strong><span style=\"font-family: Arial,sans-serif; font-size: medium;\"> Magdaleny \u0141odej: &#8222;Izabela Czartoryska na tle epoki&#8221;.<\/span><\/strong><\/p>\n<p style=\"margin-right: 0.14cm; margin-bottom: 0cm; line-height: 0.18cm;\" align=\"JUSTIFY\"><strong><span style=\"font-size: medium;\">\u00a0<\/span><\/strong><\/p>\n<p style=\"margin-bottom: 0cm; line-height: 0.18cm;\" lang=\"hi-IN\" align=\"CENTER\"><strong><span style=\"font-size: medium;\"><span style=\"font-family: Arial,sans-serif;\"><span style=\"text-decoration: underline;\">UWAGA !!!!!<\/span><\/span><\/span><\/strong><\/p>\n<ul>\n<li><strong><span style=\"font-size: medium;\"><span style=\"font-family: Arial,sans-serif;\">30 stycznia \u2013 12 lutego 2017r. ferie zimowe. Zaj\u0119cia w sekcjach zaczynaj\u0105 si\u0119 od13 lutego 2017r. (poniedzia\u0142ek). <\/span><\/span><\/strong><\/li>\n<li><strong><span style=\"font-size: medium;\"><span style=\"font-family: Arial,sans-serif;\">W czasie ferii zimowych w biurze UTW b\u0119d\u0105 dy\u017cury tylko w poniedzia\u0142ki <span style=\"text-decoration: underline;\">(30.01.2017r., oraz 06.02.2017r.) od 10.00 do 12.00.<\/span><\/span> <br \/><\/span><\/strong><\/li>\n<\/ul>\n","protected":false},"excerpt":{"rendered":"<p>Komunikaty dla s\u0142uchaczy UTW luty 2017r. 01-02-2017 r. (\u015broda) Wycieczka do Baranowa Sandomierskiego oraz Muzeum Bombki Choinkowej&#8221; w Nowej D\u0119bie. &hellip;<\/p>\n","protected":false},"author":3,"featured_media":0,"comment_status":"open","ping_status":"open","sticky":true,"template":"","format":"standard","meta":{"footnotes":""},"categories":[1],"tags":[],"_links":{"self":[{"href":"https:\/\/utwstarachowice.pl\/index.php?rest_route=\/wp\/v2\/posts\/396"}],"collection":[{"href":"https:\/\/utwstarachowice.pl\/index.php?rest_route=\/wp\/v2\/posts"}],"about":[{"href":"https:\/\/utwstarachowice.pl\/index.php?rest_route=\/wp\/v2\/types\/post"}],"author":[{"embeddable":true,"href":"https:\/\/utwstarachowice.pl\/index.php?rest_route=\/wp\/v2\/users\/3"}],"replies":[{"embeddable":true,"href":"https:\/\/utwstarachowice.pl\/index.php?rest_route=%2Fwp%2Fv2%2Fcomments&post=396"}],"version-history":[{"count":0,"href":"https:\/\/utwstarachowice.pl\/index.php?rest_route=\/wp\/v2\/posts\/396\/revisions"}],"wp:attachment":[{"href":"https:\/\/utwstarachowice.pl\/index.php?rest_route=%2Fwp%2Fv2%2Fmedia&parent=396"}],"wp:term":[{"taxonomy":"category","embeddable":true,"href":"https:\/\/utwstarachowice.pl\/index.php?rest_route=%2Fwp%2Fv2%2Fcategories&post=396"},{"taxonomy":"post_tag","embeddable":true,"href":"https:\/\/utwstarachowice.pl\/index.php?rest_route=%2Fwp%2Fv2%2Ftags&post=396"}],"curies":[{"name":"wp","href":"https:\/\/api.w.org\/{rel}","templated":true}]}}