{"id":393,"date":"2016-11-29T17:52:34","date_gmt":"2016-11-29T16:52:34","guid":{"rendered":"https:\/\/utwstarachowice.pl\/2016\/11\/29\/komunikaty-grudzien-2016r\/"},"modified":"2016-11-29T17:52:34","modified_gmt":"2016-11-29T16:52:34","slug":"komunikaty-grudzien-2016r","status":"publish","type":"post","link":"https:\/\/utwstarachowice.pl\/?p=393","title":{"rendered":"KOMUNIKATY-GRUDZIE\u0143 2016r."},"content":{"rendered":"<p style=\"margin-bottom: 0cm;\" lang=\"hi-IN\" align=\"CENTER\"><span style=\"font-family: arial,helvetica,sans-serif; font-size: large;\"><span style=\"text-decoration: underline;\"><strong>Komunikaty dla s\u0142uchaczy UTW grudzie\u0144 2016r.<\/strong><\/span><\/span><\/p>\n<p style=\"margin-bottom: 0cm; line-height: 0.18cm;\"><span style=\"font-family: arial,helvetica,sans-serif; font-size: large;\"><span lang=\"hi-IN\"><span style=\"text-decoration: underline;\"><strong>05-12-2016 r. <\/strong><\/span><\/span><span lang=\"hi-IN\"><span style=\"text-decoration: underline;\">(poniedzia\u0142ek) <\/span><\/span><\/span><\/p>\n<p style=\"margin-bottom: 0cm; line-height: 0.18cm;\" lang=\"hi-IN\" align=\"JUSTIFY\"><span style=\"font-family: arial,helvetica,sans-serif; font-size: large;\">O godz.16.00 w du\u017cej sali DDP &#8222;Senior-Wigor&#8221; wyk\u0142ad Wojciecha Kurbiela <\/span><\/p>\n<p style=\"margin-bottom: 0cm; line-height: 0.18cm;\" lang=\"hi-IN\" align=\"JUSTIFY\"><span style=\"font-family: arial,helvetica,sans-serif; font-size: large;\">z Radomia: &#8222;Zdrowie dla ka\u017cdego&#8221;.<\/span><\/p>\n<p style=\"margin-bottom: 0cm; line-height: 0.18cm;\" lang=\"hi-IN\"><span style=\"font-family: arial,helvetica,sans-serif; font-size: large;\"><span style=\"text-decoration: underline;\"><strong>05-12-2016 r. <\/strong>(poniedzia\u0142ek) <\/span><\/span><\/p>\n<p style=\"margin-bottom: 0cm; line-height: 0.18cm;\" lang=\"hi-IN\" align=\"JUSTIFY\"><span style=\"font-family: arial,helvetica,sans-serif; font-size: large;\">O godz.10.15 w Muzeum Przyrody i Techniki&#8221; odb\u0119d\u0105 si\u0119 zaj\u0119cia sekcji<\/span><\/p>\n<p style=\"margin-bottom: 0cm; line-height: 0.18cm;\" lang=\"hi-IN\" align=\"JUSTIFY\"><span style=\"font-family: arial,helvetica,sans-serif; font-size: large;\">przyrodniczej nt.:&#8221;Wr\u00f3ble &#8211; ptaki naszych miast&#8221;.<\/span><\/p>\n<p style=\"margin-bottom: 0cm; line-height: 0.18cm;\" lang=\"hi-IN\" align=\"JUSTIFY\"><span style=\"font-family: arial,helvetica,sans-serif; font-size: large;\"><span style=\"text-decoration: underline;\"><strong>06-12-2016 r. <\/strong>(wtorek)<\/span><\/span><\/p>\n<p style=\"line-height: 100%;\" lang=\"hi-IN\" align=\"JUSTIFY\"><span style=\"font-family: arial,helvetica,sans-serif; font-size: large;\">O godz. 16.00 w galerii &#8222;Ska\u0142ka&#8221; w du\u017cej sali DDP &#8222;Senior-Wigor&#8221; spotkanie<\/span><\/p>\n<p style=\"line-height: 100%;\" lang=\"hi-IN\" align=\"JUSTIFY\"><span style=\"font-family: arial,helvetica,sans-serif; font-size: large;\"> sekcji geograficzno-turystycznej pod has\u0142em: \u201eDegustujemy smaki \u015bwiata\u201d. <\/span><\/p>\n<p style=\"line-height: 100%;\" lang=\"hi-IN\" align=\"JUSTIFY\"><span style=\"font-family: arial,helvetica,sans-serif; font-size: large;\">Uczestnik\u00f3w spotkania prosimy o przyniesienie ze sob\u0105 przygotowanych<\/span><\/p>\n<p style=\"line-height: 100%;\" lang=\"hi-IN\" align=\"JUSTIFY\"><span style=\"font-family: arial,helvetica,sans-serif; font-size: large;\"> potraw z kuchni r\u00f3\u017cnych stron \u015bwiata (\u0142\u0105cznie ze specja\u0142ami kuchni<\/span><\/p>\n<p style=\"line-height: 100%;\" lang=\"hi-IN\" align=\"JUSTIFY\"><span style=\"font-family: arial,helvetica,sans-serif; font-size: large;\"> polskiej).Po degustacji najlepsza potrawa zostanie oceniona przez <\/span><\/p>\n<p style=\"line-height: 100%;\" lang=\"hi-IN\" align=\"JUSTIFY\"><span style=\"font-family: arial,helvetica,sans-serif; font-size: large;\">uczestnik\u00f3wspotkania i nagrodzona. Zapowiedzia\u0142 swoj\u0105 wizyt\u0119 r\u00f3wnie\u017c \u015aw.<\/span><\/p>\n<p style=\"line-height: 100%;\" lang=\"hi-IN\" align=\"JUSTIFY\"><span style=\"font-family: arial,helvetica,sans-serif; font-size: large;\"> Miko\u0142aj (mamy nadziej\u0119, \u017ce ze smacznym prezentem). <\/span><\/p>\n<p style=\"line-height: 100%;\" lang=\"hi-IN\" align=\"JUSTIFY\"><span style=\"font-family: arial,helvetica,sans-serif; font-size: large;\"><span style=\"text-decoration: underline;\"><strong>07-12-2016 r.<\/strong><\/span><span style=\"text-decoration: underline;\"> (\u015broda) i <\/span><span style=\"text-decoration: underline;\"><strong>10-12-2016 r. <\/strong><\/span><span style=\"text-decoration: underline;\">(sobota)<\/span><\/span><\/p>\n<p lang=\"hi-IN\"><span style=\"font-family: arial,helvetica,sans-serif; font-size: large;\">Spacer po okolicy Starachowic (ok. 3 km.) z ogniskiem pod wiat\u0105 przy krytej p\u0142ywalni (ul. Szkolna). Zbi\u00f3rka uczestnik\u00f3w o godz. 9.50 na przystanku MZK linii &#8222;A&#8221; ul. Kopalniana.<\/span><\/p>\n<p style=\"margin-bottom: 0cm; line-height: 0.18cm;\" lang=\"hi-IN\" align=\"JUSTIFY\"><span style=\"font-family: arial,helvetica,sans-serif; font-size: large;\"><span style=\"text-decoration: underline;\"><strong>11-12-2016 r. <\/strong>(niedziela)<\/span><\/span><\/p>\n<p style=\"margin-bottom: 0cm; line-height: 0.18cm;\" lang=\"hi-IN\" align=\"JUSTIFY\"><span style=\"font-family: arial,helvetica,sans-serif; font-size: large;\">O godz. 15.30 z parkingu przy galerii &#8222;Ska\u0142ka&#8221; wyjazd do Radomia na<\/span><\/p>\n<p style=\"margin-bottom: 0cm; line-height: 0.18cm;\" lang=\"hi-IN\" align=\"JUSTIFY\"><span style=\"font-family: arial,helvetica,sans-serif; font-size: large;\"> spektakl &#8222;Dziadek do orzech\u00f3w&#8221;.<\/span><\/p>\n<p style=\"margin-right: 0.14cm; margin-bottom: 0cm; line-height: 0.18cm;\" lang=\"hi-IN\" align=\"JUSTIFY\"><span style=\"font-family: arial,helvetica,sans-serif; font-size: large;\"><span style=\"text-decoration: underline;\"><strong>11-12-2016 r. <\/strong>(niedziela).<\/span><\/span><\/p>\n<p style=\"margin-bottom: 0cm; line-height: 0.18cm;\" lang=\"hi-IN\" align=\"JUSTIFY\"><span style=\"font-family: arial,helvetica,sans-serif; font-size: large;\">Ko\u0142o PTTK przy UTW zaprasza na wycieczk\u0119 do Kielc. W programie m.in.<\/span><\/p>\n<p style=\"margin-bottom: 0cm; line-height: 0.18cm;\" lang=\"hi-IN\" align=\"JUSTIFY\"><span style=\"font-family: arial,helvetica,sans-serif; font-size: large;\"> zwiedzanie muzeum i Pa\u0142acyku Zieli\u0144skich. Wszelkie informacje u Bo\u017ceny<\/span><\/p>\n<p style=\"margin-bottom: 0cm; line-height: 0.18cm;\" lang=\"hi-IN\" align=\"JUSTIFY\"><span style=\"font-family: arial,helvetica,sans-serif; font-size: large;\"> Cyran.<\/span><\/p>\n<p style=\"margin-bottom: 0cm; line-height: 0.18cm;\" lang=\"hi-IN\" align=\"JUSTIFY\"><span style=\"font-family: arial,helvetica,sans-serif; font-size: large;\"><span style=\"text-decoration: underline;\"><strong>12-12-2016 r. <\/strong>(poniedzia\u0142ek).<\/span><\/span><\/p>\n<p style=\"margin-bottom: 0cm; line-height: 0.18cm;\" lang=\"hi-IN\" align=\"JUSTIFY\"><span style=\"font-family: arial,helvetica,sans-serif; font-size: large;\"><a name=\"__DdeLink__1_1192998404\"><\/a> Wyjazd do Solca na baseny siarczkowe. <\/span><\/p>\n<p style=\"margin-bottom: 0cm; line-height: 0.18cm;\" lang=\"hi-IN\" align=\"JUSTIFY\"><span style=\"font-family: arial,helvetica,sans-serif; font-size: large;\">Zbi\u00f3rka uczestnik\u00f3w o godz.7.00 na parkingu przygalerii handlowej \u201eSka\u0142ka\u201d <\/span><\/p>\n<p style=\"margin-bottom: 0cm; line-height: 0.18cm;\" lang=\"hi-IN\" align=\"JUSTIFY\"><span style=\"font-family: arial,helvetica,sans-serif; font-size: large;\">lub w zatoczce naprzeciwko\u201eBistro-Manhattan\u201d. Op\u0142aty u H. Sidor w galerii<\/span><\/p>\n<p style=\"margin-bottom: 0cm; line-height: 0.18cm;\" lang=\"hi-IN\" align=\"JUSTIFY\"><span style=\"font-family: arial,helvetica,sans-serif; font-size: large;\"> \u201eSka\u0142ka\u201d w biurze Rady<\/span><\/p>\n<p style=\"margin-bottom: 0cm; line-height: 0.18cm;\" lang=\"hi-IN\" align=\"JUSTIFY\"><span style=\"font-family: arial,helvetica,sans-serif; font-size: large;\"> Senior\u00f3w w \u015brody od godz.10.00-12.00. <\/span><\/p>\n<p style=\"margin-bottom: 0cm; line-height: 0.18cm;\" lang=\"hi-IN\" align=\"JUSTIFY\"><span style=\"font-family: arial,helvetica,sans-serif; font-size: large;\"><span style=\"text-decoration: underline;\"><strong>18-12-2016 r.<\/strong> (niedziela)<\/span><\/span><\/p>\n<p style=\"margin-bottom: 0cm;\" lang=\"hi-IN\" align=\"JUSTIFY\"><span style=\"font-family: arial,helvetica,sans-serif; font-size: large;\">O godz. 15.00 Prezydent Starachowic zaprasza na plac &#8222;Pod Ska\u0142kami&#8221; na Miejsk\u0105 Wigili\u0119. UTW zapewnia \u015bwi\u0105teczne wypieki.<\/span><\/p>\n<p style=\"margin-bottom: 0cm; line-height: 0.18cm;\" lang=\"hi-IN\" align=\"JUSTIFY\"><span style=\"font-family: arial,helvetica,sans-serif; font-size: large;\"><span style=\"text-decoration: underline;\"><strong>23-12-2016 r. <\/strong>(pi\u0105tek) \u2013 <strong>01-01-2017 r. <\/strong><\/span><\/span><\/p>\n<p style=\"margin-bottom: 0cm; line-height: 0.18cm;\" lang=\"hi-IN\" align=\"CENTER\"><span style=\"font-family: arial,helvetica,sans-serif; font-size: large;\">PRZERWA \u015aWI\u0104TECZNA. <\/span><\/p>\n<p style=\"margin-bottom: 0cm; line-height: 0.18cm;\" lang=\"hi-IN\" align=\"CENTER\"><span style=\"font-family: arial,helvetica,sans-serif; font-size: large;\">W biurze UTW w tym czasie dy\u017cur\u00f3w nie b\u0119dzie. <\/span><\/p>\n<p style=\"margin-bottom: 0cm; line-height: 0.18cm;\" lang=\"hi-IN\" align=\"JUSTIFY\"><span style=\"font-family: arial,helvetica,sans-serif; font-size: large;\"><span style=\"text-decoration: underline;\"><strong>01-01-2017 r.<\/strong> (niedziela)<\/span><\/span><\/p>\n<p style=\"margin-bottom: 0cm; line-height: 0.18cm;\" align=\"JUSTIFY\"><span style=\"font-family: arial,helvetica,sans-serif; font-size: large;\"><span lang=\"hi-IN\">O godz. 16.30 z zatoczki na przeciwko &#8222;Bistro-Manhattan&#8221; wyjazd do<\/span><\/span><\/p>\n<p style=\"margin-bottom: 0cm; line-height: 0.18cm;\" align=\"JUSTIFY\"><span style=\"font-family: arial,helvetica,sans-serif; font-size: large;\"><span lang=\"hi-IN\"> Radomia do teatru na<\/span><\/span><\/p>\n<p style=\"margin-bottom: 0cm; line-height: 0.18cm;\" align=\"JUSTIFY\"><span style=\"font-family: arial,helvetica,sans-serif; font-size: large;\"><span lang=\"hi-IN\"> spektakl noworoczny &#8222;May Day 2&#8221; (z lampk\u0105 szampana). <\/span><span lang=\"hi-IN\"><span style=\"font-weight: normal;\">Zapisy oraz op\u0142aty<\/span><\/span><\/span><\/p>\n<p style=\"margin-bottom: 0cm; line-height: 0.18cm;\" align=\"JUSTIFY\"><span style=\"font-family: arial,helvetica,sans-serif; font-size: large;\"><span lang=\"hi-IN\"><span style=\"font-weight: normal;\"> (47-,z\u0142 od s\u0142uch UTW) przyjmowane s\u0105 do 10 grudnia 2016r. w biurze UTW<\/span><\/span><\/span><\/p>\n<p style=\"margin-bottom: 0cm; line-height: 0.18cm;\" align=\"JUSTIFY\"><span style=\"font-family: arial,helvetica,sans-serif; font-size: large;\"><span lang=\"hi-IN\"><span style=\"font-weight: normal;\"> w czasie trwania dy\u017cur\u00f3w. <\/span><\/span><\/span><\/p>\n<p style=\"margin-bottom: 0cm; line-height: 0.18cm;\" align=\"JUSTIFY\"><span style=\"font-family: arial,helvetica,sans-serif; font-size: large;\"><span lang=\"hi-IN\"><span style=\"font-weight: normal;\">W cenie s\u0105 zagwarantowane: ubezpieczenie, przejazd autokarem oraz<\/span><\/span><\/span><\/p>\n<p style=\"margin-bottom: 0cm; line-height: 0.18cm;\" lang=\"hi-IN\" align=\"CENTER\"><span style=\"font-family: arial,helvetica,sans-serif; font-size: large;\"><span lang=\"hi-IN\"><span style=\"font-weight: normal;\"> bilety.<\/span><\/span><\/span><\/p>\n<p style=\"margin-bottom: 0cm; line-height: 0.18cm;\" lang=\"hi-IN\" align=\"CENTER\"><span style=\"font-family: Arial,sans-serif;\"><span style=\"font-size: large;\"><span style=\"text-decoration: underline;\"><strong>UWAGA !!!!!<\/strong><\/span><\/span><\/span><\/p>\n<ul>\n<li><strong><span style=\"font-family: Arial,sans-serif;\"><span style=\"font-size: medium;\">3<\/span><span style=\"font-size: medium; font-family: arial,helvetica,sans-serif;\">0.11.2016r. o godz. 10.00 Urz\u0105d Miasta zaprasza do Starachowickiej <\/span><\/span><span style=\"font-family: arial,helvetica,sans-serif; font-size: medium;\">Sp\u00f3\u0142dzielni Mieszkaniowej (ul. Wojska Polskiego) na spotkanie dotycz\u0105ce bezpiecze\u0144stwa senior\u00f3w.<\/span><\/strong><\/li>\n<li><strong><span style=\"font-family: arial,helvetica,sans-serif; font-size: medium;\">w pierwszym tygodniu grudnia 2016r. s\u0105 odwo\u0142ane zaj\u0119cia z gimnastyki.<\/span><\/strong><\/li>\n<li><strong><span style=\"font-family: arial,helvetica,sans-serif; font-size: medium;\">12.XII. oraz 19.XII. zaj\u0119cia sekcji przyrodniczej poprowadzi dr K.Dutkiewicz (sala DDP Senior- Wigor). <\/span><\/strong><\/li>\n<li><strong><span style=\"font-family: arial,helvetica,sans-serif;\"><span style=\"font-size: medium;\">Pierwszy dy\u017cur po przerwie \u015bwi\u0105teczne<\/span><span style=\"font-size: large;\"><span style=\"font-size: medium;\">j w biurze UTW jest 02.01.2017 r.<\/span> <\/span><\/span><\/strong><\/li>\n<\/ul>\n<p>\u00a0<\/p>\n","protected":false},"excerpt":{"rendered":"<p>Komunikaty dla s\u0142uchaczy UTW grudzie\u0144 2016r. 05-12-2016 r. (poniedzia\u0142ek) O godz.16.00 w du\u017cej sali DDP &#8222;Senior-Wigor&#8221; wyk\u0142ad Wojciecha Kurbiela z &hellip;<\/p>\n","protected":false},"author":3,"featured_media":0,"comment_status":"open","ping_status":"open","sticky":true,"template":"","format":"standard","meta":{"footnotes":""},"categories":[1],"tags":[],"_links":{"self":[{"href":"https:\/\/utwstarachowice.pl\/index.php?rest_route=\/wp\/v2\/posts\/393"}],"collection":[{"href":"https:\/\/utwstarachowice.pl\/index.php?rest_route=\/wp\/v2\/posts"}],"about":[{"href":"https:\/\/utwstarachowice.pl\/index.php?rest_route=\/wp\/v2\/types\/post"}],"author":[{"embeddable":true,"href":"https:\/\/utwstarachowice.pl\/index.php?rest_route=\/wp\/v2\/users\/3"}],"replies":[{"embeddable":true,"href":"https:\/\/utwstarachowice.pl\/index.php?rest_route=%2Fwp%2Fv2%2Fcomments&post=393"}],"version-history":[{"count":0,"href":"https:\/\/utwstarachowice.pl\/index.php?rest_route=\/wp\/v2\/posts\/393\/revisions"}],"wp:attachment":[{"href":"https:\/\/utwstarachowice.pl\/index.php?rest_route=%2Fwp%2Fv2%2Fmedia&parent=393"}],"wp:term":[{"taxonomy":"category","embeddable":true,"href":"https:\/\/utwstarachowice.pl\/index.php?rest_route=%2Fwp%2Fv2%2Fcategories&post=393"},{"taxonomy":"post_tag","embeddable":true,"href":"https:\/\/utwstarachowice.pl\/index.php?rest_route=%2Fwp%2Fv2%2Ftags&post=393"}],"curies":[{"name":"wp","href":"https:\/\/api.w.org\/{rel}","templated":true}]}}