{"id":389,"date":"2016-11-22T13:39:00","date_gmt":"2016-11-22T12:39:00","guid":{"rendered":"https:\/\/utwstarachowice.pl\/2016\/11\/22\/galeria-utw\/"},"modified":"2016-11-22T13:39:00","modified_gmt":"2016-11-22T12:39:00","slug":"galeria-utw","status":"publish","type":"post","link":"https:\/\/utwstarachowice.pl\/?p=389","title":{"rendered":"Galeria UTW"},"content":{"rendered":"<div class=\"art-postmetadataheader\">\n<div dir=\"auto\">\n<div dir=\"auto\">22 MAJA\u00a0 &#8211; Wyk\u0142ad poporowadzi\u0142a\u00a0 p.Agnieszka\u00a0 Lasek\u00a0 Piwarska &#8221; HISTORIA\u00a0 KINA&#8221;<\/div>\n<div dir=\"auto\">\u00a0<\/div>\n<div dir=\"auto\"><img decoding=\"async\" class=\" size-full wp-image-80\" src=\"https:\/\/utwstarachowice.pl\/wp-content\/uploads\/2016\/11\/IMG20230522110351-scaled.jpg\" border=\"0\" width=\"521\" style=\"display: block; margin-left: auto; margin-right: auto;\" \/><\/div>\n<div dir=\"auto\">\u00a0<\/div>\n<div dir=\"auto\"><img decoding=\"async\" class=\" size-full wp-image-81\" src=\"https:\/\/utwstarachowice.pl\/wp-content\/uploads\/2016\/11\/IMG20230522100717-scaled.jpg\" border=\"0\" width=\"521\" style=\"display: block; margin-left: auto; margin-right: auto;\" \/><\/div>\n<div dir=\"auto\"><img decoding=\"async\" class=\" size-full wp-image-82\" src=\"https:\/\/utwstarachowice.pl\/wp-content\/uploads\/2016\/11\/IMG20230522100733-scaled.jpg\" border=\"0\" width=\"521\" style=\"display: block; margin-left: auto; margin-right: auto;\" \/><\/div>\n<div dir=\"auto\">\u00a0<\/div>\n<div dir=\"auto\">20\u00a0 MAJA\u00a0 &#8211; FOTORELACJA\u00a0 Z\u00a0 AKCJI\u00a0 &#8222;CZYSTA\u00a0 RZEKA&#8221;.<\/div>\n<div dir=\"auto\">\u00a0<\/div>\n<div dir=\"auto\">\u00a0<\/div>\n<div dir=\"auto\"><img decoding=\"async\" class=\" size-full wp-image-83\" src=\"https:\/\/utwstarachowice.pl\/wp-content\/uploads\/2016\/11\/IMG20230520130016-scaled.jpg\" border=\"0\" width=\"521\" style=\"display: block; margin-left: auto; margin-right: auto;\" \/><\/div>\n<div dir=\"auto\"><img decoding=\"async\" class=\" size-full wp-image-84\" src=\"https:\/\/utwstarachowice.pl\/wp-content\/uploads\/2016\/11\/IMG20230520122747-scaled.jpg\" border=\"0\" width=\"521\" style=\"display: block; margin-left: auto; margin-right: auto;\" \/><\/div>\n<div dir=\"auto\">\u00a0<\/div>\n<div dir=\"auto\"><img decoding=\"async\" class=\" size-full wp-image-85\" src=\"https:\/\/utwstarachowice.pl\/wp-content\/uploads\/2016\/11\/IMG20230520120910-scaled.jpg\" border=\"0\" width=\"521\" style=\"display: block; margin-left: auto; margin-right: auto;\" \/><\/div>\n<div dir=\"auto\"><img decoding=\"async\" class=\" size-full wp-image-86\" src=\"https:\/\/utwstarachowice.pl\/wp-content\/uploads\/2016\/11\/received_568219305428278.jpg\" border=\"0\" width=\"521\" style=\"display: block; margin-left: auto; margin-right: auto;\" \/><\/div>\n<div dir=\"auto\">18 maja &#8211; FASCYNUJ\u0104CY\u00a0 \u015aWIAT\u00a0 OWAD\u00d3W.<\/div>\n<div dir=\"auto\">\u00a0<\/div>\n<div dir=\"auto\"><img decoding=\"async\" class=\" size-full wp-image-87\" src=\"https:\/\/utwstarachowice.pl\/wp-content\/uploads\/2016\/11\/received_769691421531796.jpg\" border=\"0\" width=\"521\" style=\"display: block; margin-left: auto; margin-right: auto;\" \/><\/div>\n<div dir=\"auto\"><img decoding=\"async\" class=\" size-full wp-image-88\" src=\"https:\/\/utwstarachowice.pl\/wp-content\/uploads\/2016\/11\/IMG20230518114747-scaled.jpg\" border=\"0\" width=\"521\" style=\"display: block; margin-left: auto; margin-right: auto;\" \/><\/div>\n<div dir=\"auto\">\u00a0<\/div>\n<div dir=\"auto\">15.05.23 &#8211; Spotkanie\u00a0 z przedstawicielkami\u00a0 AMAZONEK.<\/div>\n<div dir=\"auto\"><img decoding=\"async\" class=\" size-full wp-image-89\" src=\"https:\/\/utwstarachowice.pl\/wp-content\/uploads\/2016\/11\/IMG-20230515-WA0000.jpg\" border=\"0\" width=\"521\" style=\"display: block; margin-left: auto; margin-right: auto;\" \/><\/div>\n<div dir=\"auto\">\u00a0<\/div>\n<div dir=\"auto\"><img decoding=\"async\" class=\" size-full wp-image-90\" src=\"https:\/\/utwstarachowice.pl\/wp-content\/uploads\/2016\/11\/IMG-20230515-WA0001.jpg\" border=\"0\" width=\"515\" style=\"display: block; margin-left: auto; margin-right: auto;\" \/><\/div>\n<div dir=\"auto\">\u00a0<\/div>\n<div dir=\"auto\">12maja &#8211;\u00a0 Z\u0141AZ\u00a0 ORGANIZOWANY\u00a0 PRZEZ\u00a0 UTW\u00a0 W STARACHOWICACH\u00a0 &#8222;S\u0141UCHACZE\u00a0 UTW I PRZYJACIELE\u00a0 NA\u00a0 \u015aCIE\u017bKACH\u00a0 TURYSTYCZNYCH&#8221;<\/div>\n<div dir=\"auto\"><img decoding=\"async\" class=\" size-full wp-image-91\" src=\"https:\/\/utwstarachowice.pl\/wp-content\/uploads\/2016\/11\/IMG-20230514-WA0003.jpg\" border=\"0\" width=\"521\" style=\"display: block; margin-left: auto; margin-right: auto;\" \/><\/div>\n<div dir=\"auto\"><img decoding=\"async\" class=\" size-full wp-image-92\" src=\"https:\/\/utwstarachowice.pl\/wp-content\/uploads\/2016\/11\/IMG-20230514-WA0000.jpg\" border=\"0\" width=\"521\" style=\"display: block; margin-left: auto; margin-right: auto;\" \/><\/div>\n<div dir=\"auto\"><img decoding=\"async\" class=\" size-full wp-image-93\" src=\"https:\/\/utwstarachowice.pl\/wp-content\/uploads\/2016\/11\/received_607183471368327.jpg\" border=\"0\" width=\"521\" style=\"display: block; margin-left: auto; margin-right: auto;\" \/><\/div>\n<div dir=\"auto\"><img decoding=\"async\" class=\" size-full wp-image-94\" src=\"https:\/\/utwstarachowice.pl\/wp-content\/uploads\/2016\/11\/received_3510203179226840.jpg\" border=\"0\" width=\"521\" style=\"display: block; margin-left: auto; margin-right: auto;\" \/><\/div>\n<div dir=\"auto\"><img decoding=\"async\" class=\" size-full wp-image-95\" src=\"https:\/\/utwstarachowice.pl\/wp-content\/uploads\/2016\/11\/received_651509409755289.jpg\" border=\"0\" width=\"521\" style=\"display: block; margin-left: auto; margin-right: auto;\" \/><\/div>\n<div dir=\"auto\">\u00a0<\/div>\n<div dir=\"auto\"><img decoding=\"async\" class=\" size-full wp-image-96\" src=\"https:\/\/utwstarachowice.pl\/wp-content\/uploads\/2016\/11\/received_197613393117768.jpg\" border=\"0\" width=\"521\" style=\"display: block; margin-left: auto; margin-right: auto;\" \/><\/div>\n<div dir=\"auto\"><img decoding=\"async\" class=\" size-full wp-image-97\" src=\"https:\/\/utwstarachowice.pl\/wp-content\/uploads\/2016\/11\/received_1163483511013101.jpg\" border=\"0\" width=\"521\" style=\"display: block; margin-left: auto; margin-right: auto;\" \/><\/div>\n<div dir=\"auto\"><img decoding=\"async\" class=\" size-full wp-image-98\" src=\"https:\/\/utwstarachowice.pl\/wp-content\/uploads\/2016\/11\/received_723630103099530.jpg\" border=\"0\" width=\"521\" style=\"display: block; margin-left: auto; margin-right: auto;\" \/><\/div>\n<div dir=\"auto\">11 MAJA\u00a0 &#8211; PRZEDSTAWIENIE\u00a0 S\u0141OWNO &#8211; MUZYCZNE &#8222;WIOSNA\u00a0 TO DOBRA\u00a0 PORA\u00a0 DLA\u00a0 SENIORA&#8221;<\/div>\n<div dir=\"auto\"><img decoding=\"async\" class=\" size-full wp-image-99\" src=\"https:\/\/utwstarachowice.pl\/wp-content\/uploads\/2016\/11\/IMG20230511155447-scaled.jpg\" border=\"0\" width=\"512\" style=\"display: block; margin-left: auto; margin-right: auto;\" \/><\/div>\n<div dir=\"auto\">\u00a0<\/div>\n<div dir=\"auto\"><img decoding=\"async\" class=\" size-full wp-image-100\" src=\"https:\/\/utwstarachowice.pl\/wp-content\/uploads\/2016\/11\/IMG20230511150224-scaled.jpg\" border=\"0\" width=\"512\" style=\"display: block; margin-left: auto; margin-right: auto;\" \/><\/div>\n<div dir=\"auto\"><img decoding=\"async\" class=\" size-full wp-image-101\" src=\"https:\/\/utwstarachowice.pl\/wp-content\/uploads\/2016\/11\/IMG20230511152854-scaled.jpg\" border=\"0\" width=\"512\" style=\"display: block; margin-left: auto; margin-right: auto;\" \/><\/div>\n<div dir=\"auto\">\u00a0<\/div>\n<div dir=\"auto\">\u00a0<\/div>\n<div dir=\"auto\"><img decoding=\"async\" class=\" size-full wp-image-102\" src=\"https:\/\/utwstarachowice.pl\/wp-content\/uploads\/2016\/11\/IMG20230511153257-scaled.jpg\" border=\"0\" width=\"512\" style=\"display: block; margin-left: auto; margin-right: auto;\" \/><\/div>\n<div dir=\"auto\"><img decoding=\"async\" class=\" size-full wp-image-99\" src=\"https:\/\/utwstarachowice.pl\/wp-content\/uploads\/2016\/11\/IMG20230511155447-scaled.jpg\" border=\"0\" width=\"512\" style=\"display: block; margin-left: auto; margin-right: auto;\" \/><\/div>\n<div dir=\"auto\">\u00a0<\/div>\n<div dir=\"auto\">\u00a0<\/div>\n<div dir=\"auto\">9MAJA &#8211; NA\u00a0 DZIA\u0141CE\u00a0 U\u00a0 MIECZYS\u0141AWA\u00a0 MACI\u0104GA- SEKCJA\u00a0 EKO &#8211; OGR\u00d3D<\/div>\n<div dir=\"auto\"><img decoding=\"async\" class=\" size-full wp-image-103\" src=\"https:\/\/utwstarachowice.pl\/wp-content\/uploads\/2016\/11\/received_3429834500561668.jpg\" border=\"0\" width=\"512\" style=\"display: block; margin-left: auto; margin-right: auto;\" \/><\/div>\n<div dir=\"auto\">\u00a0<\/div>\n<div dir=\"auto\"><img decoding=\"async\" class=\" size-full wp-image-104\" src=\"https:\/\/utwstarachowice.pl\/wp-content\/uploads\/2016\/11\/received_114932414929217.jpg\" border=\"0\" width=\"512\" style=\"display: block; margin-left: auto; margin-right: auto;\" \/><\/div>\n<div dir=\"auto\">\u00a0<\/div>\n<div dir=\"auto\"><img decoding=\"async\" class=\" size-full wp-image-105\" src=\"https:\/\/utwstarachowice.pl\/wp-content\/uploads\/2016\/11\/received_1235026640718549.jpg\" border=\"0\" width=\"512\" style=\"display: block; margin-left: auto; margin-right: auto;\" \/><\/div>\n<div dir=\"auto\"><img decoding=\"async\" class=\" size-full wp-image-106\" src=\"https:\/\/utwstarachowice.pl\/wp-content\/uploads\/2016\/11\/received_781679446640705.jpg\" border=\"0\" width=\"440\" style=\"display: block; margin-left: auto; margin-right: auto;\" \/><\/div>\n<div dir=\"auto\"><img decoding=\"async\" class=\" size-full wp-image-107\" src=\"https:\/\/utwstarachowice.pl\/wp-content\/uploads\/2016\/11\/received_560368629329193.jpg\" border=\"0\" width=\"512\" style=\"display: block; margin-left: auto; margin-right: auto;\" \/><\/div>\n<div dir=\"auto\">MINI\u00a0 CENTRUM\u00a0 NAUKI\u00a0 KOPERNIK\u00a0 &#8211; MPIT STARACHOWICE 8 MAJA.<\/div>\n<div dir=\"auto\"><img decoding=\"async\" class=\" size-full wp-image-108\" src=\"https:\/\/utwstarachowice.pl\/wp-content\/uploads\/2016\/11\/IMG20230508094639-scaled.jpg\" border=\"0\" width=\"521\" style=\"display: block; margin-left: auto; margin-right: auto;\" \/><\/div>\n<div dir=\"auto\">\u00a0<\/div>\n<div dir=\"auto\"><img decoding=\"async\" class=\" size-full wp-image-109\" src=\"https:\/\/utwstarachowice.pl\/wp-content\/uploads\/2016\/11\/IMG20230508095112-scaled.jpg\" border=\"0\" width=\"521\" style=\"display: block; margin-left: auto; margin-right: auto;\" \/><\/div>\n<div dir=\"auto\">\u00a0<\/div>\n<div dir=\"auto\"><img decoding=\"async\" class=\" size-full wp-image-110\" src=\"https:\/\/utwstarachowice.pl\/wp-content\/uploads\/2016\/11\/IMG20230508101051-scaled.jpg\" border=\"0\" width=\"521\" style=\"display: block; margin-left: auto; margin-right: auto;\" \/><\/div>\n<div dir=\"auto\"><img decoding=\"async\" class=\" size-full wp-image-111\" src=\"https:\/\/utwstarachowice.pl\/wp-content\/uploads\/2016\/11\/IMG20230508101059-scaled.jpg\" border=\"0\" width=\"521\" style=\"display: block; margin-left: auto; margin-right: auto;\" \/><\/div>\n<div dir=\"auto\"><img decoding=\"async\" class=\" size-full wp-image-112\" src=\"https:\/\/utwstarachowice.pl\/wp-content\/uploads\/2016\/11\/IMG20230508094757-scaled.jpg\" border=\"0\" width=\"521\" style=\"display: block; margin-left: auto; margin-right: auto;\" \/><\/div>\n<div dir=\"auto\">\u00a0FOTORELACJA\u00a0 Z PRAC\u00a0 NA DZIA\u0141CE\u00a0 EKOLOGICZNEJ GRUPY\u00a0 Z SEKCJI\u00a0 EKO &#8211; OGR\u00d3D &#8211; 2 MAJA.<\/div>\n<div dir=\"auto\"><img decoding=\"async\" class=\" size-full wp-image-113\" src=\"https:\/\/utwstarachowice.pl\/wp-content\/uploads\/2016\/11\/IMG20230502112220-scaled.jpg\" border=\"0\" width=\"521\" style=\"display: block; margin-left: auto; margin-right: auto;\" \/><\/div>\n<div dir=\"auto\"><img decoding=\"async\" class=\" size-full wp-image-114\" src=\"https:\/\/utwstarachowice.pl\/wp-content\/uploads\/2016\/11\/IMG20230502103048-scaled.jpg\" border=\"0\" width=\"521\" style=\"display: block; margin-left: auto; margin-right: auto;\" \/><\/div>\n<div dir=\"auto\"><img decoding=\"async\" class=\" size-full wp-image-115\" src=\"https:\/\/utwstarachowice.pl\/wp-content\/uploads\/2016\/11\/IMG20230502110326-scaled.jpg\" border=\"0\" width=\"521\" style=\"display: block; margin-left: auto; margin-right: auto;\" \/><\/div>\n<div dir=\"auto\">\u00a0<\/div>\n<div dir=\"auto\"><img decoding=\"async\" class=\" size-full wp-image-116\" src=\"https:\/\/utwstarachowice.pl\/wp-content\/uploads\/2016\/11\/received_1954795278189167.jpg\" border=\"0\" width=\"521\" style=\"display: block; margin-left: auto; margin-right: auto;\" \/><\/div>\n<div dir=\"auto\">\u00a0<\/div>\n<div dir=\"auto\"><span>25.04 &#8211; spotkanie sekcji Eko -Ogr\u00f3d. Dzi\u015b nasz kolega Mieczys\u0142aw Maci\u0105g opowiada\u0142 nam o ekologicznym nawo\u017ceniu upraw. Temat bardzo interesuj\u0105cy i dyskusyjny. Za tak wspania\u0142y i ciekawy wyk\u0142ad dzi\u0119kujemy. Oczekujemy nast\u0119pnych pogadanek zwi\u0105zanych z ekologicznymi uprawami.<\/span><\/div>\n<div dir=\"auto\"><span><img decoding=\"async\" class=\" size-full wp-image-117\" src=\"https:\/\/utwstarachowice.pl\/wp-content\/uploads\/2016\/11\/IMG20230425084746-scaled.jpg\" border=\"0\" width=\"521\" style=\"display: block; margin-left: auto; margin-right: auto;\" \/><\/span><\/div>\n<div dir=\"auto\"><img decoding=\"async\" class=\" size-full wp-image-118\" src=\"https:\/\/utwstarachowice.pl\/wp-content\/uploads\/2016\/11\/IMG20230425084838-scaled.jpg\" border=\"0\" width=\"521\" style=\"display: block; margin-left: auto; margin-right: auto;\" \/><\/div>\n<div dir=\"auto\">\u00a0<\/div>\n<div dir=\"auto\"><img decoding=\"async\" class=\" size-full wp-image-119\" src=\"https:\/\/utwstarachowice.pl\/wp-content\/uploads\/2016\/11\/IMG20230425084809-scaled.jpg\" border=\"0\" width=\"521\" style=\"display: block; margin-left: auto; margin-right: auto;\" \/><\/div>\n<div dir=\"auto\">\u00a0<\/div>\n<div dir=\"auto\">24.04.23 &#8211; Wyk\u0142ad plenarny wicedyrektor MPiT w Starachowicach Wioletty Sobieraj\u00a0 &#8222;Superspo\u0142eczno\u015b\u0107 na podstawie\u00a0 rodziny\u00a0 pszczelej&#8221;.<\/div>\n<div dir=\"auto\"><img decoding=\"async\" class=\" size-full wp-image-120\" src=\"https:\/\/utwstarachowice.pl\/wp-content\/uploads\/2016\/11\/IMG20230424095304-scaled.jpg\" border=\"0\" width=\"521\" style=\"display: block; margin-left: auto; margin-right: auto;\" \/><\/div>\n<div dir=\"auto\">\u00a0<\/div>\n<div dir=\"auto\"><img decoding=\"async\" class=\" size-full wp-image-121\" src=\"https:\/\/utwstarachowice.pl\/wp-content\/uploads\/2016\/11\/IMG20230424100536-scaled.jpg\" border=\"0\" width=\"521\" style=\"display: block; margin-left: auto; margin-right: auto;\" \/><\/div>\n<div dir=\"auto\">\u00a0<\/div>\n<div dir=\"auto\"><img decoding=\"async\" class=\" size-full wp-image-122\" src=\"https:\/\/utwstarachowice.pl\/wp-content\/uploads\/2016\/11\/IMG20230424095939-1-scaled.jpg\" border=\"0\" width=\"521\" style=\"display: block; margin-left: auto; margin-right: auto;\" \/><\/div>\n<div dir=\"auto\">20.04.23 &#8211; spokanie\u00a0 Sluchaczy\u00a0 UTW &#8222;przy\u00a0 jajeczku&#8221; w PATIO\u00a0 po\u0142aczone\u00a0 z ta\u0144cem przy\u00a0 muzyce.<\/div>\n<div dir=\"auto\"><img decoding=\"async\" class=\" size-full wp-image-123\" src=\"https:\/\/utwstarachowice.pl\/wp-content\/uploads\/2016\/11\/IMG20230420151407-scaled.jpg\" border=\"0\" width=\"512\" style=\"display: block; margin-left: auto; margin-right: auto;\" \/><\/div>\n<div dir=\"auto\">\u00a0<\/div>\n<div dir=\"auto\"><img decoding=\"async\" class=\" size-full wp-image-124\" src=\"https:\/\/utwstarachowice.pl\/wp-content\/uploads\/2016\/11\/received_129670040083014.jpg\" border=\"0\" width=\"512\" style=\"display: block; margin-left: auto; margin-right: auto;\" \/><img decoding=\"async\" class=\" size-full wp-image-125\" src=\"https:\/\/utwstarachowice.pl\/wp-content\/uploads\/2016\/11\/IMG20230420161358-scaled.jpg\" border=\"0\" width=\"512\" style=\"display: block; margin-left: auto; margin-right: auto;\" \/><\/div>\n<div dir=\"auto\">\u00a0<\/div>\n<div dir=\"auto\"><img decoding=\"async\" class=\" size-full wp-image-126\" src=\"https:\/\/utwstarachowice.pl\/wp-content\/uploads\/2016\/11\/IMG20230420164126-scaled.jpg\" border=\"0\" width=\"512\" style=\"display: block; margin-left: auto; margin-right: auto;\" \/><\/div>\n<div dir=\"auto\">\u00a0<\/div>\n<div dir=\"auto\">\u00a0<\/div>\n<div dir=\"auto\">SEKCJA\u00a0 EKO &#8211; OGR\u00d3D &#8211; 18.04 &#8211; prelekcja\u00a0 kol. Stanis\u0142awa\u00a0 Prokopiuka&#8221;DOBRE I Z\u0141E\u00a0 S\u0104SIEDZTWO ZI\u00d3\u0141&#8221;<\/div>\n<div dir=\"auto\"><img decoding=\"async\" class=\" size-full wp-image-127\" src=\"https:\/\/utwstarachowice.pl\/wp-content\/uploads\/2016\/11\/IMG20230418083741-scaled.jpg\" border=\"0\" width=\"521\" style=\"display: block; margin-left: auto; margin-right: auto;\" \/><\/div>\n<div dir=\"auto\">\u00a0<\/div>\n<div dir=\"auto\"><img decoding=\"async\" class=\" size-full wp-image-128\" src=\"https:\/\/utwstarachowice.pl\/wp-content\/uploads\/2016\/11\/IMG20230418083823-scaled.jpg\" border=\"0\" width=\"512\" style=\"display: block; margin-left: auto; margin-right: auto;\" \/><\/div>\n<div dir=\"auto\">\u00a0<\/div>\n<div dir=\"auto\"><img decoding=\"async\" class=\" size-full wp-image-129\" src=\"https:\/\/utwstarachowice.pl\/wp-content\/uploads\/2016\/11\/IMG20230418083814-scaled.jpg\" border=\"0\" width=\"512\" style=\"display: block; margin-left: auto; margin-right: auto;\" \/><\/div>\n<div dir=\"auto\">\u00a0<\/div>\n<div dir=\"auto\">\u00a0<\/div>\n<div dir=\"auto\">\u00a0<\/div>\n<div dir=\"auto\">18.04.23r- spotkanie sekcji literackiej.<\/div>\n<div dir=\"auto\">Dzi\u015b na wyk\u0142adzie z literatury Dorota Kie\u0142ek zapozna\u0142a nas z prac\u0105 jako czynnikiem tworz\u0105cym i niszcz\u0105cym na podstawie literatury polskiej w powie\u015bciach ;<\/div>\n<div dir=\"auto\">&#8221; Ch\u0142opi &#8221; ,&#8221; Nad Niemnem &#8221; ,Ludzie Bezdomni &#8221; i wielu innych ,w ciekawy realistyczny spos\u00f3b.<\/div>\n<div dir=\"auto\"><img decoding=\"async\" class=\" size-full wp-image-130\" src=\"https:\/\/utwstarachowice.pl\/wp-content\/uploads\/2016\/11\/received_973620657137079.jpg\" border=\"0\" width=\"512\" style=\"display: block; margin-left: auto; margin-right: auto;\" \/><\/div>\n<\/div>\n<div dir=\"auto\">\u00a0<\/div>\n<div dir=\"auto\"><img decoding=\"async\" class=\" size-full wp-image-131\" src=\"https:\/\/utwstarachowice.pl\/wp-content\/uploads\/2016\/11\/received_539298505031209.jpg\" border=\"0\" width=\"521\" style=\"display: block; margin-left: auto; margin-right: auto;\" \/><\/div>\n<div dir=\"auto\"><img decoding=\"async\" class=\" size-full wp-image-132\" src=\"https:\/\/utwstarachowice.pl\/wp-content\/uploads\/2016\/11\/received_1170132297007116.jpg\" border=\"0\" width=\"512\" style=\"display: block; margin-left: auto; margin-right: auto;\" \/><\/div>\n<div dir=\"auto\">\u00a0<\/div>\n<div dir=\"auto\">\u00a0<\/div>\n<div dir=\"auto\">17.04 &#8211; wyk\u0142ad\u00a0 plenarny\u00a0 poprowadzil dr Jerzy\u00a0 Krawiec &#8222;Wypadki drogowe, postepowanie\u00a0 powypadkowe i ubezpieczenia&#8221;.<\/div>\n<div dir=\"auto\"><img decoding=\"async\" class=\" size-full wp-image-133\" src=\"https:\/\/utwstarachowice.pl\/wp-content\/uploads\/2016\/11\/IMG20230417100503-scaled.jpg\" border=\"0\" width=\"512\" style=\"display: block; margin-left: auto; margin-right: auto;\" \/><\/div>\n<div dir=\"auto\">\u00a0<\/div>\n<div dir=\"auto\"><img decoding=\"async\" class=\" size-full wp-image-134\" src=\"https:\/\/utwstarachowice.pl\/wp-content\/uploads\/2016\/11\/IMG20230417100509-1-scaled.jpg\" border=\"0\" width=\"512\" style=\"display: block; margin-left: auto; margin-right: auto;\" \/><\/div>\n<div dir=\"auto\">\u00a0<\/div>\n<div dir=\"auto\">14.04.23- SPOTKANIE\u00a0 S\u0141UCHACZY\u00a0 W MBP -GRY PLANSZOWE.<\/div>\n<div dir=\"auto\"><img decoding=\"async\" class=\" size-full wp-image-135\" src=\"https:\/\/utwstarachowice.pl\/wp-content\/uploads\/2016\/11\/received_1352223731991129-scaled.jpg\" border=\"0\" width=\"512\" style=\"display: block; margin-left: auto; margin-right: auto;\" \/><\/div>\n<div dir=\"auto\"><img decoding=\"async\" class=\" size-full wp-image-136\" src=\"https:\/\/utwstarachowice.pl\/wp-content\/uploads\/2016\/11\/received_1298546724425270-scaled.jpg\" border=\"0\" width=\"521\" style=\"display: block; margin-left: auto; margin-right: auto;\" \/><\/div>\n<div dir=\"auto\"><img decoding=\"async\" class=\" size-full wp-image-137\" src=\"https:\/\/utwstarachowice.pl\/wp-content\/uploads\/2016\/11\/received_614855556841827-scaled.jpg\" border=\"0\" width=\"521\" style=\"display: block; margin-left: auto; margin-right: auto;\" \/><\/div>\n<div dir=\"auto\"><img decoding=\"async\" class=\" size-full wp-image-138\" src=\"https:\/\/utwstarachowice.pl\/wp-content\/uploads\/2016\/11\/received_2335578499977947-scaled.jpg\" border=\"0\" width=\"521\" style=\"margin-right: auto; margin-left: auto; display: block;\" \/><\/div>\n<div dir=\"auto\">\u00a0<\/div>\n<div dir=\"auto\"><img decoding=\"async\" class=\" size-full wp-image-139\" src=\"https:\/\/utwstarachowice.pl\/wp-content\/uploads\/2016\/11\/received_544722821181851-scaled.jpg\" border=\"0\" width=\"521\" style=\"display: block; margin-left: auto; margin-right: auto;\" \/><\/div>\n<div dir=\"auto\">&#8222;PROSTE\u00a0 TRIKI\u00a0 NA\u00a0 ZDROWIE&#8221; &#8211; wyk\u0142ad\u00a0 dietetyczki\u00a0 Beaty\u00a0 Tusi\u0144skiej.<\/div>\n<div dir=\"auto\">\u00a0<\/div>\n<div dir=\"auto\"><img decoding=\"async\" class=\" size-full wp-image-140\" src=\"https:\/\/utwstarachowice.pl\/wp-content\/uploads\/2016\/11\/IMG20230403100156-scaled.jpg\" border=\"0\" width=\"512\" style=\"display: block; margin-left: auto; margin-right: auto;\" \/><\/div>\n<div dir=\"auto\"><img decoding=\"async\" class=\" size-full wp-image-141\" src=\"https:\/\/utwstarachowice.pl\/wp-content\/uploads\/2016\/11\/IMG20230403100356-scaled.jpg\" border=\"0\" width=\"512\" style=\"display: block; margin-left: auto; margin-right: auto;\" \/><\/div>\n<div dir=\"auto\"><img decoding=\"async\" class=\" size-full wp-image-142\" src=\"https:\/\/utwstarachowice.pl\/wp-content\/uploads\/2016\/11\/IMG20230403112248-scaled.jpg\" border=\"0\" width=\"470\" style=\"display: block; margin-left: auto; margin-right: auto;\" \/><\/div>\n<div dir=\"auto\">\u00a0<\/div>\n<div dir=\"auto\">\u00a0<\/div>\n<div dir=\"auto\">KRZEMIENIE &#8211; POLSKIE DIAMENTY.<\/div>\n<div dir=\"auto\">30 marca wyk\u0142ad przeprowadzi\u0142a dla S\u0142uchaczy sekcji przyrodniczej p.Justyna Sadza z Muzeum Przyrody i Techniki w Starachowicach. Temat bardzo interesuj\u0105cy i przeprowadzony w bardzo ciekawy spos\u00f3b. Dzi\u0119kujemy za tak wspania\u0142\u0105 prelekcj\u0119.<\/div>\n<div dir=\"auto\"><img decoding=\"async\" class=\" size-full wp-image-143\" src=\"https:\/\/utwstarachowice.pl\/wp-content\/uploads\/2016\/11\/received_206729368641924.jpg\" border=\"0\" width=\"512\" style=\"display: block; margin-left: auto; margin-right: auto;\" \/><\/div>\n<p>\u00a0<\/p>\n<p><img decoding=\"async\" class=\" size-full wp-image-144\" src=\"https:\/\/utwstarachowice.pl\/wp-content\/uploads\/2016\/11\/received_1368041514050153.jpg\" border=\"0\" width=\"512\" style=\"display: block; margin-left: auto; margin-right: auto;\" \/><\/p>\n<p><img decoding=\"async\" class=\" size-full wp-image-145\" src=\"https:\/\/utwstarachowice.pl\/wp-content\/uploads\/2016\/11\/received_1683746568757232.jpg\" border=\"0\" width=\"512\" style=\"display: block; margin-left: auto; margin-right: auto;\" \/><\/p>\n<p>\u00a028.03.23 &#8211; WYKLAD\u00a0 KRYSTYNY\u00a0 DUTKIEWICZ\u00a0 &#8222;SPOSOBY ZAPYLANIA\u00a0 RO\u015aLIN&#8221;<\/p>\n<p>\u00a0<\/p>\n<p style=\"text-align: left;\"><img decoding=\"async\" class=\" size-full wp-image-146\" src=\"https:\/\/utwstarachowice.pl\/wp-content\/uploads\/2016\/11\/IMG20230328085317-scaled.jpg\" border=\"0\" width=\"521\" style=\"display: block; margin-left: auto; margin-right: auto;\" \/><\/p>\n<p style=\"text-align: left;\">\u00a0<\/p>\n<p style=\"text-align: left;\"><img decoding=\"async\" class=\" size-full wp-image-147\" src=\"https:\/\/utwstarachowice.pl\/wp-content\/uploads\/2016\/11\/IMG20230328083819-scaled.jpg\" border=\"0\" width=\"521\" \/><\/p>\n<p style=\"text-align: left;\"><img decoding=\"async\" class=\" size-full wp-image-148\" src=\"https:\/\/utwstarachowice.pl\/wp-content\/uploads\/2016\/11\/IMG20230328090229-scaled.jpg\" border=\"0\" width=\"512\" \/><\/p>\n<p>\u00a0<\/p>\n<p style=\"text-align: left;\">\u00a0<\/p>\n<p style=\"text-align: left;\"><span>Na dzisiejszych zaj\u0119ciach go\u015bcili\u015bmy p. Monik\u0119 Dygas w\u0142a\u015bcicielk\u0119 prywatnego Muzeum Etnograficznego &#8222;Chata Szeptuchy&#8221;- Tych\u00f3w Stary z prelekcj\u0105&#8221;Zio\u0142a w domowej apteczce dla zdrowia i urody&#8221;.Pani Monika zapozna\u0142a nas z w\u0142a\u015bciwo\u015bciami zdrowotnymi niekt\u00f3rych zi\u00f3\u0142 oraz jak je mo\u017cemy stosowa\u0107 w takiej postaci jak:napary, odwary, maceraty oraz ma\u015bci i kosmetyki \u017ce \u015bwie\u017cych zi\u00f3\u0142. Poniewa\u017c p. Monika jest wykwalifikowanym instruktorem zaj\u0119\u0107 jogi i prowadzi zaj\u0119cia z grup\u0105 Senior\u00f3w <\/span><span>wspomnia\u0142a jak bardzo wa\u017cny jest ruch w naszym codziennym \u017cyciu. Zach\u0119ci\u0142a nas te\u017c do morsowania, gdy\u017c zimno daje nam moc i energi\u0119.Pi\u0119kne by\u0142o to spotkanie otrzymali\u015bmy du\u017co warto\u015bciowych informacji od mi\u0142o\u015bniczki przyrody, historii i medycyny naturalnej. Grupa 39 S\u0142uchaczy UTW serdecznie dzi\u0119kuje za tak ciekawy wyk\u0142ad i czekamy zapraszaj\u0105c na nast\u0119pne spotkanie.<\/span><\/p>\n<p style=\"text-align: left;\"><span><img decoding=\"async\" class=\" size-full wp-image-149\" src=\"https:\/\/utwstarachowice.pl\/wp-content\/uploads\/2016\/11\/IMG20230327095618-scaled.jpg\" border=\"0\" width=\"521\" style=\"display: block; margin-left: auto; margin-right: auto;\" \/><\/span><\/p>\n<p style=\"text-align: left;\"><img decoding=\"async\" class=\" size-full wp-image-150\" src=\"https:\/\/utwstarachowice.pl\/wp-content\/uploads\/2016\/11\/IMG20230327100419-scaled.jpg\" border=\"0\" width=\"521\" style=\"display: block; margin-left: auto; margin-right: auto;\" \/><\/p>\n<p style=\"text-align: left;\">\u00a0<\/p>\n<p style=\"text-align: left;\"><img decoding=\"async\" class=\" size-full wp-image-151\" src=\"https:\/\/utwstarachowice.pl\/wp-content\/uploads\/2016\/11\/IMG20230327111713-scaled.jpg\" border=\"0\" width=\"521\" style=\"display: block; margin-left: auto; margin-right: auto;\" \/><\/p>\n<p style=\"text-align: left;\"><img decoding=\"async\" class=\" size-full wp-image-152\" src=\"https:\/\/utwstarachowice.pl\/wp-content\/uploads\/2016\/11\/IMG20230327101122-scaled.jpg\" border=\"0\" width=\"521\" \/><\/p>\n<p style=\"text-align: left;\"><span>W dniu 25 marca 2023r w siedzibie UTW w Starachowicach odby\u0142o si\u0119 spotkanie przedstawi<\/span><\/p>\n<p style=\"text-align: left;\"><span>cieli UTW &#8211; cz\u0142onk\u00f3w Zarz\u0105du i Samorz\u0105du Studenckiego z cz\u0142onkami M\u0142odzie\u017cowej Rady Miasta w Starachowicach. Spotkanie mia\u0142o na celu podj\u0119cia dzia\u0142a\u0144 ukierunkowanych na rozwijanie wi\u0119zi i solidarno\u015bci mi\u0119dzypokoleniowej. W trakcie tych dzia\u0142a\u0144 nast\u0105pi\u0105 interakcje pomi\u0119dzy przedstawicielami r\u00f3\u017cnych pokole\u0144, wymieniaj\u0105cych si\u0119 wiedz\u0105, informacj\u0105, sposobami rozwi\u0105zywania problem\u00f3w, <\/span><span>do\u015bwiadczeniami i umiej\u0119tno\u015bciami. Spodziewanym rezultatem po\u015brednim tych dzia\u0142a\u0144 jest wi\u0119ksze zrozumienie i szacunek pokole\u0144 wzgl\u0119dem siebie,co w efekcie b\u0119dzie skutkowa\u0142o wzrostem spoisto\u015bci spo\u0142ecznej.W ostatniej cz\u0119\u015bci spotkania uczestniczy\u0142 p. Krzysztof Knapik z fundacji,,Nasze Zdrowie&#8221; dzia\u0142aj\u0105cej na rzecz os\u00f3b niepe\u0142nosprawnych. W swoim wyst\u0105pieniu opowiada\u0142 o dzia\u0142aniach fundacji. Spotkanie przebieg\u0142o w przyjemnej atmosferze. Go\u015bcie odwiedzili pracowni\u0119 sekcji artystycznej &#8222;Niespokojne R\u0119ce&#8221;i Ogr\u00f3d Spo\u0142eczno\u015bciowy.<\/span><\/p>\n<p style=\"text-align: left;\"><span><img decoding=\"async\" class=\" size-full wp-image-153\" src=\"https:\/\/utwstarachowice.pl\/wp-content\/uploads\/2016\/11\/received_177756227974366.jpg\" border=\"0\" width=\"521\" style=\"display: block; margin-left: auto; margin-right: auto;\" \/><\/span><\/p>\n<p style=\"text-align: left;\">\u00a0<\/p>\n<p style=\"text-align: left;\"><img decoding=\"async\" class=\" size-full wp-image-154\" src=\"https:\/\/utwstarachowice.pl\/wp-content\/uploads\/2016\/11\/received_1388100981992102.jpg\" border=\"0\" width=\"521\" style=\"display: block; margin-left: auto; margin-right: auto;\" \/><\/p>\n<p style=\"text-align: left;\">\u00a0<\/p>\n<p style=\"text-align: left;\"><img decoding=\"async\" class=\" size-full wp-image-155\" src=\"https:\/\/utwstarachowice.pl\/wp-content\/uploads\/2016\/11\/received_756595815878444.jpg\" border=\"0\" width=\"521\" style=\"display: block; margin-left: auto; margin-right: auto;\" \/><\/p>\n<p style=\"text-align: left;\">\u00a0<\/p>\n<p style=\"text-align: left;\">\u00a0<\/p>\n<p style=\"text-align: left;\">\u00a0<\/p>\n<p style=\"text-align: left;\">\u00a0<span>21 marca spotkanie sekcji Eko -Ogr\u00f3d poprowadzi\u0142 prezes UTW Jerzy Krawczyk.Zacz\u0105\u0142 od historii tworzenia ogrodu spo\u0142eczno\u015bciowego na terenie ogr\u00f3dk\u00f3w dzia\u0142kowych przy ul Martenowskiej. Pi\u0119kne to by\u0142y czasy &#8211; urz\u0105dzali\u015bmy ogr\u00f3d 100m kw. Ros\u0142y tam drzewa owocowe ( wi\u015bnia, jab\u0142o\u0144, orzech) i krzewy porzeczki czarnej. Po roku od za\u0142o\u017cenia ogrodu zio\u0142owego wygrali\u015bmy konkurs ,, Ziemia i Ludzie &#8221; zajmuj\u0105c I miejsce w kraju. Nawet by\u0142a u nas telewizja. W tym miejscu by\u0142y regularne <\/span><span>spotkania zwi\u0105zane z piel\u0119gnacj\u0105 ogrodu i latem w cieniu drzew mo\u017cna by\u0142o posiedzie\u0107 przy naparach zio\u0142owych,herbatce i ciastach domowych. Po 3 latach rezygnujemy z dzia\u0142ki pisz\u0105c projekt norweski Eko- Szko\u0142a &#8211; Zielone Centrum Aktywno\u015bci Lokalnej i dostajemy pieni\u0105dze i du\u017c\u0105 dzia\u0142k\u0119 550m kw. na 10lat przy naszej siedzibie na urz\u0105dzenie ogrodu. Teraz ju\u017c z do\u015bwiadczeniem mamy pi\u0119kne plany do realizacji. Tematem wiod\u0105cym dzisiejszego spotkania by\u0142a &#8221; Bazylia i jej w\u0142a\u015bciwo\u015bci&#8221;. Us\u0142yszeli\u015bmy du\u017co o zdrowotnych walorach bazylii i jej uprawie. Dzisiejsze spotkanie by\u0142o bardzo ciekawe i urozmaicone. Dzi\u0119kujemy za ten wspania\u0142y wyk\u0142ad.<\/span><\/p>\n<p style=\"text-align: left;\">\u00a0<\/p>\n<p style=\"text-align: left;\"><span><img decoding=\"async\" class=\" size-full wp-image-156\" src=\"https:\/\/utwstarachowice.pl\/wp-content\/uploads\/2016\/11\/IMG20230321091127-scaled.jpg\" border=\"0\" width=\"521\" style=\"display: block; margin-left: auto; margin-right: auto;\" \/><\/span><\/p>\n<p style=\"text-align: left;\">\u00a0<\/p>\n<p style=\"text-align: left;\"><img decoding=\"async\" class=\" size-full wp-image-157\" src=\"https:\/\/utwstarachowice.pl\/wp-content\/uploads\/2016\/11\/IMG20230321083602-scaled.jpg\" border=\"0\" width=\"521\" style=\"display: block; margin-left: auto; margin-right: auto;\" \/><\/p>\n<p style=\"text-align: left;\"><img decoding=\"async\" class=\" size-full wp-image-158\" src=\"https:\/\/utwstarachowice.pl\/wp-content\/uploads\/2016\/11\/FB_IMG_1679413844132-1.jpg\" border=\"0\" width=\"521\" style=\"display: block; margin-left: auto; margin-right: auto;\" \/><\/p>\n<p style=\"text-align: left;\"><img decoding=\"async\" class=\" size-full wp-image-159\" src=\"https:\/\/utwstarachowice.pl\/wp-content\/uploads\/2016\/11\/16794149130808740322870947450427.jpg\" border=\"0\" width=\"521\" style=\"display: block; margin-left: auto; margin-right: auto;\" \/><\/p>\n<div dir=\"auto\">Dzi\u015b odby\u0142 si\u0119 ciekawy wyk\u0142ad dr Krystyny Dutkiewicz , kt\u00f3ra przedstawi\u0142a s\u0142uchaczom gatunki porost\u00f3w na \u015bwiecie i w Polsce , uzale\u017cnione od stanu zanieczyszcze\u0144 powietrza .<\/div>\n<div dir=\"auto\">A jest ich mnogo , o r\u00f3\u017cnych kszta\u0142tach i kolorach . Ma\u0142o tego , Krysia po\u015bwi\u0119ci\u0142a sw\u00f3j czas aby p\u00f3j\u015b\u0107 do lasu i zebrane porosty z drzew iglastych i li\u015bciastych przedstawi\u0107 nam naocznie jak one wygl\u0105daj\u0105 . My w dow\u00f3d wdzi\u0119czno\u015bci za ciekawe naukowe wyk\u0142ady podzi\u0119kowali\u015bmy Krysi jak potrafili\u015bmy .<\/div>\n<div dir=\"auto\"><img decoding=\"async\" class=\" size-full wp-image-160\" src=\"https:\/\/utwstarachowice.pl\/wp-content\/uploads\/2016\/11\/received_225417116561907.jpg\" border=\"0\" width=\"512\" style=\"display: block; margin-left: auto; margin-right: auto;\" \/><img decoding=\"async\" class=\" size-full wp-image-161\" src=\"https:\/\/utwstarachowice.pl\/wp-content\/uploads\/2016\/11\/received_155007887454946.jpg\" border=\"0\" width=\"512\" style=\"display: block; margin-left: auto; margin-right: auto;\" \/><\/div>\n<p style=\"text-align: left;\">\u00a0<\/p>\n<p style=\"text-align: left;\"><img decoding=\"async\" class=\" size-full wp-image-162\" src=\"https:\/\/utwstarachowice.pl\/wp-content\/uploads\/2016\/11\/received_763447134980264.jpg\" border=\"0\" width=\"512\" style=\"display: block; margin-left: auto; margin-right: auto;\" \/><\/p>\n<p style=\"text-align: left;\">\u00a0WERNISA\u017b\u00a0 GRAFIKI\u00a0 ADAMA\u00a0 CIE\u015aLIKA\u00a0 14 MARCA\u00a0 W\u00a0 OLIMPII UM .<\/p>\n<p style=\"text-align: left;\">\u00a0<\/p>\n<p style=\"text-align: left;\"><img decoding=\"async\" class=\" size-full wp-image-163\" src=\"https:\/\/utwstarachowice.pl\/wp-content\/uploads\/2016\/11\/image-8.jpg\" border=\"0\" width=\"512\" style=\"display: block; margin-left: auto; margin-right: auto;\" \/><\/p>\n<p style=\"text-align: left;\">\u00a0<\/p>\n<p style=\"text-align: left;\"><img decoding=\"async\" class=\" size-full wp-image-164\" src=\"https:\/\/utwstarachowice.pl\/wp-content\/uploads\/2016\/11\/image-6.jpg\" border=\"0\" width=\"512\" style=\"display: block; margin-left: auto; margin-right: auto;\" \/><\/p>\n<p style=\"text-align: left;\"><img decoding=\"async\" class=\" size-full wp-image-165\" src=\"https:\/\/utwstarachowice.pl\/wp-content\/uploads\/2016\/11\/image-7.jpg\" border=\"0\" width=\"512\" style=\"display: block; margin-left: auto; margin-right: auto;\" \/><\/p>\n<p style=\"text-align: left;\">\u00a0<\/p>\n<p style=\"text-align: left;\"><img decoding=\"async\" class=\" size-full wp-image-166\" src=\"https:\/\/utwstarachowice.pl\/wp-content\/uploads\/2016\/11\/IMG20230314161939-scaled.jpg\" border=\"0\" width=\"512\" style=\"display: block; margin-left: auto; margin-right: auto;\" \/><\/p>\n<p style=\"text-align: left;\"><img decoding=\"async\" class=\" size-full wp-image-167\" src=\"https:\/\/utwstarachowice.pl\/wp-content\/uploads\/2016\/11\/IMG20230314161350-scaled.jpg\" border=\"0\" width=\"512\" style=\"display: block; margin-left: auto; margin-right: auto;\" \/><\/p>\n<p style=\"text-align: left;\">\u00a0<\/p>\n<p style=\"text-align: left;\"><img decoding=\"async\" class=\" size-full wp-image-168\" src=\"https:\/\/utwstarachowice.pl\/wp-content\/uploads\/2016\/11\/IMG20230314162927-scaled.jpg\" border=\"0\" width=\"512\" style=\"display: block; margin-left: auto; margin-right: auto;\" \/><\/p>\n<p style=\"text-align: left;\"><img loading=\"lazy\" decoding=\"async\" class=\" size-full wp-image-169\" src=\"https:\/\/utwstarachowice.pl\/wp-content\/uploads\/2016\/11\/IMG20230314162438-scaled.jpg\" border=\"0\" width=\"512\" height=\"289\" style=\"display: block; margin-left: auto; margin-right: auto;\" \/><\/p>\n<p style=\"text-align: left;\"><img decoding=\"async\" class=\" size-full wp-image-170\" src=\"https:\/\/utwstarachowice.pl\/wp-content\/uploads\/2016\/11\/IMG20230314164757-scaled.jpg\" border=\"0\" width=\"512\" style=\"display: block; margin-left: auto; margin-right: auto;\" \/><\/p>\n<p style=\"text-align: left;\">\u00a0<\/p>\n<p style=\"text-align: left;\">\u00a0<\/p>\n<p style=\"text-align: left;\">\u00a0<\/p>\n<p style=\"text-align: left;\">\u00a0<\/p>\n<p style=\"text-align: left;\">\u00a0<\/p>\n<p style=\"text-align: left;\">\u00a0<\/p>\n<p style=\"text-align: left;\">\u00a0<\/p>\n<p style=\"text-align: left;\">\u00a0<\/p>\n<p style=\"text-align: left;\">\u00a0<\/p>\n<p style=\"text-align: left;\">\u00a0<\/p>\n<p style=\"text-align: left;\"><span><span><img decoding=\"async\" class=\" size-full wp-image-171\" src=\"https:\/\/utwstarachowice.pl\/wp-content\/uploads\/2016\/11\/IMG20230314083559-scaled.jpg\" border=\"0\" width=\"512\" style=\"display: block; margin-left: auto; margin-right: auto;\" \/><\/span><\/span><\/p>\n<p style=\"text-align: left;\">\u00a0<\/p>\n<p style=\"text-align: left;\">AROMATERAPIA &#8211; 14.03,23\u00a0 &#8211; KOLEJNE\u00a0 SPOTKANIE\u00a0 SEKCJI\u00a0 EKO &#8211; OGR\u00d3D.<\/p>\n<p style=\"text-align: left;\">\u00a0<\/p>\n<p style=\"text-align: left;\"><img decoding=\"async\" class=\" size-full wp-image-172\" src=\"https:\/\/utwstarachowice.pl\/wp-content\/uploads\/2016\/11\/IMG20230314083445-scaled.jpg\" border=\"0\" width=\"521\" style=\"display: block; margin-left: auto; margin-right: auto;\" \/><\/p>\n<p style=\"text-align: left;\">\u00a0<\/p>\n<p style=\"text-align: left;\"><span><span><img decoding=\"async\" class=\" size-full wp-image-173\" src=\"https:\/\/utwstarachowice.pl\/wp-content\/uploads\/2016\/11\/IMG20230314092619-scaled.jpg\" border=\"0\" width=\"521\" style=\"display: block; margin-left: auto; margin-right: auto;\" \/><\/span><\/span><\/p>\n<p style=\"text-align: left;\">\u00a0<\/p>\n<p style=\"text-align: left;\"><img decoding=\"async\" class=\" size-full wp-image-174\" src=\"https:\/\/utwstarachowice.pl\/wp-content\/uploads\/2016\/11\/image-12.jpg\" border=\"0\" width=\"512\" style=\"display: block; margin-left: auto; margin-right: auto;\" \/><\/p>\n<p style=\"text-align: left;\"><img decoding=\"async\" class=\" size-full wp-image-175\" src=\"https:\/\/utwstarachowice.pl\/wp-content\/uploads\/2016\/11\/image-10.jpg\" border=\"0\" width=\"512\" style=\"display: block; margin-left: auto; margin-right: auto;\" \/><\/p>\n<p style=\"text-align: left;\">\u00a0<span>Dzi\u015b wyk\u0142adowca literatury Dorota Kie\u0142ek , przedstawi\u0142a s\u0142uchaczom ; KOBIETY w \u017cyciu Adama Mickiewicza . S\u0142awne Kobiety na przestrzeni wiek\u00f3w , najbardziej znane Polki ,oraz zabawne \u017carty i fraszki o Kobietach . Na wyk\u0142adzie by\u0142o naukowo i weso\u0142o ku rado\u015bci s\u0142uchaczy <\/span><\/p>\n<p style=\"text-align: left;\"><img decoding=\"async\" class=\" size-full wp-image-176\" src=\"https:\/\/utwstarachowice.pl\/wp-content\/uploads\/2016\/11\/received_1144043492926887.jpg\" border=\"0\" width=\"512\" style=\"display: block; margin-left: auto; margin-right: auto;\" \/><\/p>\n<p style=\"text-align: left;\">\u00a0<\/p>\n<p style=\"text-align: left;\"><span><img decoding=\"async\" class=\" size-full wp-image-177\" src=\"https:\/\/utwstarachowice.pl\/wp-content\/uploads\/2016\/11\/received_1270662917138158.jpg\" border=\"0\" width=\"512\" style=\"display: block; margin-left: auto; margin-right: auto;\" \/><\/span><\/p>\n<p style=\"text-align: left;\">\u00a0<\/p>\n<p style=\"text-align: left;\"><span><img decoding=\"async\" class=\" size-full wp-image-178\" src=\"https:\/\/utwstarachowice.pl\/wp-content\/uploads\/2016\/11\/received_220345653874163.jpg\" border=\"0\" width=\"512\" style=\"display: block; margin-left: auto; margin-right: auto;\" \/><\/span><\/p>\n<p style=\"text-align: left;\">\u00a0<\/p>\n<p style=\"text-align: left;\"><span>ZAJ\u0118CIA\u00a0 GIMNASTYCZNE.<\/span><\/p>\n<p style=\"text-align: left;\"><span><img decoding=\"async\" class=\" size-full wp-image-179\" src=\"https:\/\/utwstarachowice.pl\/wp-content\/uploads\/2016\/11\/image-5.jpg\" border=\"0\" width=\"512\" style=\"display: block; margin-left: auto; margin-right: auto;\" \/><\/span><\/p>\n<p style=\"text-align: left;\"><img decoding=\"async\" class=\" size-full wp-image-180\" src=\"https:\/\/utwstarachowice.pl\/wp-content\/uploads\/2016\/11\/image-4.jpg\" border=\"0\" width=\"512\" style=\"display: block; margin-left: auto; margin-right: auto;\" \/><\/p>\n<p style=\"text-align: left;\">\u00a0<\/p>\n<p style=\"text-align: left;\"><span>&#8222;ZROWA\u00a0 \u00a0PI\u0118KNA&#8221; &#8211; pod takim\u00a0 has\u0142em odby\u0142y\u00a0 si\u0119 starachowickie\u00a0 obchody DNIA\u00a0 KOBIET organizowane pod patronatem Prezydenta Miasta Starachowice\u00a0 Marka\u00a0 Materka.<\/span><\/p>\n<p style=\"text-align: left;\"><span><img decoding=\"async\" class=\" size-full wp-image-181\" src=\"https:\/\/utwstarachowice.pl\/wp-content\/uploads\/2016\/11\/received_879355143131148.jpg\" border=\"0\" width=\"512\" style=\"display: block; margin-left: auto; margin-right: auto;\" \/><\/span><\/p>\n<p style=\"text-align: left;\"><img decoding=\"async\" class=\" size-full wp-image-182\" src=\"https:\/\/utwstarachowice.pl\/wp-content\/uploads\/2016\/11\/received_1210763636229227.jpg\" border=\"0\" width=\"512\" style=\"display: block; margin-left: auto; margin-right: auto;\" \/><\/p>\n<p style=\"text-align: left;\"><img decoding=\"async\" class=\" size-full wp-image-183\" src=\"https:\/\/utwstarachowice.pl\/wp-content\/uploads\/2016\/11\/received_523333796394048.jpg\" border=\"0\" width=\"512\" style=\"display: block; margin-left: auto; margin-right: auto;\" \/><\/p>\n<p style=\"text-align: left;\">\u00a0<\/p>\n<p style=\"text-align: left;\"><span><img decoding=\"async\" class=\" size-full wp-image-184\" src=\"https:\/\/utwstarachowice.pl\/wp-content\/uploads\/2016\/11\/FB_IMG_1678299146895.jpg\" border=\"0\" width=\"512\" style=\"display: block; margin-left: auto; margin-right: auto;\" \/><\/span><\/p>\n<p style=\"text-align: left;\"><span><img decoding=\"async\" class=\" size-full wp-image-185\" src=\"https:\/\/utwstarachowice.pl\/wp-content\/uploads\/2016\/11\/FB_IMG_1678375541610.jpg\" border=\"0\" width=\"512\" style=\"display: block; margin-left: auto; margin-right: auto;\" \/><\/span><\/p>\n<p style=\"text-align: left;\">\u00a0<\/p>\n<p style=\"text-align: left;\"><span><img decoding=\"async\" class=\" size-full wp-image-186\" src=\"https:\/\/utwstarachowice.pl\/wp-content\/uploads\/2016\/11\/FB_IMG_1678375454068.jpg\" border=\"0\" width=\"512\" style=\"display: block; margin-left: auto; margin-right: auto;\" \/><\/span><\/p>\n<p style=\"text-align: left;\"><img decoding=\"async\" class=\" size-full wp-image-187\" src=\"https:\/\/utwstarachowice.pl\/wp-content\/uploads\/2016\/11\/FB_IMG_1678375490764.jpg\" border=\"0\" width=\"512\" style=\"display: block; margin-left: auto; margin-right: auto;\" \/><\/p>\n<p style=\"text-align: left;\">\u00a0<\/p>\n<p style=\"text-align: left;\"><span><img decoding=\"async\" class=\" size-full wp-image-188\" src=\"https:\/\/utwstarachowice.pl\/wp-content\/uploads\/2016\/11\/FB_IMG_1678375515193.jpg\" border=\"0\" width=\"512\" style=\"display: block; margin-left: auto; margin-right: auto;\" \/><\/span><\/p>\n<p style=\"text-align: left;\">\u00a0<\/p>\n<p style=\"text-align: left;\"><span>\u00a0<\/span><\/p>\n<p style=\"text-align: left;\"><span>1 marca &#8211; kolejne spotkanie sekcji\u00a0 plastycznej &#8222;NIESPOKOJNE\u00a0 R\u0118CE&#8221;<\/span><\/p>\n<p style=\"text-align: left;\"><span><img decoding=\"async\" class=\" size-full wp-image-189\" src=\"https:\/\/utwstarachowice.pl\/wp-content\/uploads\/2016\/11\/received_1202633530371706.jpg\" border=\"0\" width=\"512\" style=\"display: block; margin-left: auto; margin-right: auto;\" \/><\/span><\/p>\n<p style=\"text-align: left;\"><img decoding=\"async\" class=\" size-full wp-image-190\" src=\"https:\/\/utwstarachowice.pl\/wp-content\/uploads\/2016\/11\/received_1805749609811359.jpg\" border=\"0\" width=\"512\" style=\"display: block; margin-left: auto; margin-right: auto;\" \/><\/p>\n<p style=\"text-align: left;\"><img decoding=\"async\" class=\" size-full wp-image-191\" src=\"https:\/\/utwstarachowice.pl\/wp-content\/uploads\/2016\/11\/received_178322244933919.jpg\" border=\"0\" width=\"512\" style=\"display: block; margin-left: auto; margin-right: auto;\" \/><\/p>\n<p style=\"text-align: left;\"><span>\u00a0<\/span><\/p>\n<p style=\"text-align: left;\"><span><img decoding=\"async\" class=\" size-full wp-image-192\" src=\"https:\/\/utwstarachowice.pl\/wp-content\/uploads\/2016\/11\/received_746911640488908.jpg\" border=\"0\" width=\"512\" style=\"display: block; margin-left: auto; margin-right: auto;\" \/><\/span><\/p>\n<p style=\"text-align: left;\">\u00a0<\/p>\n<p style=\"text-align: left;\"><span>28luty &#8211; kolejne spotkanie sekcji Eko -Ogr\u00f3d. Wyk\u0142ad prowadzi\u0142 kol. Stanis\u0142aw Prokopiuk. Temat wyk\u0142adu &#8222;Allelopatia w ogrodzie&#8221;.<\/span><\/p>\n<p style=\"text-align: left;\"><span><img decoding=\"async\" class=\" size-full wp-image-193\" src=\"https:\/\/utwstarachowice.pl\/wp-content\/uploads\/2016\/11\/IMG20230228084120-scaled.jpg\" border=\"0\" width=\"512\" style=\"display: block; margin-left: auto; margin-right: auto;\" \/><\/span><\/p>\n<p style=\"text-align: left;\"><img decoding=\"async\" class=\" size-full wp-image-194\" src=\"https:\/\/utwstarachowice.pl\/wp-content\/uploads\/2016\/11\/IMG20230228085819-scaled.jpg\" border=\"0\" width=\"512\" style=\"display: block; margin-left: auto; margin-right: auto;\" \/><\/p>\n<p style=\"text-align: left;\"><img decoding=\"async\" class=\" size-full wp-image-195\" src=\"https:\/\/utwstarachowice.pl\/wp-content\/uploads\/2016\/11\/IMG20230228084154-scaled.jpg\" border=\"0\" width=\"512\" style=\"display: block; margin-left: auto; margin-right: auto;\" \/><\/p>\n<p style=\"text-align: left;\"><img decoding=\"async\" class=\" size-full wp-image-196\" src=\"https:\/\/utwstarachowice.pl\/wp-content\/uploads\/2016\/11\/IMG20230228084248-scaled.jpg\" border=\"0\" width=\"512\" style=\"display: block; margin-left: auto; margin-right: auto;\" \/><\/p>\n<p style=\"text-align: left;\">\u00a0<\/p>\n<p style=\"text-align: left;\">\u00a0<span>27 luty- poniedzia\u0142ek i kolejny wyk\u0142ad plenarny dla S\u0142uchaczy UTW. Dzi\u015b go\u015bci\u0142 u nas z wyk\u0142adem p. Krzysztof Daniszewski. Tytu\u0142 wyk\u0142adu,, Uzbekistan &#8211; serce i puls wielkiego stepu&#8221;<\/span><\/p>\n<p style=\"text-align: left;\"><img decoding=\"async\" class=\" size-full wp-image-197\" src=\"https:\/\/utwstarachowice.pl\/wp-content\/uploads\/2016\/11\/IMG20230227100805-scaled.jpg\" border=\"0\" width=\"512\" style=\"display: block; margin-left: auto; margin-right: auto;\" \/><\/p>\n<p style=\"text-align: left;\">\u00a0<\/p>\n<p style=\"text-align: left;\"><img decoding=\"async\" class=\" size-full wp-image-198\" src=\"https:\/\/utwstarachowice.pl\/wp-content\/uploads\/2016\/11\/IMG20230227095918-scaled.jpg\" border=\"0\" width=\"512\" style=\"display: block; margin-left: auto; margin-right: auto;\" \/><\/p>\n<p style=\"text-align: left;\">\u00a0<\/p>\n<p style=\"text-align: left;\"><img decoding=\"async\" class=\" size-full wp-image-199\" src=\"https:\/\/utwstarachowice.pl\/wp-content\/uploads\/2016\/11\/IMG20230227115313-scaled.jpg\" border=\"0\" width=\"512\" style=\"display: block; margin-left: auto; margin-right: auto;\" \/><\/p>\n<p style=\"text-align: left;\"><img decoding=\"async\" class=\" size-full wp-image-200\" src=\"https:\/\/utwstarachowice.pl\/wp-content\/uploads\/2016\/11\/IMG20230227100756-scaled.jpg\" border=\"0\" width=\"512\" style=\"display: block; margin-left: auto; margin-right: auto;\" \/><\/p>\n<p>23.02 &#8211; zaj\u0119cia\u00a0 sekcji geograficzno &#8211; turystycznej prowadzi Ela Durlej. Temat wyk\u0142adu &#8221; TR\u00d3JK\u0104T\u00a0 BERMUDZKI&#8221; zgromadzi\u0142\u00a0 do\u015b\u0107 du\u017c\u0105 grup\u0119 s\u0142uchaczy. Dzi\u0119kujemy za ciekawy wyk\u0142ad.<\/p>\n<p><img decoding=\"async\" class=\" size-full wp-image-201\" src=\"https:\/\/utwstarachowice.pl\/wp-content\/uploads\/2016\/11\/received_755725829078161.jpg\" border=\"0\" width=\"512\" style=\"display: block; margin-left: auto; margin-right: auto;\" \/><\/p>\n<p>\u00a0<\/p>\n<p><img decoding=\"async\" class=\" size-full wp-image-202\" src=\"https:\/\/utwstarachowice.pl\/wp-content\/uploads\/2016\/11\/received_1018809405763291.jpg\" border=\"0\" width=\"512\" style=\"display: block; margin-left: auto; margin-right: auto;\" \/><\/p>\n<p>\u00a0<\/p>\n<p style=\"text-align: left;\">14 luty 2023r &#8211; BAL WALENTYNKOWY\u00a0 UNIWERSYTETU\u00a0 TRZECIEGO\u00a0 WIEKU\u00a0 W STARACHOWICACH.<\/p>\n<p style=\"text-align: left;\"><img decoding=\"async\" class=\" size-full wp-image-203\" src=\"https:\/\/utwstarachowice.pl\/wp-content\/uploads\/2016\/11\/received_1952171365122775.jpg\" border=\"0\" width=\"512\" style=\"display: block; margin-left: auto; margin-right: auto;\" \/><\/p>\n<p style=\"text-align: left;\">\u00a0<img decoding=\"async\" class=\" size-full wp-image-204\" src=\"https:\/\/utwstarachowice.pl\/wp-content\/uploads\/2016\/11\/IMG20230214200916-scaled.jpg\" border=\"0\" width=\"512\" style=\"display: block; margin-left: auto; margin-right: auto;\" \/><\/p>\n<p style=\"text-align: left;\"><img decoding=\"async\" class=\" size-full wp-image-205\" src=\"https:\/\/utwstarachowice.pl\/wp-content\/uploads\/2016\/11\/IMG20230214215758-scaled.jpg\" border=\"0\" width=\"512\" style=\"display: block; margin-left: auto; margin-right: auto;\" \/><\/p>\n<div dir=\"auto\">Uniwersytet Trzeciego Wieku w kwestowaniu ulicznym jak i kiermaszu zorganizowanym w O<\/div>\n<div dir=\"auto\">limpii &#8211; kwota 5098,77 na WO\u015aP plus 1000z\u0142otych z licytacji przedmiot\u00f3w ofiarowanych przez nasze Kole\u017canki.<\/div>\n<div dir=\"auto\">OG\u00d3LNA KWOTA 6098,77.<\/div>\n<div dir=\"auto\"><img decoding=\"async\" class=\" size-full wp-image-206\" src=\"https:\/\/utwstarachowice.pl\/wp-content\/uploads\/2016\/11\/IMG20230213121621-scaled.jpg\" border=\"0\" width=\"512\" style=\"display: block; margin-left: auto; margin-right: auto;\" \/><\/div>\n<div dir=\"auto\"><img decoding=\"async\" class=\" size-full wp-image-207\" src=\"https:\/\/utwstarachowice.pl\/wp-content\/uploads\/2016\/11\/IMG-20230129-WA0001.jpg\" border=\"0\" width=\"512\" style=\"display: block; margin-left: auto; margin-right: auto;\" \/><\/div>\n<div dir=\"auto\">\u00a0<\/div>\n<div dir=\"auto\"><img decoding=\"async\" class=\" size-full wp-image-208\" src=\"https:\/\/utwstarachowice.pl\/wp-content\/uploads\/2016\/11\/IMG20230129152757-scaled.jpg\" border=\"0\" width=\"512\" style=\"display: block; margin-left: auto; margin-right: auto;\" \/><\/div>\n<p style=\"text-align: left;\">\u00a0<\/p>\n<p style=\"text-align: left;\">\u00a0<\/p>\n<p style=\"text-align: left;\">\u00a0<\/p>\n<p style=\"text-align: left;\">\u00a010.02. 23r &#8211; FOTORELACJA\u00a0 Z WIECZORU\u00a0 AUTORSKIEGO\u00a0 NASZEJ KOL. MAGDY&#8221; MAGDA I JEJ GO\u015aCIE ..O MI\u0141O\u015aCI&#8221;.<\/p>\n<p style=\"text-align: left;\"><img decoding=\"async\" class=\" size-full wp-image-209\" src=\"https:\/\/utwstarachowice.pl\/wp-content\/uploads\/2016\/11\/IMG20230210145335-scaled.jpg\" border=\"0\" width=\"512\" style=\"display: block; margin-left: auto; margin-right: auto;\" \/><\/p>\n<p style=\"text-align: left;\">\u00a0<\/p>\n<p style=\"text-align: left;\"><img decoding=\"async\" class=\" size-full wp-image-210\" src=\"https:\/\/utwstarachowice.pl\/wp-content\/uploads\/2016\/11\/IMG20230210162457-scaled.jpg\" border=\"0\" width=\"512\" style=\"display: block; margin-left: auto; margin-right: auto;\" \/><\/p>\n<p style=\"text-align: left;\">\u00a0<\/p>\n<p style=\"text-align: left;\"><img decoding=\"async\" class=\" size-full wp-image-211\" src=\"https:\/\/utwstarachowice.pl\/wp-content\/uploads\/2016\/11\/IMG20230210151040-scaled.jpg\" border=\"0\" width=\"512\" style=\"display: block; margin-left: auto; margin-right: auto;\" \/><\/p>\n<p style=\"text-align: left;\"><img decoding=\"async\" class=\" size-full wp-image-212\" src=\"https:\/\/utwstarachowice.pl\/wp-content\/uploads\/2016\/11\/IMG20230210152525-scaled.jpg\" border=\"0\" width=\"512\" style=\"display: block; margin-left: auto; margin-right: auto;\" \/><\/p>\n<p style=\"text-align: left;\">\u00a0<\/p>\n<p style=\"text-align: left;\"><img decoding=\"async\" class=\" size-full wp-image-213\" src=\"https:\/\/utwstarachowice.pl\/wp-content\/uploads\/2016\/11\/IMG20230210162601-scaled.jpg\" border=\"0\" width=\"512\" style=\"display: block; margin-left: auto; margin-right: auto;\" \/><\/p>\n<p style=\"text-align: left;\">\u00a0<\/p>\n<p style=\"text-align: left;\">\u00a0<\/p>\n<p style=\"text-align: left;\">29.01.23 &#8211;\u00a0Uniwersytet Trzeciego Wieku zorganizowa\u0142 kiermasz aby zagra\u0107 w Wielkiej Orkiestrze \u015awi\u0105tecznej Pomocy.<\/p>\n<p style=\"text-align: left;\"><img decoding=\"async\" class=\" size-full wp-image-207\" src=\"https:\/\/utwstarachowice.pl\/wp-content\/uploads\/2016\/11\/IMG-20230129-WA0001.jpg\" border=\"0\" width=\"512\" style=\"display: block; margin-left: auto; margin-right: auto;\" \/><\/p>\n<p style=\"text-align: left;\">\u00a0<\/p>\n<p style=\"text-align: left;\"><img decoding=\"async\" class=\" size-full wp-image-214\" src=\"https:\/\/utwstarachowice.pl\/wp-content\/uploads\/2016\/11\/IMG-20230129-WA0005.jpg\" border=\"0\" width=\"512\" style=\"display: block; margin-left: auto; margin-right: auto;\" \/><\/p>\n<p style=\"text-align: left;\"><img decoding=\"async\" class=\" size-full wp-image-215\" src=\"https:\/\/utwstarachowice.pl\/wp-content\/uploads\/2016\/11\/IMG-20230129-WA0003.jpg\" border=\"0\" width=\"512\" style=\"display: block; margin-left: auto; margin-right: auto;\" \/><\/p>\n<p style=\"text-align: left;\">\u00a023.01.23\u00a0 &#8211; wyk\u0142ad poprowadzi\u0142a wicedyrektor\u00a0 Muzeum Przyrody I Techniki w Starachowicach Wioletta Sobieraj\u00a0 pt. &#8222;Wagner\u00a0 najs\u0142ynniejszy Starachowicki \u017ceglarz&#8221;.<\/p>\n<p style=\"text-align: left;\"><img decoding=\"async\" class=\" size-full wp-image-216\" src=\"https:\/\/utwstarachowice.pl\/wp-content\/uploads\/2016\/11\/received_648202693746921.jpg\" border=\"0\" width=\"512\" style=\"display: block; margin-left: auto; margin-right: auto;\" \/><\/p>\n<p style=\"text-align: left;\">\u00a0<\/p>\n<p style=\"text-align: left;\"><img decoding=\"async\" class=\" size-full wp-image-217\" src=\"https:\/\/utwstarachowice.pl\/wp-content\/uploads\/2016\/11\/received_9379060112119556.jpg\" border=\"0\" width=\"512\" style=\"display: block; margin-left: auto; margin-right: auto;\" \/><\/p>\n<p style=\"text-align: left;\">\u00a0<\/p>\n<p style=\"text-align: left;\"><img decoding=\"async\" class=\" size-full wp-image-218\" src=\"https:\/\/utwstarachowice.pl\/wp-content\/uploads\/2016\/11\/received_912305270184231.jpg\" border=\"0\" width=\"512\" style=\"display: block; margin-left: auto; margin-right: auto;\" \/><\/p>\n<p style=\"text-align: left;\">\u00a0<\/p>\n<p style=\"text-align: left;\"><span>Kol\u0119dowanie w sekcji Literackiej ,poparte czytaniem okoliczno\u015bciowych wierszy , oraz \u015bpiewem kol\u0119d w mi\u0142ej atmosferze .<\/span><\/p>\n<p style=\"text-align: left;\"><span><img decoding=\"async\" class=\" size-full wp-image-219\" src=\"https:\/\/utwstarachowice.pl\/wp-content\/uploads\/2016\/11\/received_827969474939920-1.jpg\" border=\"0\" width=\"512\" style=\"display: block; margin-left: auto; margin-right: auto;\" \/><\/span><\/p>\n<p style=\"text-align: left;\">\u00a0<\/p>\n<p style=\"text-align: left;\"><span><img decoding=\"async\" class=\" size-full wp-image-220\" src=\"https:\/\/utwstarachowice.pl\/wp-content\/uploads\/2016\/11\/received_5849113808500983.jpg\" border=\"0\" width=\"512\" style=\"display: block; margin-left: auto; margin-right: auto;\" \/><\/span><\/p>\n<p style=\"text-align: left;\">\u00a0<\/p>\n<p style=\"text-align: left;\"><img decoding=\"async\" class=\" size-full wp-image-221\" src=\"https:\/\/utwstarachowice.pl\/wp-content\/uploads\/2016\/11\/received_1659578604445072.jpg\" border=\"0\" width=\"512\" style=\"display: block; margin-left: auto; margin-right: auto;\" \/><\/p>\n<p style=\"text-align: left;\">\u00a0<\/p>\n<div class=\"art-postmetadataheader\">\n<h2 class=\"art-postheader\"><a class=\"PostHeader\" href=\"https:\/\/utwstarachowice.pl\/2023\/01\/18\/18-01-23-muzykoterapia\/\">18.01.23 &#8211; MUZYKOTERAPIA<\/a><\/h2>\n<\/div>\n<div class=\"art-postcontent\">\n<div class=\"art-article\">\n<p>Tak weso\u0142o to mo\u017ce by\u0107 tylko na zaj\u0119ciach muzykoterapii prowadzonej przez dyplomowan\u0105 Ma\u0142gorzat\u0119 Dziamk\u0119. Zapraszamy kole\u017canki do naszej grupy.<\/p>\n<p><img decoding=\"async\" class=\" size-full wp-image-222\" src=\"https:\/\/utwstarachowice.pl\/wp-content\/uploads\/2016\/11\/IMG20230118114000-scaled.jpg\" border=\"0\" width=\"512\" style=\"display: block; margin-left: auto; margin-right: auto;\" \/><\/p>\n<p>\u00a0<\/p>\n<p><img decoding=\"async\" class=\" size-full wp-image-223\" src=\"https:\/\/utwstarachowice.pl\/wp-content\/uploads\/2016\/11\/received_1149457465766158.jpg\" border=\"0\" width=\"512\" style=\"display: block; margin-left: auto; margin-right: auto;\" \/><\/p>\n<p>\u00a0<\/p>\n<\/div>\n<\/div>\n<p style=\"text-align: left;\">\u00a0<\/p>\n<p style=\"text-align: left;\">\u00a0<\/p>\n<div class=\"art-postmetadataheader\">\n<h2 class=\"art-postheader\"><a class=\"PostHeader\" href=\"https:\/\/utwstarachowice.pl\/2023\/01\/08\/orszak-trzech-kroli\/\">ORSZAK TRZECH KR\u00d3LI<\/a><\/h2>\n<\/div>\n<p style=\"text-align: left;\">\u00a0<\/p>\n<div class=\"art-postcontent\">\n<div class=\"art-article\">\n<p>\u00a0<\/p>\n<p>Starachowiczanie t\u0142umnie wzi\u0119li udzia\u0142 w orszaku Trzech Kr\u00f3li. Zako\u0144czenie uroczysto\u015bci dzisiejszego \u015awi\u0119ta by\u0142o przy Stajence z Dzieci\u0105tkiem na Placu pod Ska\u0142kami. \u015apiew kol\u0119d i wyst\u0119py ch\u00f3ru Srebrne Nuty z UTW u\u015bwietni\u0142y t\u0105 uroczysto\u015b\u0107. Wyst\u0119p naszych Kole\u017canek i Koleg\u00f3w zosta\u0142\u00a0 wynagrodzony gromkimi brawami zgromadzonych mieszka\u0144c\u00f3w na Placu pod Ska\u0142kami.<\/p>\n<p>\u00a0<\/p>\n<p><img decoding=\"async\" class=\" size-full wp-image-224\" src=\"https:\/\/utwstarachowice.pl\/wp-content\/uploads\/2016\/11\/FB_IMG_1673016061299.jpg\" border=\"0\" width=\"512\" style=\"display: block; margin-left: auto; margin-right: auto;\" \/><\/p>\n<p>\u00a0<\/p>\n<p><img decoding=\"async\" class=\" size-full wp-image-225\" src=\"https:\/\/utwstarachowice.pl\/wp-content\/uploads\/2016\/11\/FB_IMG_1673016317380.jpg\" border=\"0\" width=\"512\" style=\"display: block; margin-left: auto; margin-right: auto;\" \/><\/p>\n<p><img decoding=\"async\" class=\" size-full wp-image-226\" src=\"https:\/\/utwstarachowice.pl\/wp-content\/uploads\/2016\/11\/IMG20230106134901-scaled.jpg\" border=\"0\" width=\"512\" style=\"display: block; margin-left: auto; margin-right: auto;\" \/><\/p>\n<\/div>\n<\/div>\n<p style=\"text-align: left;\">\u00a0<\/p>\n<p style=\"text-align: left;\">\u00a0<\/p>\n<p style=\"text-align: left;\"><span style=\"font-size: medium;\">17.12.22- SPOTKANIE\u00a0 \u015aWI\u0104TECZNO &#8211; NOWOROCZNE W PATIO.<\/span><\/p>\n<p style=\"text-align: left;\"><span style=\"font-size: medium;\"><img decoding=\"async\" class=\" size-full wp-image-227\" src=\"https:\/\/utwstarachowice.pl\/wp-content\/uploads\/2016\/11\/IMG-20221217-WA0001.jpg\" border=\"0\" width=\"512\" style=\"display: block; margin-left: auto; margin-right: auto;\" \/><\/span><\/p>\n<p style=\"text-align: left;\"><span style=\"font-size: medium;\"><img decoding=\"async\" class=\" size-full wp-image-228\" src=\"https:\/\/utwstarachowice.pl\/wp-content\/uploads\/2016\/11\/IMG-20221217-WA0016.jpg\" border=\"0\" width=\"512\" style=\"display: block; margin-left: auto; margin-right: auto;\" \/><\/span><\/p>\n<p style=\"text-align: left;\">\u00a0<\/p>\n<p style=\"text-align: left;\"><img decoding=\"async\" class=\" size-full wp-image-229\" src=\"https:\/\/utwstarachowice.pl\/wp-content\/uploads\/2016\/11\/IMG-20221217-WA0026.jpg\" border=\"0\" width=\"512\" style=\"display: block; margin-left: auto; margin-right: auto;\" \/><\/p>\n<p style=\"text-align: left;\"><img decoding=\"async\" class=\" size-full wp-image-230\" src=\"https:\/\/utwstarachowice.pl\/wp-content\/uploads\/2016\/11\/IMG-20221217-WA0020.jpg\" border=\"0\" width=\"512\" style=\"display: block; margin-left: auto; margin-right: auto;\" \/><\/p>\n<p style=\"text-align: left;\"><img decoding=\"async\" class=\" size-full wp-image-231\" src=\"https:\/\/utwstarachowice.pl\/wp-content\/uploads\/2016\/11\/IMG-20221217-WA0047.jpg\" border=\"0\" width=\"512\" style=\"display: block; margin-left: auto; margin-right: auto;\" \/><\/p>\n<p style=\"text-align: left;\"><img decoding=\"async\" class=\" size-full wp-image-232\" src=\"https:\/\/utwstarachowice.pl\/wp-content\/uploads\/2016\/11\/IMG-20221217-WA0049.jpg\" border=\"0\" width=\"512\" style=\"display: block; margin-left: auto; margin-right: auto;\" \/><\/p>\n<p style=\"text-align: left;\"><img decoding=\"async\" class=\" size-full wp-image-233\" src=\"https:\/\/utwstarachowice.pl\/wp-content\/uploads\/2016\/11\/IMG-20221217-WA0046.jpg\" border=\"0\" width=\"512\" style=\"display: block; margin-left: auto; margin-right: auto;\" \/><\/p>\n<p style=\"text-align: left;\"><img decoding=\"async\" class=\" size-full wp-image-234\" src=\"https:\/\/utwstarachowice.pl\/wp-content\/uploads\/2016\/11\/IMG-20221217-WA0009-1.jpg\" border=\"0\" width=\"512\" style=\"display: block; margin-left: auto; margin-right: auto;\" \/><\/p>\n<p style=\"text-align: left;\">\u00a0<\/p>\n<p style=\"text-align: left;\">\u00a0<\/p>\n<p style=\"text-align: left;\"><span style=\"font-size: medium;\">NAJ&#8230;NAJ&#8230;DUBAJ &#8211; 12.12.22r wyk\u0142ad naszej Kole\u017canki Asi Adamczyk &#8211; Dziubi\u0144skiej. Ze swoimi wspomnieniami zabra\u0142a nas do Zjednoczonych Emirat\u00f3w\u00a0 Arabskich do pi\u0119knego, bogatego DUBAJU.<\/span><\/p>\n<p style=\"text-align: left;\"><span style=\"font-size: medium;\"><img decoding=\"async\" class=\" size-full wp-image-235\" src=\"https:\/\/utwstarachowice.pl\/wp-content\/uploads\/2016\/11\/IMG-20221212-WA0013.jpg\" border=\"0\" width=\"512\" style=\"display: block; margin-left: auto; margin-right: auto;\" \/><\/span><\/p>\n<p style=\"text-align: left;\">\u00a0<\/p>\n<p style=\"text-align: left;\"><img loading=\"lazy\" decoding=\"async\" class=\" size-full wp-image-236\" src=\"https:\/\/utwstarachowice.pl\/wp-content\/uploads\/2016\/11\/IMG-20221212-WA0031.jpg\" border=\"0\" width=\"513\" height=\"684\" style=\"display: block; margin-left: auto; margin-right: auto;\" \/><\/p>\n<p style=\"text-align: left;\"><img decoding=\"async\" class=\" size-full wp-image-237\" src=\"https:\/\/utwstarachowice.pl\/wp-content\/uploads\/2016\/11\/IMG-20221212-WA0005.jpg\" border=\"0\" width=\"512\" style=\"display: block; margin-left: auto; margin-right: auto;\" \/><\/p>\n<p style=\"text-align: left;\"><img decoding=\"async\" class=\" size-full wp-image-238\" src=\"https:\/\/utwstarachowice.pl\/wp-content\/uploads\/2016\/11\/IMG-20221212-WA0015.jpg\" border=\"0\" width=\"512\" style=\"display: block; margin-left: auto; margin-right: auto;\" \/><\/p>\n<p style=\"text-align: left;\"><span style=\"font-size: medium;\">05.12.22r-SCENA\u00a0 UTW\u00a0 ze swoim wyst\u0119pem w Szkole Podstawowej nr.11.<\/span><\/p>\n<p style=\"text-align: left;\"><span style=\"font-size: medium;\"><img decoding=\"async\" class=\" size-full wp-image-239\" src=\"https:\/\/utwstarachowice.pl\/wp-content\/uploads\/2016\/11\/IMG20221205120744-scaled.jpg\" border=\"0\" width=\"512\" style=\"display: block; margin-left: auto; margin-right: auto;\" \/><\/span><\/p>\n<p style=\"text-align: left;\">\u00a0<\/p>\n<p style=\"text-align: left;\"><span style=\"font-size: medium;\"><img decoding=\"async\" class=\" size-full wp-image-240\" src=\"https:\/\/utwstarachowice.pl\/wp-content\/uploads\/2016\/11\/IMG20221205120240-scaled.jpg\" border=\"0\" width=\"512\" style=\"display: block; margin-left: auto; margin-right: auto;\" \/><\/span><\/p>\n<p style=\"text-align: left;\">\u00a0<\/p>\n<p style=\"text-align: left;\"><img decoding=\"async\" class=\" size-full wp-image-241\" src=\"https:\/\/utwstarachowice.pl\/wp-content\/uploads\/2016\/11\/IMG20221205121251-scaled.jpg\" border=\"0\" width=\"512\" style=\"display: block; margin-left: auto; margin-right: auto;\" \/><\/p>\n<p style=\"text-align: left;\"><img decoding=\"async\" class=\" size-full wp-image-242\" src=\"https:\/\/utwstarachowice.pl\/wp-content\/uploads\/2016\/11\/IMG20221205121615-scaled.jpg\" border=\"0\" width=\"512\" style=\"display: block; margin-left: auto; margin-right: auto;\" \/><\/p>\n<p style=\"text-align: left;\"><img decoding=\"async\" class=\" size-full wp-image-243\" src=\"https:\/\/utwstarachowice.pl\/wp-content\/uploads\/2016\/11\/IMG20221205115706-scaled.jpg\" border=\"0\" width=\"512\" style=\"display: block; margin-left: auto; margin-right: auto;\" \/><\/p>\n<p style=\"text-align: left;\">\u00a0<\/p>\n<p style=\"text-align: left;\">\u00a0<\/p>\n<p style=\"text-align: left;\"><span style=\"font-size: medium;\">Pota\u0144c\u00f3wka z DJ\u00a0 WIKI &#8211; tak si\u0119 bawi, tak si\u0119 bawi UTW!!!<\/span><\/p>\n<p style=\"text-align: left;\"><img decoding=\"async\" class=\" size-full wp-image-244\" src=\"https:\/\/utwstarachowice.pl\/wp-content\/uploads\/2016\/11\/received_658893902560422.jpg\" border=\"0\" width=\"521\" style=\"display: block; margin-left: auto; margin-right: auto;\" \/><\/p>\n<p style=\"text-align: left;\"><img decoding=\"async\" class=\" size-full wp-image-245\" src=\"https:\/\/utwstarachowice.pl\/wp-content\/uploads\/2016\/11\/received_1309881483120583.jpg\" border=\"0\" width=\"521\" style=\"display: block; margin-left: auto; margin-right: auto;\" \/><\/p>\n<p style=\"text-align: left;\"><img decoding=\"async\" class=\" size-full wp-image-246\" src=\"https:\/\/utwstarachowice.pl\/wp-content\/uploads\/2016\/11\/received_1181294396134531.jpg\" border=\"0\" width=\"521\" style=\"display: block; margin-left: auto; margin-right: auto;\" \/><\/p>\n<p style=\"text-align: left;\"><img decoding=\"async\" class=\" size-full wp-image-247\" src=\"https:\/\/utwstarachowice.pl\/wp-content\/uploads\/2016\/11\/received_703034207880965.jpg\" border=\"0\" width=\"521\" style=\"display: block; margin-left: auto; margin-right: auto;\" \/><\/p>\n<p style=\"text-align: left;\"><img decoding=\"async\" class=\" size-full wp-image-248\" src=\"https:\/\/utwstarachowice.pl\/wp-content\/uploads\/2016\/11\/received_674313557542110.jpg\" border=\"0\" width=\"521\" style=\"display: block; margin-left: auto; margin-right: auto;\" \/><\/p>\n<p style=\"text-align: left;\">Sekcja\u00a0 teatralna SCENA\u00a0 UTW ze swoim wyst\u0119pem o Marii Konopnickiej w ZSZnr.3.<\/p>\n<p style=\"text-align: left;\">\u00a0<\/p>\n<p style=\"text-align: left;\"><img decoding=\"async\" class=\" size-full wp-image-249\" src=\"https:\/\/utwstarachowice.pl\/wp-content\/uploads\/2016\/11\/IMG-20221124-WA0017.jpg\" border=\"0\" width=\"521\" style=\"display: block; margin-left: auto; margin-right: auto;\" \/><\/p>\n<p style=\"text-align: left;\"><img decoding=\"async\" class=\" size-full wp-image-250\" src=\"https:\/\/utwstarachowice.pl\/wp-content\/uploads\/2016\/11\/IMG-20221124-WA0000.jpg\" border=\"0\" width=\"521\" style=\"display: block; margin-left: auto; margin-right: auto;\" \/><\/p>\n<p style=\"text-align: left;\">\u00a0 STARACHOWICE MIASTO\u00a0 ZIELONEJ\u00a0 PRZYSZ\u0141O\u015aCI &#8211; UTW\u00a0 BIERZE UDZIA\u0141 W AKCJI SPRZ\u0104TANIA I SADZIMY\u00a0 DRZEWKO LIPOWE.<\/p>\n<p style=\"text-align: left;\"><img decoding=\"async\" class=\" size-full wp-image-251\" src=\"https:\/\/utwstarachowice.pl\/wp-content\/uploads\/2016\/11\/FB_IMG_1665945814385.jpg\" border=\"0\" width=\"521\" style=\"display: block; margin-left: auto; margin-right: auto;\" \/><\/p>\n<p style=\"text-align: left;\">\u00a0<\/p>\n<p style=\"text-align: left;\"><img decoding=\"async\" class=\" size-full wp-image-252\" src=\"https:\/\/utwstarachowice.pl\/wp-content\/uploads\/2016\/11\/received_1077434926297303.jpg\" border=\"0\" width=\"512\" style=\"display: block; margin-left: auto; margin-right: auto;\" \/><\/p>\n<p style=\"text-align: left;\">\u00a0<\/p>\n<p style=\"text-align: left;\"><img decoding=\"async\" class=\" size-full wp-image-253\" src=\"https:\/\/utwstarachowice.pl\/wp-content\/uploads\/2016\/11\/received_667058574713318.jpg\" border=\"0\" width=\"512\" style=\"display: block; margin-left: auto; margin-right: auto;\" \/><\/p>\n<p style=\"text-align: left;\">15 pa\u017adziernika &#8211; RAJD\u00a0 NA XV LECIE UTW.<\/p>\n<p style=\"text-align: left;\"><img decoding=\"async\" class=\" size-full wp-image-254\" src=\"https:\/\/utwstarachowice.pl\/wp-content\/uploads\/2016\/11\/received_1487287068410425.jpg\" border=\"0\" width=\"512\" style=\"display: block; margin-left: auto; margin-right: auto;\" \/><\/p>\n<p style=\"text-align: left;\"><img decoding=\"async\" class=\" size-full wp-image-255\" src=\"https:\/\/utwstarachowice.pl\/wp-content\/uploads\/2016\/11\/received_639876607590598.jpg\" border=\"0\" width=\"512\" style=\"display: block; margin-left: auto; margin-right: auto;\" \/><\/p>\n<p style=\"text-align: left;\">\u00a0<\/p>\n<p style=\"text-align: left;\"><img decoding=\"async\" class=\" size-full wp-image-256\" src=\"https:\/\/utwstarachowice.pl\/wp-content\/uploads\/2016\/11\/received_842174980465976.jpg\" border=\"0\" width=\"512\" style=\"display: block; margin-left: auto; margin-right: auto;\" \/><\/p>\n<p style=\"text-align: left;\">\u00a0<\/p>\n<p style=\"text-align: left;\">\u00a0<\/p>\n<p style=\"text-align: left;\">\u00a0<\/p>\n<p style=\"text-align: left;\">\u00a0<\/p>\n<p style=\"text-align: left;\">6 pa\u017adziernika\u00a0 &#8211; PIKNIK EKOLOGICZNY w szkole nr.11 &#8211; UTW te\u017c ma swoje stoisko. Zosta\u0142a podpisana umowa o wsp\u00f3\u0142pracy UTW i Szko\u0142\u0105 Podstawow\u0105 nr.11.<\/p>\n<p style=\"text-align: left;\"><img loading=\"lazy\" decoding=\"async\" class=\" size-full wp-image-257\" src=\"https:\/\/utwstarachowice.pl\/wp-content\/uploads\/2016\/11\/IMG20221006094906-scaled.jpg\" border=\"0\" width=\"514\" height=\"290\" style=\"display: block; margin-left: auto; margin-right: auto;\" \/><\/p>\n<p style=\"text-align: left;\"><img decoding=\"async\" class=\" size-full wp-image-258\" src=\"https:\/\/utwstarachowice.pl\/wp-content\/uploads\/2016\/11\/received_679400460208256.jpg\" border=\"0\" width=\"512\" style=\"display: block; margin-left: auto; margin-right: auto;\" \/><\/p>\n<p style=\"text-align: left;\"><img decoding=\"async\" class=\" size-full wp-image-259\" src=\"https:\/\/utwstarachowice.pl\/wp-content\/uploads\/2016\/11\/IMG20221006110429-scaled.jpg\" border=\"0\" width=\"512\" style=\"display: block; margin-left: auto; margin-right: auto;\" \/><\/p>\n<p style=\"text-align: left;\">5.10.22r.- UROCZYSTA\u00a0 INAUGURACJA\u00a0 NOWEGO ROKU AKADEMICKIEGO 2022\/2023.<\/p>\n<p style=\"text-align: left;\"><img decoding=\"async\" class=\" size-full wp-image-260\" src=\"https:\/\/utwstarachowice.pl\/wp-content\/uploads\/2016\/11\/FB_IMG_1665164052712.jpg\" border=\"0\" width=\"512\" style=\"display: block; margin-left: auto; margin-right: auto;\" \/><\/p>\n<p style=\"text-align: left;\"><img decoding=\"async\" class=\" size-full wp-image-261\" src=\"https:\/\/utwstarachowice.pl\/wp-content\/uploads\/2016\/11\/FB_IMG_1665113253474.jpg\" border=\"0\" width=\"512\" style=\"display: block; margin-left: auto; margin-right: auto;\" \/><\/p>\n<p style=\"text-align: left;\"><img decoding=\"async\" class=\" size-full wp-image-262\" src=\"https:\/\/utwstarachowice.pl\/wp-content\/uploads\/2016\/11\/FB_IMG_1665113184484.jpg\" border=\"0\" width=\"512\" style=\"display: block; margin-left: auto; margin-right: auto;\" \/><\/p>\n<p style=\"text-align: left;\"><img decoding=\"async\" class=\" size-full wp-image-263\" src=\"https:\/\/utwstarachowice.pl\/wp-content\/uploads\/2016\/11\/FB_IMG_1665164039497.jpg\" border=\"0\" width=\"512\" style=\"display: block; margin-left: auto; margin-right: auto;\" \/><\/p>\n<p style=\"text-align: left;\"><img decoding=\"async\" class=\" size-full wp-image-264\" src=\"https:\/\/utwstarachowice.pl\/wp-content\/uploads\/2016\/11\/FB_IMG_1665113206534.jpg\" border=\"0\" width=\"512\" style=\"display: block; margin-left: auto; margin-right: auto;\" \/><\/p>\n<p style=\"text-align: left;\">10.09.22r-STARACHOWICKI\u00a0 DZIE\u0143 SENIORA.<\/p>\n<p style=\"text-align: left;\">\u00a0<\/p>\n<p style=\"text-align: left;\">\u00a0<\/p>\n<p style=\"text-align: left;\"><img loading=\"lazy\" decoding=\"async\" class=\" size-full wp-image-265\" src=\"https:\/\/utwstarachowice.pl\/wp-content\/uploads\/2016\/11\/FB_IMG_1662884011005.jpg\" border=\"0\" width=\"510\" height=\"340\" style=\"display: block; margin-left: auto; margin-right: auto;\" \/><\/p>\n<p style=\"text-align: left;\"><img decoding=\"async\" class=\" size-full wp-image-266\" src=\"https:\/\/utwstarachowice.pl\/wp-content\/uploads\/2016\/11\/received_1177440803114912.jpg\" border=\"0\" width=\"512\" style=\"display: block; margin-left: auto; margin-right: auto;\" \/><\/p>\n<p style=\"text-align: left;\">\u00a09 WRZE\u015aNIA -grupa s\u0142uchaczy jedzie po zdr\u00f3wko na t\u0119\u017cnie do Buska Zdroju. Wycieczka z projektu<\/p>\n<p style=\"text-align: left;\">&#8222;Senior stawia na aktywno\u015b\u0107&#8221; wsp\u00f3\u0142finansowana\u00a0 przez Urz\u0105d Marsza\u0142kowski.<\/p>\n<p style=\"text-align: left;\"><img decoding=\"async\" class=\" size-full wp-image-267\" src=\"https:\/\/utwstarachowice.pl\/wp-content\/uploads\/2016\/11\/IMG20220909120208-scaled.jpg\" border=\"0\" width=\"512\" \/><\/p>\n<p style=\"text-align: left;\"><img decoding=\"async\" class=\" size-full wp-image-268\" src=\"https:\/\/utwstarachowice.pl\/wp-content\/uploads\/2016\/11\/received_857813278535454.jpg\" border=\"0\" width=\"512\" \/><\/p>\n<p style=\"text-align: left;\">\u00a0<\/p>\n<p style=\"text-align: left;\"><img decoding=\"async\" class=\" size-full wp-image-269\" src=\"https:\/\/utwstarachowice.pl\/wp-content\/uploads\/2016\/11\/received_370615068461599.jpg\" border=\"0\" width=\"512\" style=\"display: block; margin-left: auto; margin-right: auto;\" \/><\/p>\n<p style=\"text-align: left;\">\u00a0<\/p>\n<p style=\"text-align: left;\">\u00a0<\/p>\n<p style=\"text-align: left;\">\u00a0<\/p>\n<p style=\"text-align: left;\">8 WRZE\u015aNIA- I \u015aWI\u0118TOKRZYSKI\u00a0 KONGRES\u00a0 UNIWERSYTET\u00d3W\u00a0 TRZECIEGO WIEKU\u00a0 W\u00a0 KIELCACH.<\/p>\n<p style=\"text-align: left;\">\u00a0<\/p>\n<p style=\"text-align: left;\"><img decoding=\"async\" class=\" size-full wp-image-270\" src=\"https:\/\/utwstarachowice.pl\/wp-content\/uploads\/2016\/11\/IMG20220908124453-scaled.jpg\" border=\"0\" width=\"512\" style=\"display: block; margin-left: auto; margin-right: auto;\" \/><\/p>\n<p style=\"text-align: left;\"><img decoding=\"async\" class=\" size-full wp-image-271\" src=\"https:\/\/utwstarachowice.pl\/wp-content\/uploads\/2016\/11\/IMG20220908142346-scaled.jpg\" border=\"0\" width=\"512\" \/><\/p>\n<p style=\"text-align: left;\">14 CZERWCA\u00a0 &#8211; ZAKO\u0143CZENIE ROKU AKADEMICKIEGO\u00a0 W DWORKU \u015aWI\u0118TOKRZYSKIM. PO CZ\u0118\u015aCI OFICJALNEJ BIESIADA PO\u0141\u0104CZONA Z PIECZON\u0104 KIE\u0141BASK\u0104 I PIWEM.<\/p>\n<p style=\"text-align: center;\"><img decoding=\"async\" class=\" size-full wp-image-272\" src=\"https:\/\/utwstarachowice.pl\/wp-content\/uploads\/2016\/11\/IMG_4806-scaled.jpg\" border=\"0\" width=\"512\" \/><\/p>\n<p style=\"text-align: center;\"><img decoding=\"async\" class=\" size-full wp-image-273\" src=\"https:\/\/utwstarachowice.pl\/wp-content\/uploads\/2016\/11\/received_523722586210129.jpg\" border=\"0\" width=\"512\" \/><\/p>\n<p style=\"text-align: center;\"><img decoding=\"async\" class=\" size-full wp-image-274\" src=\"https:\/\/utwstarachowice.pl\/wp-content\/uploads\/2016\/11\/IMG_4845-scaled.jpg\" border=\"0\" width=\"512\" \/><\/p>\n<p style=\"text-align: center;\"><img decoding=\"async\" class=\" size-full wp-image-275\" src=\"https:\/\/utwstarachowice.pl\/wp-content\/uploads\/2016\/11\/received_704954664143617.jpg\" border=\"0\" width=\"512\" \/><\/p>\n<p style=\"text-align: center;\"><img decoding=\"async\" class=\" size-full wp-image-276\" src=\"https:\/\/utwstarachowice.pl\/wp-content\/uploads\/2016\/11\/IMG_4907-scaled.jpg\" border=\"0\" width=\"512\" \/><\/p>\n<p style=\"text-align: left;\">\u00a04 CZERWCA -WYJAZD\u00a0 DO WARSZAWY\u00a0 NA SZTUK\u0118 &#8222;NIC NOWEGO POD S\u0141O\u0143CEM&#8221;- SPACER PO WARSZAWIE.<\/p>\n<p style=\"text-align: center;\"><img decoding=\"async\" class=\" size-full wp-image-277\" src=\"https:\/\/utwstarachowice.pl\/wp-content\/uploads\/2016\/11\/received_453910006572844.jpg\" border=\"0\" width=\"512\" \/><\/p>\n<p style=\"text-align: center;\"><img decoding=\"async\" class=\" size-full wp-image-278\" src=\"https:\/\/utwstarachowice.pl\/wp-content\/uploads\/2016\/11\/IMG20220604164545-scaled.jpg\" border=\"0\" width=\"512\" \/><\/p>\n<p style=\"text-align: center;\"><img decoding=\"async\" class=\" size-full wp-image-279\" src=\"https:\/\/utwstarachowice.pl\/wp-content\/uploads\/2016\/11\/received_416433200352683.jpg\" border=\"0\" width=\"512\" \/><\/p>\n<p style=\"text-align: center;\"><img decoding=\"async\" class=\" size-full wp-image-280\" src=\"https:\/\/utwstarachowice.pl\/wp-content\/uploads\/2016\/11\/IMG20220604165616-scaled.jpg\" border=\"0\" width=\"512\" \/><\/p>\n<p style=\"text-align: left;\">\u00a03 CZERWCA &#8211; WYCIECZKA\u00a0 Z PROJEKTU &#8222;SENIORZY\u00a0 BLI\u017bEJ NATURY&#8221;\u00a0 do SZYD\u0141OWCA,\u00a0 CHLEWISK I\u00a0 ORO\u0143SKA.\u00a0<\/p>\n<p><img decoding=\"async\" class=\" size-full wp-image-281\" src=\"https:\/\/utwstarachowice.pl\/wp-content\/uploads\/2016\/11\/FB_IMG_1654290300135.jpg\" border=\"0\" width=\"512\" style=\"display: block; margin-left: auto; margin-right: auto;\" \/><\/p>\n<p><img loading=\"lazy\" decoding=\"async\" class=\" size-full wp-image-282\" src=\"https:\/\/utwstarachowice.pl\/wp-content\/uploads\/2016\/11\/IMG20220603165956-scaled.jpg\" border=\"0\" width=\"511\" height=\"385\" style=\"display: block; margin-left: auto; margin-right: auto;\" \/><\/p>\n<p style=\"text-align: center;\"><img decoding=\"async\" class=\" size-full wp-image-283\" src=\"https:\/\/utwstarachowice.pl\/wp-content\/uploads\/2016\/11\/FB_IMG_1654328379461.jpg\" border=\"0\" width=\"512\" \/><\/p>\n<p style=\"text-align: center;\">\u00a0<\/p>\n<p>\u00a0<\/p>\n<p style=\"text-align: left;\">\u00a0<\/p>\n<p style=\"text-align: left;\">AKCJA\u00a0 \u017bONKIL.<\/p>\n<p style=\"text-align: left;\">19 kwietnia 2022r &#8211; 79 rocznica powstania w getcie warszawskim &#8211; uroczysto\u015bci w Muzeum Przyrody i Techniki w Starachowicach. Odczyt opowiadania Anny Bikont w wykonaniu aktora S\u0142awomira Hollanda oraz projekcja filmu dokumentalnego o Irenie Sendlerowej, s\u0142ynnej piel\u0119gniarce ratuj\u0105cej \u017cydowskie dzieci.<\/p>\n<p style=\"text-align: center;\"><img decoding=\"async\" class=\" size-full wp-image-284\" src=\"https:\/\/utwstarachowice.pl\/wp-content\/uploads\/2016\/11\/IMG_3165-scaled.jpg\" border=\"0\" width=\"512\" \/><\/p>\n<p style=\"text-align: center;\"><img decoding=\"async\" class=\" size-full wp-image-285\" src=\"https:\/\/utwstarachowice.pl\/wp-content\/uploads\/2016\/11\/IMG_3155-scaled.jpg\" border=\"0\" width=\"512\" \/><\/p>\n<p style=\"text-align: center;\"><img decoding=\"async\" class=\" size-full wp-image-286\" src=\"https:\/\/utwstarachowice.pl\/wp-content\/uploads\/2016\/11\/IMG_3154-scaled.jpg\" border=\"0\" width=\"512\" \/><\/p>\n<p style=\"text-align: left;\">\u00a0<\/p>\n<p style=\"text-align: left;\">Sekcja Edukacji Obywatelskiej -4 kwietnia- spotkanie z zast\u0119pc\u0105 prezydenta Starachowic Marcinem Go\u0142\u0119biowskim omawiany by\u0142 temat polityki senioralnej w naszym mie\u015bcie.<\/p>\n<p style=\"text-align: center;\"><img decoding=\"async\" class=\" size-full wp-image-287\" src=\"https:\/\/utwstarachowice.pl\/wp-content\/uploads\/2016\/11\/IMG20220404111143-scaled.jpg\" border=\"0\" width=\"512\" \/><\/p>\n<p style=\"text-align: center;\">4<\/p>\n<p style=\"text-align: left;\">ZAJ\u0118CIA\u00a0 SEKCJI\u00a0 INFORMATYCZNEJ\u00a0 &#8211; prowadz\u0105ca Agnieszka Pachocka.<\/p>\n<p style=\"text-align: center;\"><img decoding=\"async\" class=\" size-full wp-image-288\" src=\"https:\/\/utwstarachowice.pl\/wp-content\/uploads\/2016\/11\/IMG_20211011_131905-scaled.jpg\" border=\"0\" width=\"512\" \/><\/p>\n<p style=\"text-align: center;\"><img decoding=\"async\" class=\" size-full wp-image-289\" src=\"https:\/\/utwstarachowice.pl\/wp-content\/uploads\/2016\/11\/IMG_20211011_132001-scaled.jpg\" border=\"0\" width=\"512\" \/><\/p>\n<p style=\"text-align: center;\"><img decoding=\"async\" class=\" size-full wp-image-290\" src=\"https:\/\/utwstarachowice.pl\/wp-content\/uploads\/2016\/11\/IMG_20211011_131139-scaled.jpg\" border=\"0\" width=\"512\" \/><\/p>\n<p style=\"text-align: left;\">PROJEKT &#8222;CYFROWY SENIOR&#8221;\u00a0 -prowadzi Marcin G\u00f3recki z FUNDACJI POLSKI INSTYTUT ROZWOJU RODZINY w Warszawie.<\/p>\n<p style=\"text-align: left;\">\u00a0<\/p>\n<p style=\"text-align: center;\"><img decoding=\"async\" class=\" size-full wp-image-291\" src=\"https:\/\/utwstarachowice.pl\/wp-content\/uploads\/2016\/11\/IMG-20220311-WA0001.jpg\" border=\"0\" width=\"512\" \/><\/p>\n<p style=\"text-align: left;\">CIEKAWE ZAJ\u0118CIA\u00a0 SEKCJI PRZYRODNICZEJ\u00a0 &#8211; prowadz\u0105ca Krystyna Dutkiewicz.<\/p>\n<p style=\"text-align: center;\"><img decoding=\"async\" class=\" size-full wp-image-292\" src=\"https:\/\/utwstarachowice.pl\/wp-content\/uploads\/2016\/11\/received_555592468831181.jpg\" border=\"0\" width=\"512\" \/><\/p>\n<p style=\"text-align: center;\"><img decoding=\"async\" class=\" size-full wp-image-293\" src=\"https:\/\/utwstarachowice.pl\/wp-content\/uploads\/2016\/11\/received_324568262836242.jpg\" border=\"0\" width=\"512\" \/><\/p>\n<p style=\"text-align: center;\">\u00a0<\/p>\n<p style=\"text-align: left;\">\u00a0<\/p>\n<p style=\"text-align: left;\">Zaj\u0119cia\u00a0 sekcji psychologicznej<\/p>\n<p style=\"text-align: center;\"><img decoding=\"async\" class=\" size-full wp-image-294\" src=\"https:\/\/utwstarachowice.pl\/wp-content\/uploads\/2016\/11\/IMG-20220222-WA0004.jpg\" border=\"0\" width=\"512\" \/><\/p>\n<p style=\"text-align: center;\"><img decoding=\"async\" class=\" size-full wp-image-295\" src=\"https:\/\/utwstarachowice.pl\/wp-content\/uploads\/2016\/11\/IMG-20220222-WA0000.jpg\" border=\"0\" width=\"512\" \/><\/p>\n<p style=\"text-align: left;\">\u00a0<\/p>\n<p style=\"text-align: left;\">\u00a0<\/p>\n<p style=\"text-align: left;\">\u00a0<\/p>\n<p style=\"text-align: center;\">SPOTKANIE Z DIETETYKIEM NA SEKCJI OBYWATELSKIEJ<\/p>\n<p style=\"text-align: center;\"><img decoding=\"async\" class=\" size-full wp-image-296\" src=\"https:\/\/utwstarachowice.pl\/wp-content\/uploads\/2016\/11\/IMG-20220321-WA0000.jpg\" border=\"0\" width=\"512\" \/><\/p>\n<p><img decoding=\"async\" class=\" size-full wp-image-297\" src=\"https:\/\/utwstarachowice.pl\/wp-content\/uploads\/2016\/11\/IMG-20220321-WA0006.jpg\" border=\"0\" width=\"512\" style=\"display: block; margin-left: auto; margin-right: auto;\" \/><\/p>\n<p style=\"text-align: center;\">\u00a0<\/p>\n<p>\u00a0<\/p>\n<p>ZAJ\u0118CIA\u00a0 GIMNASTYCZNE<\/p>\n<p style=\"text-align: center;\"><img decoding=\"async\" class=\" size-full wp-image-298\" src=\"https:\/\/utwstarachowice.pl\/wp-content\/uploads\/2016\/11\/IMG-20220316-WA0001.jpg\" border=\"0\" width=\"512\" \/><\/p>\n<p>WYST\u0118P GRUPY TEATRALNEJ NA DZIE\u0143 KOBIET<\/p>\n<p>\u00a0<img decoding=\"async\" class=\" size-full wp-image-299\" src=\"https:\/\/utwstarachowice.pl\/wp-content\/uploads\/2016\/11\/IMG20220309172921-scaled.jpg\" border=\"0\" width=\"512\" style=\"display: block; margin-left: auto; margin-right: auto;\" \/><\/p>\n<p style=\"text-align: center;\"><img decoding=\"async\" class=\" size-full wp-image-300\" src=\"https:\/\/utwstarachowice.pl\/wp-content\/uploads\/2016\/11\/IMG20220309170132-scaled.jpg\" border=\"0\" width=\"512\" \/><\/p>\n<p>ZABAWA\u00a0 WALENTYNKOWA<\/p>\n<p style=\"text-align: center;\"><img decoding=\"async\" class=\" size-full wp-image-301\" src=\"https:\/\/utwstarachowice.pl\/wp-content\/uploads\/2016\/11\/IMG-20220213-WA0014.jpg\" border=\"0\" width=\"512\" \/><\/p>\n<p>ONA\u00a0 I ON\u00a0 W RAJU.<\/p>\n<p>Fotorelacja ze wspania\u0142ego wyk\u0142adu Bogusi i Henryka Skrobisz &#8211; wyk\u0142ad przeprowadzony w innej nowatorskiej formie.<\/p>\n<p style=\"text-align: center;\"><img decoding=\"async\" class=\" size-full wp-image-302\" src=\"https:\/\/utwstarachowice.pl\/wp-content\/uploads\/2016\/11\/IMG20220301162213-scaled.jpg\" border=\"0\" width=\"512\" \/><\/p>\n<p>\u00a0<\/p>\n<p><span style=\"text-decoration: underline;\"> WANDZIA, IWONKA i OLA\u00a0 graj\u0105 z WIIELK\u0104\u00a0 ORKIESTR\u0104 \u015aWI\u0104TECZNEJ POMOCY- 30.01.22r.<\/span><\/p>\n<p style=\"text-align: center;\"><img decoding=\"async\" src=\"images\/IMG20220130125903.jpg\" border=\"0\" width=\"512\" \/><img decoding=\"async\" class=\" size-full wp-image-303\" src=\"https:\/\/utwstarachowice.pl\/wp-content\/uploads\/2016\/11\/IMG-20220130-WA0005.jpg\" border=\"0\" width=\"512\" \/><img decoding=\"async\" class=\" size-full wp-image-304\" src=\"https:\/\/utwstarachowice.pl\/wp-content\/uploads\/2016\/11\/IMG-20220130-WA0000.jpg\" border=\"0\" width=\"512\" \/><\/p>\n<p style=\"text-align: center;\"><img decoding=\"async\" class=\" size-full wp-image-305\" src=\"https:\/\/utwstarachowice.pl\/wp-content\/uploads\/2016\/11\/IMG20220130125922-scaled.jpg\" border=\"0\" width=\"512\" \/><\/p>\n<p style=\"text-align: center;\">\u00a0 \u00a0 \u00a0 \u00a0 \u00a0\u00a0<\/p>\n<p><span style=\"text-decoration: underline;\"><span style=\"font-size: medium;\">Magia tego wieczoru-wsp\u00f3\u0142czesny adwent.<\/span><\/span><\/p>\n<p>Grupa Teatralna UTW, Ch\u00f3r Srebrne Nuty UTW i Grupa Taneczna MiM na scenie widowiskowej Parku Kultury.<img decoding=\"async\" class=\" size-full wp-image-306\" src=\"https:\/\/utwstarachowice.pl\/wp-content\/uploads\/2016\/11\/IMG20220105173610-1-scaled.jpg\" border=\"0\" width=\"512\" style=\"display: block; margin-left: auto; margin-right: auto;\" \/><\/p>\n<p>\u00a0<\/p>\n<p><img decoding=\"async\" class=\" size-full wp-image-307\" src=\"https:\/\/utwstarachowice.pl\/wp-content\/uploads\/2016\/11\/IMG20220105171004-scaled.jpg\" border=\"0\" width=\"512\" style=\"vertical-align: middle; display: block; margin-left: auto; margin-right: auto;\" \/><\/p>\n<p><img decoding=\"async\" class=\" size-full wp-image-308\" src=\"https:\/\/utwstarachowice.pl\/wp-content\/uploads\/2016\/11\/IMG20220105173055-scaled.jpg\" border=\"0\" width=\"512\" style=\"display: block; margin-left: auto; margin-right: auto;\" \/><\/p>\n<p><img decoding=\"async\" class=\" size-full wp-image-309\" src=\"https:\/\/utwstarachowice.pl\/wp-content\/uploads\/2016\/11\/IMG20220105171227-scaled.jpg\" border=\"0\" width=\"512\" \/><\/p>\n<p style=\"text-align: center;\"><img decoding=\"async\" class=\" size-full wp-image-310\" src=\"https:\/\/utwstarachowice.pl\/wp-content\/uploads\/2016\/11\/IMG20220105172504-scaled.jpg\" border=\"0\" width=\"512\" \/><\/p>\n<p><span style=\"font-size: medium;\">SPOTKANIE\u00a0 \u015aWI\u0104TECZNO &#8211; NOWOROCZNE .<\/span><\/p>\n<p><span style=\"font-size: medium;\">Dnia 18 grudnia spotkali\u015bmy si\u0119 z zaprzyja\u017anion\u0105 grup\u0105 LOK pod wiat\u0105 strzelnicy PZ\u0141 w Starachowicach. By\u0142o to spotkanie przed\u015bwi\u0105teczne po\u0142\u0105czone z otrz\u0119sinami nowych S\u0142uchaczy UTW, biesiad\u0105, \u015bpiewem, ta\u0144cem przy\u00a0 ognisku. \u017byczenia \u015bwi\u0105teczno &#8211; noworoczne z\u0142o\u017cyli Prezes UTW Jerzy\u00a0 Krawczyk i z LOK-u Dariusz Grunt.<\/span><\/p>\n<p><span style=\"font-size: medium;\"><img loading=\"lazy\" decoding=\"async\" class=\" size-full wp-image-311\" src=\"https:\/\/utwstarachowice.pl\/wp-content\/uploads\/2016\/11\/IMG-20211218-WA0000.jpg\" border=\"0\" width=\"512\" height=\"683\" style=\"display: block; margin-left: auto; margin-right: auto;\" \/><\/span><\/p>\n<p>\u00a0<\/p>\n<p><span style=\"font-size: medium;\"><img loading=\"lazy\" decoding=\"async\" class=\" size-full wp-image-312\" src=\"https:\/\/utwstarachowice.pl\/wp-content\/uploads\/2016\/11\/IMG20211218114233-scaled.jpg\" border=\"0\" width=\"512\" height=\"386\" style=\"display: block; margin-left: auto; margin-right: auto;\" \/><\/span><\/p>\n<p style=\"text-align: center;\">\u00a0<\/p>\n<p style=\"text-align: center;\"><span style=\"font-size: medium;\"><img loading=\"lazy\" decoding=\"async\" class=\" size-full wp-image-313\" src=\"https:\/\/utwstarachowice.pl\/wp-content\/uploads\/2016\/11\/IMG20211218120239-scaled.jpg\" border=\"0\" width=\"512\" height=\"386\" \/><\/span><\/p>\n<p><span style=\"font-size: medium;\"><img loading=\"lazy\" decoding=\"async\" class=\" size-full wp-image-314\" src=\"https:\/\/utwstarachowice.pl\/wp-content\/uploads\/2016\/11\/IMG20211218124116-scaled.jpg\" border=\"0\" width=\"512\" height=\"386\" style=\"display: block; margin-left: auto; margin-right: auto;\" \/><\/span><\/p>\n<p><span style=\"font-size: medium;\">\u00a0<\/span><\/p>\n<p>\u00a0<\/p>\n<hr \/>\n<p>\u00a0<\/p>\n<p>\u00a0<\/p>\n<p><span style=\"font-size: medium;\">WYCIECZKA\u00a0 DO CZ\u0118STOCHOWY.<\/span><\/p>\n<p><span style=\"font-size: medium;\">20 listopada 25 S\u0142uchaczy UTW pod przewodnictwem Eli Durlej\u00a0 jedzie na wycieczk\u0119 autokarow\u0105 do Cz\u0119stochowy. Wspania\u0142a wycieczka &#8211; zwiedzili\u015bmy w Cz\u0119stochowie Sanktuarium Matki Bo\u017cej Cz\u0119stochowskiej i Sanktuarium Krwi Chrystusa\u00a0 a w drodze powrotnej\u00a0 w Gidle\u00a0 &#8211; Sanktuarium Matki Bo\u017cej Gidelskiej. Dzi\u0119kujemy Eli Durlej za ciekawe przewodnictwo i przekaz o zwiedzanych miejscach.<\/span><\/p>\n<p style=\"text-align: center;\"><span style=\"font-size: medium;\"><img decoding=\"async\" class=\" size-full wp-image-315\" src=\"https:\/\/utwstarachowice.pl\/wp-content\/uploads\/2016\/11\/received_4780353605361067.jpg\" border=\"0\" width=\"512\" \/><\/span><\/p>\n<p style=\"text-align: center;\"><span style=\"font-size: medium;\"><img decoding=\"async\" class=\" size-full wp-image-316\" src=\"https:\/\/utwstarachowice.pl\/wp-content\/uploads\/2016\/11\/received_1076142446616792-1.jpg\" border=\"0\" width=\"512\" \/><\/span><\/p>\n<p><span style=\"font-size: medium;\"><img decoding=\"async\" class=\" size-full wp-image-317\" src=\"https:\/\/utwstarachowice.pl\/wp-content\/uploads\/2016\/11\/received_673507083634717.jpg\" border=\"0\" width=\"512\" style=\"display: block; margin-left: auto; margin-right: auto;\" \/><\/span><\/p>\n<p><img loading=\"lazy\" decoding=\"async\" class=\" size-full wp-image-318\" src=\"https:\/\/utwstarachowice.pl\/wp-content\/uploads\/2016\/11\/Fig-MB-Gidelskiej-scaled.jpg\" border=\"0\" width=\"512\" height=\"683\" style=\"display: block; margin-left: auto; margin-right: auto;\" \/><\/p>\n<p>\u00a0<\/p>\n<p style=\"text-align: center;\">\u00a0<\/p>\n<hr \/>\n<p style=\"text-align: center;\">\u00a0<\/p>\n<p><span style=\"font-size: medium;\">13listopada\u00a0 &#8211; kolejny spacer edukacyjny UTW. 22 S\u0142uchaczy zwiedza dzi\u015b rodzinn\u0105 firm\u0119 STARPOL. Zwiedzaj\u0105c zak\u0142ady tej firmy byli\u015bmy pod ogromnym wra\u017ceniem jak nowoczesna jest ta firma wsp\u00f3\u0142pracuj\u0105ca z r\u00f3\u017cnymi\u00a0 pa\u0144stwami Europy i \u015awiata. Za\u0142o\u017cycielem i\u00a0 g\u0142\u00f3wnym w\u0142a\u015bcicielem\u00a0 tej firmy jest Edward P\u0142usa z Ma\u0142\u017conk\u0105.<\/span><\/p>\n<p style=\"text-align: center;\">\u00a0<\/p>\n<p style=\"text-align: center;\"><span style=\"font-size: medium;\"><img decoding=\"async\" class=\" size-full wp-image-319\" src=\"https:\/\/utwstarachowice.pl\/wp-content\/uploads\/2016\/11\/IMG_20211113_095956-scaled.jpg\" border=\"0\" width=\"440\" \/><\/span><\/p>\n<p><span style=\"font-size: medium;\"><img decoding=\"async\" class=\" size-full wp-image-320\" src=\"https:\/\/utwstarachowice.pl\/wp-content\/uploads\/2016\/11\/IMG_20211113_100517-scaled.jpg\" border=\"0\" width=\"440\" style=\"display: block; margin-left: auto; margin-right: auto;\" \/><\/span><\/p>\n<p style=\"text-align: center;\"><span style=\"font-size: medium;\"><img decoding=\"async\" class=\" size-full wp-image-321\" src=\"https:\/\/utwstarachowice.pl\/wp-content\/uploads\/2016\/11\/IMG_20211113_102021-scaled.jpg\" border=\"0\" width=\"440\" \/><\/span><\/p>\n<p><span style=\"font-size: medium;\"><img decoding=\"async\" class=\" size-full wp-image-322\" src=\"https:\/\/utwstarachowice.pl\/wp-content\/uploads\/2016\/11\/IMG_20211113_102533-scaled.jpg\" border=\"0\" width=\"400\" style=\"display: block; margin-left: auto; margin-right: auto;\" \/><\/span><\/p>\n<p style=\"text-align: center;\"><span style=\"font-size: medium;\"><img decoding=\"async\" class=\" size-full wp-image-323\" src=\"https:\/\/utwstarachowice.pl\/wp-content\/uploads\/2016\/11\/IMG_20211113_110306-scaled.jpg\" border=\"0\" width=\"440\" \/><\/span><\/p>\n<p style=\"text-align: center;\">\u00a0<\/p>\n<p><span style=\"font-size: medium;\"><img decoding=\"async\" class=\" size-full wp-image-324\" src=\"https:\/\/utwstarachowice.pl\/wp-content\/uploads\/2016\/11\/IMG_20211113_113815-scaled.jpg\" border=\"0\" width=\"440\" style=\"display: block; margin-left: auto; margin-right: auto;\" \/><\/span><\/p>\n<p style=\"text-align: center;\"><span style=\"font-size: medium;\">PRZEDSTAWICIELE\u00a0 UTW W POCHODZIE \u015aWI\u0118TA\u00a0 NIEPODLEG\u0141O\u015aCI\u00a0 POLSKI\u00a0 &#8211; 11.11.21<img decoding=\"async\" class=\" size-full wp-image-325\" src=\"https:\/\/utwstarachowice.pl\/wp-content\/uploads\/2016\/11\/FB_IMG_1636630115947.jpg\" border=\"0\" width=\"512\" \/><\/span><\/p>\n<p>\u00a0<\/p>\n<hr \/>\n<p>\u00a0<\/p>\n<p>SPACER\u00a0 EDUKACYJNY PO SPECJALNEJ STREFIE EKONOMICZNEJ.<\/p>\n<p style=\"text-align: center;\">6 listopada\u00a0 grupa S\u0142uchaczy UTW\u00a0 odbywa spacer po SSE\u00a0 pod przewodnictwem Eli Durlej.<\/p>\n<p><img decoding=\"async\" class=\" size-full wp-image-326\" src=\"https:\/\/utwstarachowice.pl\/wp-content\/uploads\/2016\/11\/IMG_20211106_103001-scaled.jpg\" border=\"0\" width=\"512\" style=\"display: block; margin-left: auto; margin-right: auto;\" \/><img decoding=\"async\" class=\" size-full wp-image-327\" src=\"https:\/\/utwstarachowice.pl\/wp-content\/uploads\/2016\/11\/IMG_20211106_101431-scaled.jpg\" border=\"0\" width=\"512\" style=\"display: block; margin-left: auto; margin-right: auto;\" \/><\/p>\n<p style=\"text-align: center;\">\u00a0<\/p>\n<p><img decoding=\"async\" class=\" size-full wp-image-328\" src=\"https:\/\/utwstarachowice.pl\/wp-content\/uploads\/2016\/11\/IMG_20211106_104327-scaled.jpg\" border=\"0\" width=\"512\" style=\"display: block; margin-left: auto; margin-right: auto;\" \/><img decoding=\"async\" class=\" size-full wp-image-329\" src=\"https:\/\/utwstarachowice.pl\/wp-content\/uploads\/2016\/11\/IMG_20211106_103930-scaled.jpg\" border=\"0\" width=\"512\" style=\"display: block; margin-left: auto; margin-right: auto;\" \/><\/p>\n<div class=\"art-postmetadataheader\">\n<hr \/>\n<h2 class=\"art-postheader\">\u00a0<\/h2>\n<h2 class=\"art-postheader\"><a class=\"PostHeader\" href=\"https:\/\/utwstarachowice.pl\/2021\/10\/14\/realizacja-kolejnego-projektu\/\">REALIZACJA KOLEJNEGO PROJEKTU<\/a><\/h2>\n<\/div>\n<p style=\"text-align: center;\"><span style=\"font-size: medium;\">W \u015brod\u0119 13 pa\u017adziernika\u00a0 grupa 50-ciu S\u0142uchaczy UTW\u00a0 wyrusza na XII RAJD\u00a0 NORDIC WALKING z projektu dofinansowanego przez Urz\u0105d Miasta. Ten projekt napisa\u0142y Urszula Fia\u0142ek i Wiesia P\u0119czek z opracowaniem historyczno &#8211; geograficznym El\u017cbiety Durlej prowadz\u0105ca sekcj\u0119 geograficzn\u0105. By\u0142 to spacer na trasie Styk\u00f3w &#8211; Ka\u0142k\u00f3w &#8211; Wi\u00f3ry.Zwiedzili\u015bmy Powiatowy Zak\u0142ad Doskonalenia Zawodowego dla Os\u00f3b Niepe\u0142nosprawnych w Stykowie i Ka\u0142kowie. Ela Durlej opowiedzia\u0142a nam o historii powstania Sanktuarium w Ka\u0142kowie. Przy Zaporze w Wi\u00f3rach dowiedzieli\u015bmy si\u0119 o problemach przy jej budowie. Po drodze odwiedzili\u015bmy miejsce po Fabryce Tektury WITULIN oraz w pobli\u017cu pi\u0119kne dolomity w Do\u0142ach Biskupich i ruiny Walcowni w Nietulisku. W sumie pieszo zrobili\u015bmy oko\u0142o 10km przy pi\u0119knej pogodzie i w dobrym humorze. Na zako\u0144czenie by\u0142 pyszny obiad w Karczmie u Jana w Kuczowie. Dzi\u0119kujemy Kole\u017cankom Uli i Wiesi za pi\u0119kn\u0105 wycieczk\u0119.<\/span><\/p>\n<p>\u00a0<\/p>\n<p style=\"text-align: center;\">\u00a0<\/p>\n<p>\u00a0<\/p>\n<p><span style=\"font-size: medium;\"><img decoding=\"async\" class=\" size-full wp-image-330\" src=\"https:\/\/utwstarachowice.pl\/wp-content\/uploads\/2016\/11\/IMG_2181-scaled.jpg\" border=\"0\" width=\"512\" style=\"display: block; margin-left: auto; margin-right: auto;\" \/><br \/><\/span><\/p>\n<p style=\"text-align: center;\"><img decoding=\"async\" class=\" size-full wp-image-331\" src=\"https:\/\/utwstarachowice.pl\/wp-content\/uploads\/2016\/11\/IMG_20211013_142148-scaled.jpg\" border=\"0\" width=\"512\" \/><\/p>\n<p style=\"text-align: center;\"><span style=\"font-size: medium;\"><img decoding=\"async\" class=\" size-full wp-image-332\" src=\"https:\/\/utwstarachowice.pl\/wp-content\/uploads\/2016\/11\/IMG_2203-scaled.jpg\" border=\"0\" width=\"512\" \/><img decoding=\"async\" class=\" size-full wp-image-333\" src=\"https:\/\/utwstarachowice.pl\/wp-content\/uploads\/2016\/11\/IMG_20211013_105030-scaled.jpg\" border=\"0\" width=\"512\" \/><\/span><\/p>\n<p><span style=\"font-size: medium;\"><img decoding=\"async\" class=\" size-full wp-image-334\" src=\"https:\/\/utwstarachowice.pl\/wp-content\/uploads\/2016\/11\/IMG_20211013_142659-scaled.jpg\" border=\"0\" width=\"512\" style=\"display: block; margin-left: auto; margin-right: auto;\" \/><img decoding=\"async\" class=\" size-full wp-image-335\" src=\"https:\/\/utwstarachowice.pl\/wp-content\/uploads\/2016\/11\/IMG_20211013_084249-scaled.jpg\" border=\"0\" width=\"512\" style=\"display: block; margin-left: auto; margin-right: auto;\" \/><img decoding=\"async\" class=\" size-full wp-image-336\" src=\"https:\/\/utwstarachowice.pl\/wp-content\/uploads\/2016\/11\/IMG_2142-scaled.jpg\" border=\"0\" width=\"512\" style=\"display: block; margin-left: auto; margin-right: auto;\" \/><\/span><\/p>\n<p style=\"text-align: center;\">\u00a0<\/p>\n<p style=\"text-align: left;\">\u00a0<\/p>\n<hr \/>\n<p style=\"text-align: left;\">\u00a0<\/p>\n<p style=\"text-align: left;\"><span style=\"font-size: small;\"><span style=\"font-size: medium;\">\u015aWI\u0118TOKRZYSKI\u00a0 PIKNIK.<br \/><\/span><\/span><\/p>\n<p style=\"text-align: left;\"><span style=\"font-size: small;\"><span style=\"font-size: medium;\">Widowisko muzyczno &#8211; literackie wystawione przez S\u0142uchaczy UTW w Parku Kultury 8 pa\u017adziernika w\/g projektu Ani Tokarskiej.Sw\u00f3j debiut mia\u0142a nowa sekcja teatralna pod kierownictwem Iwony Dziubi\u0144skiej &#8211; Czerko w spektaklu \u015awi\u0119tokrzyskie Godki w re\u017cyserii Joanny Matysek.<\/span><\/span><\/p>\n<p style=\"text-align: center;\">\u00a0<\/p>\n<p><span style=\"font-size: small;\"><span style=\"font-size: medium;\"><img decoding=\"async\" class=\" size-full wp-image-337\" src=\"https:\/\/utwstarachowice.pl\/wp-content\/uploads\/2016\/11\/FB_IMG_1634014526577.jpg\" border=\"0\" width=\"512\" style=\"display: block; margin-left: auto; margin-right: auto;\" \/><\/span><\/span><\/p>\n<p>\u00a0<\/p>\n<p style=\"text-align: center;\">\u00a0<\/p>\n<p style=\"text-align: center;\"><span style=\"font-size: small;\"><span style=\"font-size: medium;\"><img decoding=\"async\" class=\" size-full wp-image-338\" src=\"https:\/\/utwstarachowice.pl\/wp-content\/uploads\/2016\/11\/FB_IMG_1633578358435.jpg\" border=\"0\" width=\"512\" \/><img decoding=\"async\" class=\" size-full wp-image-339\" src=\"https:\/\/utwstarachowice.pl\/wp-content\/uploads\/2016\/11\/FB_IMG_1634014485923.jpg\" border=\"0\" width=\"512\" \/><img decoding=\"async\" class=\" size-full wp-image-340\" src=\"https:\/\/utwstarachowice.pl\/wp-content\/uploads\/2016\/11\/DSC_0707.JPG\" border=\"0\" width=\"512\" \/><img decoding=\"async\" class=\" size-full wp-image-341\" src=\"https:\/\/utwstarachowice.pl\/wp-content\/uploads\/2016\/11\/DSC_0659.JPG\" border=\"0\" width=\"512\" \/><\/span><\/span><\/p>\n<p>\u00a0<\/p>\n<hr \/>\n<p>\u00a0<\/p>\n<h2 class=\"art-postheader\"><a class=\"PostHeader\" href=\"https:\/\/utwstarachowice.pl\/2021\/10\/07\/inauguracja-roku-akademickiego-2021-2022\/\"><span style=\"font-size: small;\"><span style=\"font-size: medium;\">\u00a0\u00a0\u00a0\u00a0\u00a0\u00a0\u00a0\u00a0\u00a0\u00a0\u00a0\u00a0\u00a0\u00a0\u00a0 <\/span><\/span>INAUGURACJA ROKU AKADEMICKIEGO 2021\/2022<\/a><\/h2>\n<\/div>\n<p style=\"text-align: left;\"><span style=\"font-size: medium;\">Uroczysto\u015bci zwi\u0105zane z rozpocz\u0119ciem nowego roku akademickiego odby\u0142y si\u0119 4 pa\u017adziernika o godzinie 10:00 w sali widowiskowo &#8211; kinowej Parku Kultury. To ju\u017c 14 &#8211; ty rok zaczynamy nowe zaj\u0119cia wspomnia\u0142 prezes UTW\u00a0 Jerzy Krawczyk i opowiedzia\u0142 jak b\u0119dzie wygl\u0105da\u0142 ten szczeg\u00f3lny rok w kt\u00f3rym zaj\u0119cia b\u0119d\u0105 si\u0119 odbywa\u0107 ju\u017c w formie stacjonarnej w salach wyk\u0142adowych. Poinformowa\u0142,\u017ce jest 200 -tu S\u0142uchaczy i\u00a0 rozpi\u0119to\u015b\u0107\u00a0 wiekowa mi\u0119dzy Seniorami na UTW\u00a0 wynosi 40lat. Najstarsza Uczestniczka ma 101 lat &#8211; Jadwiga Cwalina &#8211; Krajewska kt\u00f3ra zaszczyci\u0142a nas swoj\u0105 obecno\u015bci\u0105. Podczas uroczysto\u015bci prezes z\u0142o\u017cy\u0142 podzi\u0119kowania Sponsorom UTW i wr\u0119czy\u0142 statuetki Osobom przyjaznym naszej uczelni. Nowi S\u0142uchacze otrzymali te\u017c legitymacje cz\u0142onkowskie. Ca\u0142\u0105 uroczysto\u015b\u0107 u\u015bwietni\u0142 wyst\u0119p zespo\u0142u\u00a0 SREBRNE NUTY.<\/span><\/p>\n<p style=\"text-align: left;\"><span style=\"font-size: medium;\">Da Wszystkich S\u0142uchaczy UTW \u017cyczenia dobrego i zdrowego roku akademickiego 2021\/2022 od Zarz\u0105du i Samorz\u0105du Studenckiego.<\/span><\/p>\n<p style=\"text-align: center;\"><span style=\"font-size: medium;\"><img decoding=\"async\" class=\" size-full wp-image-342\" src=\"https:\/\/utwstarachowice.pl\/wp-content\/uploads\/2016\/11\/FB_IMG_1633578219651.jpg\" border=\"0\" width=\"512\" \/><\/span><\/p>\n<p>\u00a0<\/p>\n<p><span style=\"font-size: medium;\"><img decoding=\"async\" class=\" size-full wp-image-343\" src=\"https:\/\/utwstarachowice.pl\/wp-content\/uploads\/2016\/11\/FB_IMG_1633578326673.jpg\" border=\"0\" width=\"512\" style=\"display: block; margin-left: auto; margin-right: auto;\" \/><img decoding=\"async\" class=\" size-full wp-image-344\" src=\"https:\/\/utwstarachowice.pl\/wp-content\/uploads\/2016\/11\/FB_IMG_1633578373089.jpg\" border=\"0\" width=\"512\" style=\"display: block; margin-left: auto; margin-right: auto;\" \/><img decoding=\"async\" class=\" size-full wp-image-345\" src=\"https:\/\/utwstarachowice.pl\/wp-content\/uploads\/2016\/11\/IMG_18551-scaled.jpg\" border=\"0\" width=\"512\" style=\"display: block; margin-left: auto; margin-right: auto;\" \/><\/span><\/p>\n<p style=\"text-align: left;\">\u00a0<\/p>\n<hr \/>\n<p style=\"text-align: left;\">\u00a0<\/p>\n<div class=\"art-postmetadataheader\">\n<h2 class=\"art-postheader\"><a class=\"PostHeader\" href=\"https:\/\/utwstarachowice.pl\/2021\/09\/30\/obywatelski-parlament-seniorow\/\">OBYWATELSKI PARLAMENT SENIOR\u00d3W<\/a><\/h2>\n<\/div>\n<div id=\"pg-3149-3\" class=\"panel-grid panel-no-style\">\n<div id=\"pgc-3149-3-0\" class=\"panel-grid-cell\">\n<div id=\"panel-3149-3-0-0\" class=\"so-panel widget widget_text panel-first-child panel-last-child\">\n<div class=\"panel-widget-style panel-widget-style-for-3149-3-0-0\">\n<h3 class=\"widget-title\">Jerzy Krawczyk<\/h3>\n<div class=\"textwidget\">\n<p>Przewodnicz\u0105cy \u015awi\u0119tokrzyskiej Delegatury OPS. Jest prezesem UTW w Starachowicach, za\u0142o\u017cycielem Sekcji Edukacji Obywatelskiej, pomys\u0142odawc\u0105 i wsp\u00f3\u0142autorem Projektu \u201e Spo\u0142eczno\u015bciowy Ogr\u00f3d UTW&#8221;, kt\u00f3ry uzyska\u0142 nagrod\u0119 g\u0142\u00f3wn\u0105 Fundacji \u201eZiemia i Ludzie&#8221; jako wz\u00f3r pozytywnych praktyk UTW. Jerzy Krawczyk jest kole\u017ce\u0144ski i obowi\u0105zkowy, da\u0142 si\u0119 nam pozna\u0107 jako dobry organizator, zawsze uwa\u017cnie ws\u0142uchuje si\u0119 w potrzeby innych ludzi. Nawi\u0105za\u0142 wiele ciekawych i warto\u015bciowych kontakt\u00f3w z osobami zas\u0142u\u017conymi dla naszego miasta i regionu.<\/p>\n<p>kontakt: e-mail <span id=\"cloak58072\"><a href=\"mailto:jerzy-krawczyk@O2.pl\" rel=\"noreferrer\">jerzy-krawczyk@O2.pl<\/a><\/span>,\u00a0 tel.\u00a0 506 428 797<\/p>\n<\/div>\n<\/div>\n<\/div>\n<\/div>\n<\/div>\n<div id=\"pg-3149-4\" class=\"panel-grid panel-no-style\">\n<div id=\"pgc-3149-4-0\" class=\"panel-grid-cell\">\n<div id=\"panel-3149-4-0-0\" class=\"so-panel widget widget_text panel-first-child panel-last-child\">\n<div class=\"panel-widget-style panel-widget-style-for-3149-4-0-0\">\n<h3 class=\"widget-title\">Janina \u0141ucak<\/h3>\n<div class=\"textwidget\">\n<p>Wiceprzewodnicz\u0105ca Prezydium \u015awi\u0119tokrzyskiej Delegatury Obywatelskiego Parlamentu Senior\u00f3w. Wykszta\u0142cenie wy\u017csze techniczne \u2013 in\u017cynier budownictwa. Po przej\u015bciu na emerytur\u0119 aktywnie pracuje spo\u0142ecznie na rzecz senior\u00f3w w Kielcach. W 2015 roku za\u0142o\u017cy\u0142a i zosta\u0142a prezesem Uniwersytetu Trzeciego Wieku \u201ePonad Czasem&#8221; W styczniu 2018 roku zosta\u0142a powo\u0142ana w sk\u0142ad Wojew\u00f3dzkiej Spo\u0142ecznej Rady Senior\u00f3w. Jej pasje to muzyka, taniec i \u015bpiew. Lubi tak\u017ce malowa\u0107 i fotografowa\u0107.\u00a0 Uwielbia podr\u00f3\u017ce.<\/p>\n<\/div>\n<\/div>\n<\/div>\n<\/div>\n<div id=\"pgc-3149-4-1\" class=\"panel-grid-cell\">\n<div id=\"panel-3149-4-1-0\" class=\"so-panel widget widget_text panel-first-child panel-last-child\">\n<div class=\"panel-widget-style panel-widget-style-for-3149-4-1-0\">\n<h3 class=\"widget-title\">Gra\u017cyna Szl\u0119k<\/h3>\n<div class=\"textwidget\">\n<p>Wiceprzewodnicz\u0105ca Prezydium \u015awi\u0119tokrzyskiej Delegatury Obywatelskiego Parlamentu Senior\u00f3w. Na emeryturze po\u015bwi\u0119ci\u0142a si\u0119 spo\u0142ecznej pracy na rzecz kultury i senior\u00f3w. Jest wiceprezesem w Staszowskim Towarzystwie Kulturalnym.\u00a0 W Staszowie prowadzi Uniwersytet Trzeciego Wieku. W 2020 roku zosta\u0142a powo\u0142ana\u00a0 w sk\u0142ad Rady Senior\u00f3w gdzie pe\u0142ni funkcj\u0119 sekretarza. Jej pasj\u0105 jest malarstwo. Uwielbia ksi\u0105\u017cki podr\u00f3\u017cnicze.<\/p>\n<p>\u00a0<\/p>\n<\/div>\n<\/div>\n<\/div>\n<\/div>\n<\/div>\n<div id=\"pg-3149-5\" class=\"panel-grid panel-no-style\">\n<div id=\"pgc-3149-5-0\" class=\"panel-grid-cell\">\n<div id=\"panel-3149-5-0-0\" class=\"so-panel widget widget_text panel-first-child panel-last-child\">\n<div class=\"panel-widget-style panel-widget-style-for-3149-5-0-0\">\n<h3 class=\"widget-title\">Anna Tokarska<\/h3>\n<div class=\"textwidget\">\n<p>Sekretarz Prezydium \u015awi\u0119tokrzyskiej Delegatury\u00a0 Obywatelskiego Parlamentu Senior\u00f3w. Wykszta\u0142cenie wy\u017csze techniczne.\u00a0 Jest bardzo aktywnym s\u0142uchaczem Uniwersytetu Trzeciego Wieku w Starachowicach gdzie pe\u0142ni funkcj\u0119 wiceprezesa zarz\u0105du.\u00a0 Ch\u0119tnie pomaga innym. Do\u015bwiadczenie zawodowe zdobyte mi\u0119dzy innymi w edukacji szkolnej umiej\u0119tnie wykorzystuje\u00a0 w planowaniu i prowadzeniu\u00a0\u00a0 zaj\u0119\u0107 z seniorami. Jest autork\u0105 wielu projekt\u00f3w w tym\u00a0 mi\u0119dzy innymi projektu \u201eTworzymy \u015awi\u0119tokrzysk\u0105 Delegatur\u0119 OPS&#8221;.<\/p>\n<\/div>\n<\/div>\n<\/div>\n<\/div>\n<div id=\"pgc-3149-5-1\" class=\"panel-grid-cell\">\n<div id=\"panel-3149-5-1-0\" class=\"so-panel widget widget_text panel-first-child panel-last-child\">\n<div class=\"panel-widget-style panel-widget-style-for-3149-5-1-0\">\n<h3 class=\"widget-title\">Jadwiga Kami\u0144ska<\/h3>\n<div class=\"textwidget\">\n<p>Cz\u0142onek Prezydium \u015awi\u0119tokrzyskiej Delegatury Obywatelskiego Parlamentu Senior\u00f3w. Wykszta\u0142cenie wy\u017csze. W 2008 roku broni rozpraw\u0119 doktorsk\u0105 i uzyskuje tytu\u0142 doktora nauk w kulturze fizycznej.\u00a0 Po przej\u015bciu na emerytur\u0119\u00a0 aktywnie pracuje spo\u0142ecznie w Uniwersytecie Trzeciego Wieku w \u0141agowie. Prowadzi z seniorami zaj\u0119cia, kt\u00f3re maj\u0105 pom\u00f3c w utrzymaniu sprawno\u015bci fizycznej. Jest wiceprezesem zarz\u0105du UTW w\u00a0 \u0141agowie.<\/p>\n<p>PREZYDIUM \u015aWI\u0118TOKRZYSKIEJ DELEGATURY\u00a0 OBYWATELSKIEGO PARLAMENTU SENIOR\u00d3W.<\/p>\n<\/div>\n<\/div>\n<\/div>\n<\/div>\n<\/div>\n<p>\u00a0\u00a0\u00a0 <img decoding=\"async\" class=\" size-full wp-image-346\" src=\"https:\/\/utwstarachowice.pl\/wp-content\/uploads\/2016\/11\/Prezydium.jpg\" border=\"0\" width=\"512\" style=\"display: block; margin-left: auto; margin-right: auto;\" \/><\/p>\n<p style=\"text-align: left;\">\u00a015.09.2021 &#8211; Ostatni spacer wakacyjny cz\u0142onk\u00f3w PTTK przy UTW\u00a0 &#8211; do Marcinkowa pod przewodnictwem Tomka Cygana . spacer udany przy pi\u0119knej 'pogodzie<\/p>\n<p style=\"text-align: center;\">\u00a0<\/p>\n<p style=\"text-align: center;\">\u00a0<\/p>\n<p>\u00a0<\/p>\n<p style=\"text-align: center;\"><img decoding=\"async\" class=\" size-full wp-image-347\" src=\"https:\/\/utwstarachowice.pl\/wp-content\/uploads\/2016\/11\/FB_IMG_1631811937428.jpg\" border=\"0\" width=\"512\" \/><\/p>\n<p style=\"text-align: left;\">3.09-SPOTKANIE INTEGRACYJNE SENIOR\u00d3W W ARBORETUM MARCULE ZORGANIZOWANE PRZEZ CUS.<\/p>\n<p style=\"text-align: center;\"><img decoding=\"async\" class=\" size-full wp-image-348\" src=\"https:\/\/utwstarachowice.pl\/wp-content\/uploads\/2016\/11\/received_565139501193328.jpg\" border=\"0\" width=\"512\" \/><\/p>\n<p style=\"text-align: center;\"><img decoding=\"async\" class=\" size-full wp-image-349\" src=\"https:\/\/utwstarachowice.pl\/wp-content\/uploads\/2016\/11\/received_2109375385868105.jpg\" border=\"0\" width=\"512\" \/><\/p>\n<p style=\"text-align: center;\"><img decoding=\"async\" class=\" size-full wp-image-350\" src=\"https:\/\/utwstarachowice.pl\/wp-content\/uploads\/2016\/11\/received_1066414820576691.jpg\" border=\"0\" width=\"512\" \/><img decoding=\"async\" class=\" size-full wp-image-351\" src=\"https:\/\/utwstarachowice.pl\/wp-content\/uploads\/2016\/11\/received_1064037241156529.jpg\" border=\"0\" width=\"512\" \/><\/p>\n<\/p>\n<p style=\"text-align: left;\">18 sierpnia -druga trasa spacerowa PTTK przy UTW- OCZY ZIEMI SUCHEDNI\u00d3W.<\/p>\n<p style=\"text-align: left;\">FOTORELACJA- udany spacer.<\/p>\n<p style=\"text-align: center;\">\u00a0<\/p>\n<p><img decoding=\"async\" class=\" size-full wp-image-352\" src=\"https:\/\/utwstarachowice.pl\/wp-content\/uploads\/2016\/11\/received_820964261951911.jpg\" border=\"0\" width=\"512\" style=\"display: block; margin-left: auto; margin-right: auto;\" \/><\/p>\n<p style=\"text-align: center;\">\u00a0<\/p>\n<p><img decoding=\"async\" class=\" size-full wp-image-353\" src=\"https:\/\/utwstarachowice.pl\/wp-content\/uploads\/2016\/11\/received_865923857352040.jpg\" border=\"0\" width=\"512\" style=\"display: block; margin-left: auto; margin-right: auto;\" \/><\/p>\n<p style=\"text-align: center;\"><img decoding=\"async\" class=\" size-full wp-image-354\" src=\"https:\/\/utwstarachowice.pl\/wp-content\/uploads\/2016\/11\/received_134547888857484.jpg\" border=\"0\" width=\"512\" \/><\/p>\n<p style=\"text-align: left;\">15<strong> SIERPNIA 2021r-DZIE\u0143 WOJSKA POLSKIEGO-PRZEDSTAWICIELE UTW\u00a0 SK\u0141ADAJ\u0104 KWIATY POD<\/strong>\u00a0 POMNIKIEM NIEPODLEG\u0141O\u015aCI.<strong><br \/><\/strong><\/p>\n<p style=\"text-align: center;\"><img decoding=\"async\" class=\" size-full wp-image-355\" src=\"https:\/\/utwstarachowice.pl\/wp-content\/uploads\/2016\/11\/FB_IMG_1629036924490.jpg\" border=\"0\" width=\"512\" \/><\/p>\n<p style=\"text-align: left;\">\u00a0<\/p>\n<p><span style=\"font-size: medium;\"><strong><span style=\"font-size: medium;\"><strong>SPACER\u00a0 PTTK przy UTW DO KOLONII INWALIDZKIEJ -21 LIPCA<br \/><\/strong><\/span><\/strong><\/span><\/p>\n<p><span style=\"font-size: medium;\"><strong><span style=\"font-size: medium;\"><strong>\u00a0<\/strong><\/span><\/strong><\/span><\/p>\n<p style=\"text-align: center;\"><span style=\"font-size: medium;\"><strong><span style=\"font-size: medium;\"><strong>\u00a0<\/strong><\/span><\/strong><\/span><\/p>\n<p><span style=\"font-size: medium;\"><strong><span style=\"font-size: medium;\"><strong><img decoding=\"async\" class=\" size-full wp-image-356\" src=\"https:\/\/utwstarachowice.pl\/wp-content\/uploads\/2016\/11\/received_507634360543070.jpeg\" border=\"0\" width=\"512\" style=\"display: block; margin-left: auto; margin-right: auto;\" \/><\/strong><\/span><\/strong><\/span><\/p>\n<p style=\"text-align: center;\"><span style=\"font-size: medium;\"><strong><span style=\"font-size: medium;\"><strong><img decoding=\"async\" class=\" size-full wp-image-357\" src=\"https:\/\/utwstarachowice.pl\/wp-content\/uploads\/2016\/11\/received_534100921129655.jpeg\" border=\"0\" width=\"512\" \/><\/strong><\/span><\/strong><\/span><\/p>\n<p><span style=\"font-size: medium;\"><strong><span style=\"font-size: medium;\"><strong>Zdj\u0119cia z zako\u0144czenia roku akademickiego.<\/strong><\/span><\/strong><\/span><\/p>\n<p style=\"text-align: center;\"><span style=\"font-size: medium;\"><strong><span style=\"font-size: medium;\"><strong><img decoding=\"async\" class=\" size-full wp-image-358\" src=\"https:\/\/utwstarachowice.pl\/wp-content\/uploads\/2016\/11\/FB_IMG_1625551936806.jpg\" border=\"0\" width=\"512\" \/><\/strong><\/span><\/strong><\/span><\/p>\n<p><span style=\"font-size: medium;\"><strong><span style=\"font-size: medium;\"><strong><img decoding=\"async\" class=\" size-full wp-image-359\" src=\"https:\/\/utwstarachowice.pl\/wp-content\/uploads\/2016\/11\/FB_IMG_1625551997273.jpg\" border=\"0\" width=\"512\" style=\"display: block; margin-left: auto; margin-right: auto;\" \/><\/strong><\/span><\/strong><\/span><\/p>\n<p style=\"text-align: center;\"><span style=\"font-size: medium;\"><strong><span style=\"font-size: medium;\"><strong><img decoding=\"async\" class=\" size-full wp-image-360\" src=\"https:\/\/utwstarachowice.pl\/wp-content\/uploads\/2016\/11\/IMG_06931-scaled.jpg\" border=\"0\" width=\"512\" \/><\/strong><\/span><\/strong><\/span><\/p>\n<p style=\"text-align: center;\">\u00a0<\/p>\n<p><span style=\"font-size: medium;\"><strong><span style=\"font-size: medium;\"><strong>\u00a0<\/strong><\/span><\/strong><\/span><\/p>\n<p>\u00a0<\/p>\n<p>\u00a0<\/p>\n<p>\u00a0<\/p>\n<p>\u00a0<\/p>\n<p>\u00a0<\/p>\n<p><span style=\"font-size: medium;\"><strong><span style=\"font-size: medium;\"><strong>20.05.2021r &#8211; Grupa cz\u0142onk\u00f3w PTTK przy UTW na pierwszym w tym roku spacerze. Wszystkim towarzyszy\u0142a wielka rado\u015b\u0107 i my\u015bl o nast\u0119pnych ju\u017c spacerach.<\/strong><\/span><\/strong><\/span><\/p>\n<p><span style=\"font-size: medium;\"><strong><span style=\"font-size: medium;\"><strong>\u00a0<\/strong><\/span><\/strong><\/span><\/p>\n<p><span style=\"font-size: medium;\"><strong><span style=\"font-size: medium;\"><strong><img decoding=\"async\" class=\" size-full wp-image-361\" src=\"https:\/\/utwstarachowice.pl\/wp-content\/uploads\/2016\/11\/IMG_20210520_130519-scaled.jpg\" border=\"0\" width=\"512\" style=\"display: block; margin-left: auto; margin-right: auto;\" \/><img decoding=\"async\" class=\" size-full wp-image-362\" src=\"https:\/\/utwstarachowice.pl\/wp-content\/uploads\/2016\/11\/IMG_20210520_114036-scaled.jpg\" border=\"0\" width=\"512\" style=\"display: block; margin-left: auto; margin-right: auto;\" \/><\/strong><\/span><\/strong><\/span><\/p>\n<p><span style=\"font-size: medium;\"><strong><span style=\"font-size: medium;\"><strong><img decoding=\"async\" class=\" size-full wp-image-363\" src=\"https:\/\/utwstarachowice.pl\/wp-content\/uploads\/2016\/11\/IMG_20210520_112526-scaled.jpg\" border=\"0\" width=\"512\" style=\"display: block; margin-left: auto; margin-right: auto;\" \/><\/strong><\/span><\/strong><\/span><\/p>\n<p><span style=\"font-size: medium;\"><strong><span style=\"font-size: medium;\"><strong>\u00a0<\/strong><\/span><\/strong><\/span><\/p>\n<p><span style=\"font-size: medium;\"><strong><span style=\"font-size: medium;\"><strong>\u00a0<\/strong><\/span><\/strong><\/span><\/p>\n<p><span style=\"font-size: medium;\"><strong><span style=\"font-size: medium;\"><strong><img decoding=\"async\" class=\" size-full wp-image-364\" src=\"https:\/\/utwstarachowice.pl\/wp-content\/uploads\/2016\/11\/IMG_20210520_102706-scaled.jpg\" border=\"0\" width=\"512\" style=\"display: block; margin-left: auto; margin-right: auto;\" \/><\/strong><\/span><\/strong><\/span><\/p>\n<p><span style=\"font-size: medium;\"><strong><span style=\"font-size: medium;\"><strong>\u00a0<\/strong><\/span><\/strong><\/span><\/p>\n<p><span style=\"font-size: medium;\"><strong><span style=\"font-size: medium;\"><strong>\u00a0<\/strong><\/span><\/strong><\/span><\/p>\n<p><span style=\"font-size: medium;\"><strong><span style=\"font-size: medium;\"><strong><img decoding=\"async\" class=\" size-full wp-image-365\" src=\"https:\/\/utwstarachowice.pl\/wp-content\/uploads\/2016\/11\/IMG_20210520_112543-scaled.jpg\" border=\"0\" width=\"512\" style=\"display: block; margin-left: auto; margin-right: auto;\" \/><\/strong><\/span><\/strong><\/span><\/p>\n<p>\u00a0<\/p>\n<p>\u00a0<\/p>\n<hr \/>\n<p><span style=\"font-size: medium;\"><strong><span style=\"font-size: medium;\"><strong>25.02.2021R &#8211; ZWIEDZANIE WYSTAWY W MUZEUM PRZYRODY I TECHNIKI PT. &#8222;ZABYTKOWE SZTU\u0106CE I ZASTAWY STO\u0141OWE&#8221; Z KOLEKCJI STANIS\u0141AWA JARUSZEWICZA.<br \/><\/strong><\/span><\/strong><\/span><\/p>\n<p><span style=\"font-size: medium;\"><strong><span style=\"font-size: medium;\"><strong><img decoding=\"async\" class=\" size-full wp-image-366\" src=\"https:\/\/utwstarachowice.pl\/wp-content\/uploads\/2016\/11\/IMG_20210225_104554.jpg\" border=\"0\" width=\"512\" style=\"display: block; margin-left: auto; margin-right: auto;\" \/><\/strong><\/span><\/strong><\/span><\/p>\n<p><span style=\"font-size: medium;\"><strong><span style=\"font-size: medium;\"><strong><img decoding=\"async\" class=\" size-full wp-image-367\" src=\"https:\/\/utwstarachowice.pl\/wp-content\/uploads\/2016\/11\/IMG_20210225_101507-scaled.jpg\" border=\"0\" width=\"512\" style=\"display: block; margin-left: auto; margin-right: auto;\" \/><\/strong><\/span><\/strong><\/span><\/p>\n<p><span style=\"font-size: medium;\"><strong><span style=\"font-size: medium;\"><strong><img decoding=\"async\" class=\" size-full wp-image-368\" src=\"https:\/\/utwstarachowice.pl\/wp-content\/uploads\/2016\/11\/IMG_20210225_100705.jpg\" border=\"0\" width=\"512\" style=\"display: block; margin-left: auto; margin-right: auto;\" \/><\/strong><\/span><\/strong><\/span><\/p>\n<p>\u00a0<\/p>\n<p><span style=\"font-size: medium;\"><strong>Z WIZYT\u0104 U NASZEJ JUBILATKI<\/strong><\/span><\/p>\n<p><span style=\"font-size: medium;\"><strong><img decoding=\"async\" class=\" size-full wp-image-369\" src=\"https:\/\/utwstarachowice.pl\/wp-content\/uploads\/2016\/11\/IMG_12751-scaled.jpg\" border=\"0\" height=\"512\" \/><\/strong><\/span><\/p>\n<hr \/>\n<p>\u00a0<\/p>\n<p><span style=\"font-size: large;\"><strong><strong>WYCIECZKA Z PROJEKTU &#8222;SENIORZY ZWIEDZAJ\u0104 \u015aWI\u0118TOKRZYSKIE&#8221; &#8211; 14.10.2020R.<\/strong><\/strong><\/span><\/p>\n<p><span style=\"font-size: large;\"><strong><strong><img decoding=\"async\" class=\" size-full wp-image-370\" src=\"https:\/\/utwstarachowice.pl\/wp-content\/uploads\/2016\/11\/121627533_201254151415618_7519768156837000084_n.jpg\" border=\"0\" width=\"512\" style=\"display: block; margin-left: auto; margin-right: auto;\" \/><\/strong><\/strong><\/span><\/p>\n<p style=\"text-align: center;\">\u00a0<img decoding=\"async\" class=\" size-full wp-image-371\" src=\"https:\/\/utwstarachowice.pl\/wp-content\/uploads\/2016\/11\/121538896_201254248082275_1990928964648624178_n.jpg\" border=\"0\" width=\"512\" \/><\/p>\n<p style=\"text-align: center;\"><img decoding=\"async\" class=\" size-full wp-image-372\" src=\"https:\/\/utwstarachowice.pl\/wp-content\/uploads\/2016\/11\/121621056_201254168082283_4129150555325455282_n.jpg\" border=\"0\" width=\"512\" \/><\/p>\n<p style=\"text-align: center;\"><img decoding=\"async\" class=\" size-full wp-image-373\" src=\"https:\/\/utwstarachowice.pl\/wp-content\/uploads\/2016\/11\/121224777_201254418082258_4774813898322577389_n.jpg\" border=\"0\" width=\"512\" \/><\/p>\n<p><span style=\"font-size: large;\"><strong><img decoding=\"async\" class=\" size-full wp-image-374\" src=\"https:\/\/utwstarachowice.pl\/wp-content\/uploads\/2016\/11\/121688956_201254721415561_4859181523630743712_n.jpg\" border=\"0\" width=\"512\" style=\"display: block; margin-left: auto; margin-right: auto;\" \/><\/strong><\/span><\/p>\n<p><span style=\"font-size: large;\"><strong>INAUGURACJA ROKU AKADEMICKIEGO 2020\/2021<\/strong><\/span><\/p>\n<table border=\"0\" align=\"center\">\n<tbody>\n<tr>\n<td><img loading=\"lazy\" decoding=\"async\" class=\" size-full wp-image-375\" src=\"https:\/\/utwstarachowice.pl\/wp-content\/uploads\/2016\/11\/IMG_9184-scaled.jpg\" border=\"0\" width=\"683\" height=\"512\" \/><\/td>\n<td><img loading=\"lazy\" decoding=\"async\" class=\" size-full wp-image-376\" src=\"https:\/\/utwstarachowice.pl\/wp-content\/uploads\/2016\/11\/IMG_9190-scaled.jpg\" border=\"0\" width=\"683\" height=\"512\" \/><\/td>\n<\/tr>\n<tr>\n<td><img loading=\"lazy\" decoding=\"async\" class=\" size-full wp-image-377\" src=\"https:\/\/utwstarachowice.pl\/wp-content\/uploads\/2016\/11\/IMG_9206-scaled.jpg\" border=\"0\" width=\"683\" height=\"512\" \/><\/td>\n<td><img loading=\"lazy\" decoding=\"async\" class=\" size-full wp-image-378\" src=\"https:\/\/utwstarachowice.pl\/wp-content\/uploads\/2016\/11\/IMG_9207-scaled.jpg\" border=\"0\" width=\"683\" height=\"512\" \/><\/td>\n<\/tr>\n<tr>\n<td><img loading=\"lazy\" decoding=\"async\" class=\" size-full wp-image-379\" src=\"https:\/\/utwstarachowice.pl\/wp-content\/uploads\/2016\/11\/IMG_9213-scaled.jpg\" border=\"0\" width=\"683\" height=\"512\" \/><\/td>\n<td><img loading=\"lazy\" decoding=\"async\" class=\" size-full wp-image-380\" src=\"https:\/\/utwstarachowice.pl\/wp-content\/uploads\/2016\/11\/IMG_9214-scaled.jpg\" border=\"0\" width=\"683\" height=\"512\" \/><\/td>\n<\/tr>\n<tr>\n<td><img loading=\"lazy\" decoding=\"async\" class=\" size-full wp-image-381\" src=\"https:\/\/utwstarachowice.pl\/wp-content\/uploads\/2016\/11\/IMG_9219-scaled.jpg\" border=\"0\" width=\"683\" height=\"512\" \/><\/td>\n<td><img loading=\"lazy\" decoding=\"async\" class=\" size-full wp-image-382\" src=\"https:\/\/utwstarachowice.pl\/wp-content\/uploads\/2016\/11\/IMG_9224-scaled.jpg\" border=\"0\" width=\"512\" height=\"683\" \/><\/td>\n<\/tr>\n<tr>\n<td><img loading=\"lazy\" decoding=\"async\" class=\" size-full wp-image-383\" src=\"https:\/\/utwstarachowice.pl\/wp-content\/uploads\/2016\/11\/IMG_9238-scaled.jpg\" border=\"0\" width=\"683\" height=\"512\" \/><\/td>\n<td><img loading=\"lazy\" decoding=\"async\" class=\" size-full wp-image-384\" src=\"https:\/\/utwstarachowice.pl\/wp-content\/uploads\/2016\/11\/IMG_9235-scaled.jpg\" border=\"0\" width=\"683\" height=\"512\" \/><\/td>\n<\/tr>\n<tr>\n<td><img loading=\"lazy\" decoding=\"async\" class=\" size-full wp-image-385\" src=\"https:\/\/utwstarachowice.pl\/wp-content\/uploads\/2016\/11\/IMG_9225-scaled.jpg\" border=\"0\" width=\"683\" height=\"512\" \/><\/td>\n<td><img loading=\"lazy\" decoding=\"async\" class=\" size-full wp-image-386\" src=\"https:\/\/utwstarachowice.pl\/wp-content\/uploads\/2016\/11\/IMG_9245-scaled.jpg\" border=\"0\" width=\"683\" height=\"512\" \/><\/td>\n<\/tr>\n<tr>\n<td><img loading=\"lazy\" decoding=\"async\" class=\" size-full wp-image-387\" src=\"https:\/\/utwstarachowice.pl\/wp-content\/uploads\/2016\/11\/IMG_9253-scaled.jpg\" border=\"0\" width=\"683\" height=\"512\" \/><\/td>\n<td><img loading=\"lazy\" decoding=\"async\" class=\" size-full wp-image-388\" src=\"https:\/\/utwstarachowice.pl\/wp-content\/uploads\/2016\/11\/IMG_9264-scaled.jpg\" border=\"0\" width=\"683\" height=\"512\" \/><\/td>\n<\/tr>\n<\/tbody>\n<\/table>\n<p>\u00a0<\/p>\n<p>\u00a0<\/p>\n<div>Nowa warstwa&#8230;<\/div>\n","protected":false},"excerpt":{"rendered":"<p>22 MAJA\u00a0 &#8211; Wyk\u0142ad poporowadzi\u0142a\u00a0 p.Agnieszka\u00a0 Lasek\u00a0 Piwarska &#8221; HISTORIA\u00a0 KINA&#8221; \u00a0 \u00a0 \u00a0 20\u00a0 MAJA\u00a0 &#8211; FOTORELACJA\u00a0 Z\u00a0 AKCJI\u00a0 &hellip;<\/p>\n","protected":false},"author":3,"featured_media":80,"comment_status":"open","ping_status":"open","sticky":true,"template":"","format":"standard","meta":{"footnotes":""},"categories":[2],"tags":[],"_links":{"self":[{"href":"https:\/\/utwstarachowice.pl\/index.php?rest_route=\/wp\/v2\/posts\/389"}],"collection":[{"href":"https:\/\/utwstarachowice.pl\/index.php?rest_route=\/wp\/v2\/posts"}],"about":[{"href":"https:\/\/utwstarachowice.pl\/index.php?rest_route=\/wp\/v2\/types\/post"}],"author":[{"embeddable":true,"href":"https:\/\/utwstarachowice.pl\/index.php?rest_route=\/wp\/v2\/users\/3"}],"replies":[{"embeddable":true,"href":"https:\/\/utwstarachowice.pl\/index.php?rest_route=%2Fwp%2Fv2%2Fcomments&post=389"}],"version-history":[{"count":0,"href":"https:\/\/utwstarachowice.pl\/index.php?rest_route=\/wp\/v2\/posts\/389\/revisions"}],"wp:featuredmedia":[{"embeddable":true,"href":"https:\/\/utwstarachowice.pl\/index.php?rest_route=\/"}],"wp:attachment":[{"href":"https:\/\/utwstarachowice.pl\/index.php?rest_route=%2Fwp%2Fv2%2Fmedia&parent=389"}],"wp:term":[{"taxonomy":"category","embeddable":true,"href":"https:\/\/utwstarachowice.pl\/index.php?rest_route=%2Fwp%2Fv2%2Fcategories&post=389"},{"taxonomy":"post_tag","embeddable":true,"href":"https:\/\/utwstarachowice.pl\/index.php?rest_route=%2Fwp%2Fv2%2Ftags&post=389"}],"curies":[{"name":"wp","href":"https:\/\/api.w.org\/{rel}","templated":true}]}}