{"id":38,"date":"2015-03-20T11:36:41","date_gmt":"2015-03-20T10:36:41","guid":{"rendered":"https:\/\/utwstarachowice.pl\/2015\/03\/20\/porzadek-obrad-walnego-zgromadzenia-utw\/"},"modified":"2015-03-20T11:36:41","modified_gmt":"2015-03-20T10:36:41","slug":"porzadek-obrad-walnego-zgromadzenia-utw","status":"publish","type":"post","link":"https:\/\/utwstarachowice.pl\/?p=38","title":{"rendered":"Porzadek obrad Walnego Zgromadzenia UTW"},"content":{"rendered":"<p>\u00a0<\/p>\n<p>\u00a0<\/p>\n<p style=\"margin-bottom: 0cm;\" align=\"CENTER\"><span style=\"font-size: x-large;\"><strong>Porz\u0105dek obrad Walnego Zgromadzenia<\/strong><\/span><\/p>\n<p style=\"margin-bottom: 0cm;\" align=\"CENTER\"><span style=\"font-size: x-large;\"><strong> s\u0142uchaczy UTW w Starachowicach <\/strong><\/span><\/p>\n<p style=\"margin-bottom: 0cm;\" align=\"CENTER\"><span style=\"font-size: x-large;\"><strong>dn. 25. III.2015r (\u015broda) g. 16.00 <\/strong><\/span><\/p>\n<p style=\"margin-bottom: 0cm;\" align=\"CENTER\"><span style=\"font-size: x-large;\"><strong>w sali \u201eOlimpia\u201d<\/strong><\/span><\/p>\n<p style=\"margin-bottom: 0cm;\" align=\"CENTER\">\u00a0<\/p>\n<p style=\"margin-bottom: 0cm;\" align=\"CENTER\">\u00a0<\/p>\n<ol>\n<li>\n<p style=\"margin-bottom: 0cm;\"><span style=\"font-size: x-large;\">Powo\u0142anie przewodnicz\u0105cego obrad, protokolant\u00f3w <\/span><\/p>\n<p style=\"margin-bottom: 0cm;\"><span style=\"font-size: x-large;\">i komisji uchwa\u0142 i wniosk\u00f3w.<\/span><\/p>\n<p style=\"margin-bottom: 0cm;\"><span style=\"font-size: x-large;\">\u00a0<\/span><\/p>\n<\/li>\n<li>\n<p style=\"margin-bottom: 0cm;\"><span style=\"font-size: x-large;\">Sprawozdanie z dzia\u0142alno\u015bci dydaktycznej za 2014r.<\/span><\/p>\n<p style=\"margin-bottom: 0cm;\"><span style=\"font-size: x-large;\">\u00a0\u00a0 &#8211; H. Sidor \u2013 wiceprezes.<\/span><\/p>\n<p style=\"margin-bottom: 0cm;\"><span style=\"font-size: x-large;\">\u00a0<\/span><\/p>\n<\/li>\n<li>\n<p style=\"margin-bottom: 0cm;\"><span style=\"font-size: x-large;\">Sprawozdanie finansowe za 2014 rok \u2013 R. Kasprzyk<\/span><\/p>\n<p style=\"margin-bottom: 0cm;\"><span style=\"font-size: x-large;\"> \u2013 ksi\u0119gowa.<\/span><\/p>\n<p style=\"margin-bottom: 0cm;\"><span style=\"font-size: x-large;\">\u00a0<\/span><\/p>\n<\/li>\n<li>\n<p style=\"margin-bottom: 0cm;\"><span style=\"font-size: x-large;\">Sprawozdanie z dzia\u0142alno\u015bci Zarz\u0105du za miniony rok <\/span><\/p>\n<p style=\"margin-bottom: 0cm;\"><span style=\"font-size: x-large;\">\u2013 L. E. Nowak \u2013 prezes.<\/span><\/p>\n<p style=\"margin-bottom: 0cm;\"><span style=\"font-size: x-large;\">\u00a0<\/span><\/p>\n<\/li>\n<li>\n<p style=\"margin-bottom: 0cm;\"><span style=\"font-size: x-large;\">Protok\u00f3\u0142 Komisji Rewizyjnej za 2014 rok <\/span><\/p>\n<p style=\"margin-bottom: 0cm;\"><span style=\"font-size: x-large;\">\u2013 Z. Wi\u0105czek \u2013 przewodnicz\u0105cy Komisji.<\/span><\/p>\n<p style=\"margin-bottom: 0cm;\"><span style=\"font-size: x-large;\">\u00a0<\/span><\/p>\n<\/li>\n<li>\n<p style=\"margin-bottom: 0cm;\"><span style=\"font-size: x-large;\">Dyskusja, wolne wnioski i uchwa\u0142y<\/span><\/p>\n<p style=\"margin-bottom: 0cm;\"><span style=\"font-size: x-large;\"> \u2013 przewodnicz\u0105ca Komisji Uchwa\u0142 i Wniosk\u00f3w.<\/span><\/p>\n<p style=\"margin-bottom: 0cm;\"><span style=\"font-size: x-large;\">\u00a0<\/span><\/p>\n<\/li>\n<li>\n<p style=\"margin-bottom: 0cm;\"><span style=\"font-size: x-large;\">Zapoznanie s\u0142uchaczy z projektem \u201eEdukacja<\/span><\/p>\n<p style=\"margin-bottom: 0cm;\"><span style=\"font-size: x-large;\"> przyrodnicza \u0142\u0105czy pokolenia\u201d \u2013 ASOS 2014-2020 <\/span><\/p>\n<p style=\"margin-bottom: 0cm;\"><span style=\"font-size: x-large;\">\u2013 dr K. Dutkiewicz i P. Ambroszczyk. <\/span><\/p>\n<p style=\"margin-bottom: 0cm;\"><span style=\"font-size: x-large;\">\u00a0<\/span><\/p>\n<p style=\"margin-bottom: 0cm;\"><span style=\"font-size: x-large;\">\u00a0<\/span><\/p>\n<\/li>\n<\/ol>\n<p style=\"margin-bottom: 0cm;\">\u00a0<\/p>\n","protected":false},"excerpt":{"rendered":"<p>\u00a0 \u00a0 Porz\u0105dek obrad Walnego Zgromadzenia s\u0142uchaczy UTW w Starachowicach dn. 25. III.2015r (\u015broda) g. 16.00 w sali \u201eOlimpia\u201d \u00a0 &hellip;<\/p>\n","protected":false},"author":3,"featured_media":0,"comment_status":"open","ping_status":"open","sticky":true,"template":"","format":"standard","meta":{"footnotes":""},"categories":[1],"tags":[],"_links":{"self":[{"href":"https:\/\/utwstarachowice.pl\/index.php?rest_route=\/wp\/v2\/posts\/38"}],"collection":[{"href":"https:\/\/utwstarachowice.pl\/index.php?rest_route=\/wp\/v2\/posts"}],"about":[{"href":"https:\/\/utwstarachowice.pl\/index.php?rest_route=\/wp\/v2\/types\/post"}],"author":[{"embeddable":true,"href":"https:\/\/utwstarachowice.pl\/index.php?rest_route=\/wp\/v2\/users\/3"}],"replies":[{"embeddable":true,"href":"https:\/\/utwstarachowice.pl\/index.php?rest_route=%2Fwp%2Fv2%2Fcomments&post=38"}],"version-history":[{"count":0,"href":"https:\/\/utwstarachowice.pl\/index.php?rest_route=\/wp\/v2\/posts\/38\/revisions"}],"wp:attachment":[{"href":"https:\/\/utwstarachowice.pl\/index.php?rest_route=%2Fwp%2Fv2%2Fmedia&parent=38"}],"wp:term":[{"taxonomy":"category","embeddable":true,"href":"https:\/\/utwstarachowice.pl\/index.php?rest_route=%2Fwp%2Fv2%2Fcategories&post=38"},{"taxonomy":"post_tag","embeddable":true,"href":"https:\/\/utwstarachowice.pl\/index.php?rest_route=%2Fwp%2Fv2%2Ftags&post=38"}],"curies":[{"name":"wp","href":"https:\/\/api.w.org\/{rel}","templated":true}]}}