{"id":36,"date":"2015-02-08T22:47:22","date_gmt":"2015-02-08T21:47:22","guid":{"rendered":"https:\/\/utwstarachowice.pl\/2015\/02\/08\/promocja-ii-tomiku-poezjii-sluchaczy-utw\/"},"modified":"2015-02-08T22:47:22","modified_gmt":"2015-02-08T21:47:22","slug":"promocja-ii-tomiku-poezjii-sluchaczy-utw","status":"publish","type":"post","link":"https:\/\/utwstarachowice.pl\/?p=36","title":{"rendered":"Promocja II tomiku poezjii s\u0142uchaczy UTW"},"content":{"rendered":"<p style=\"margin-bottom: 0cm;\"><span style=\"font-size: large;\"><strong>\u00a0<\/strong><\/span><\/p>\n<p style=\"margin-bottom: 0cm;\"><span style=\"font-size: large;\"><strong>\u00a0<\/strong><\/span><\/p>\n<p style=\"margin-bottom: 0cm;\"><span style=\"font-size: large;\"><strong>\u00a0\u00a0\u00a0\u00a0\u00a0\u00a0\u00a0\u00a0\u00a0\u00a0\u00a0\u00a0\u00a0\u00a0\u00a0\u00a0\u00a0\u00a0\u00a0\u00a0\u00a0\u00a0\u00a0\u00a0\u00a0\u00a0\u00a0\u00a0 Kinga Koz\u0142owska &#8211; <\/strong><\/span><span style=\"font-size: large;\"><em><strong>Sztuka \u017cycia<\/strong><\/em><\/span><\/p>\n<p style=\"margin-bottom: 0cm;\"><span style=\"font-size: large;\"><em><strong>\u00a0<\/strong><\/em><\/span><\/p>\n<p style=\"margin-bottom: 0cm;\"><span style=\"font-size: large;\"><em><strong>\u00a0<\/strong><\/em><\/span><\/p>\n<p style=\"margin-bottom: 0cm;\"><span style=\"font-size: large;\">Nasz\u0105 codzienno\u015b\u0107 zdominowa\u0142y symbole \u2013 BRAKI: BRAK CZASU, BRAK PIENI\u0118DZY, BRAK TOLERANCJI, EMPATII, \u017bYCZLIWO\u015aCI, OPTYMIZMU \u2026 (jako\u015b tak wysz\u0142o pesymistycznie na pocz\u0105tku).<\/span><\/p>\n<p style=\"margin-bottom: 0cm;\"><span style=\"font-size: large;\">Jednak nie do ko\u0144ca! Ot\u00f3\u017c pewna grupa ludzi, jak najbardziej uwik\u0142ana w te BRAKI \u2013 utka\u0142a z nich i wyda\u0142a przecudn\u0105 ksi\u0105\u017ck\u0119: <\/span><span style=\"font-size: large;\"><em><strong>\u201eJesienne t\u0119sknoty\u201d. <\/strong><\/em><\/span><span style=\"font-size: large;\">Zorganizowa\u0142a jej te\u017c niepowtarzaln\u0105 promocj\u0119. Kogo to dzisiaj, w obliczu BRAK\u00d3W sta\u0107 na taki gest? Na dodatek jeszcze \u2013 to s\u0105 wiersze!<\/span><\/p>\n<p style=\"margin-bottom: 0cm;\"><span style=\"font-size: large;\">Ano \u2013 <\/span><span style=\"font-size: large;\"><strong>Uniwersytet Trzeciego Wieku w Starachowicach.<\/strong><\/span><span style=\"font-size: large;\"> Przy zape\u0142nionej do ostatniego miejsca sali Biblioteki przy ulicy Jana Kochanowskiego, autorzy \u2013 studenci UTW recytowali swoje utwory, nagradzane burzliw\u0105 akceptacj\u0105 braw. Zas\u0142uchani go\u015bcie \u2013 w ciszy \u2013 uczestniczyli w dojrza\u0142ych przemy\u015bleniach szerokiego wachlarza temat\u00f3w: samotno\u015bci, mi\u0142o\u015bci, przemijania, rozpaczy. Pocz\u0105wszy od lirycznej <\/span><span style=\"font-size: large;\"><strong>\u201eko\u0142ysanki\u201d <\/strong><\/span><span style=\"font-size: large;\">po\u015bwi\u0119conej U\u015aPIONEJ DZIA\u0141CE \u2013 po filozoficzn\u0105 zadum\u0119 <\/span><span style=\"font-size: large;\"><strong>\u201eMy\u015bli i s\u0142\u00f3w\u201d.<\/strong><\/span><\/p>\n<p style=\"margin-bottom: 0cm;\"><span style=\"font-size: large;\">Tomik sk\u0142ada si\u0119 jakby z trzech cz\u0119\u015bci, z kt\u00f3rych ka\u017cda mog\u0142aby \u017cy\u0107 odr\u0119bnym \u017cyciem. Lepiej jednak, \u017ce s\u0105 razem.<\/span><\/p>\n<p style=\"margin-bottom: 0cm;\"><span style=\"font-size: large;\">I cz\u0119\u015b\u0107 \u2013 to wiersze i grafiki <\/span><span style=\"font-size: large;\"><strong>Adama Cie\u015blika. <\/strong><\/span><span style=\"font-size: large;\">Grafiki przyci\u0105gaj\u0105 finezj\u0105 linii, subtelno\u015bci\u0105 aluzji. S\u0105 \u015bliczne i czytelne, jak i poezje Autora.<\/span><\/p>\n<p style=\"margin-bottom: 0cm;\"><span style=\"font-size: large;\">II cz\u0119\u015b\u0107 \u2013 wiersze. Mo\u017cna si\u0119 w nich, prosz\u0119 uwierzy\u0107, zaczyta\u0107, ale lepiej zas\u0142ucha\u0107 w wykonaniu autor\u00f3w. Nie maj\u0105 nic ze sztuczno\u015bci, s\u0105 prawdziwie g\u0142\u0119boko przemy\u015blane.<\/span><\/p>\n<p style=\"margin-bottom: 0cm;\"><span style=\"font-size: large;\">III cz\u0119\u015b\u0107 \u2013 zdj\u0119cia i obrazy &#8211; ich ekspozycj\u0119 umieszczono w s\u0105siedniej sali wystaw. Wzruszaj\u0105co pi\u0119kne dzie\u0142a, zaskakuj\u0105ce uj\u0119cia zjawisk przyrody np. <\/span><span style=\"font-size: large;\"><strong>\u201eJak \u0142za\u201d, \u201ePrzemijanie\u201d, \u201eParasol\u201d, \u201eOstatni motylek\u201d. <\/strong><\/span><span style=\"font-size: large;\">Odkrywaj\u0105 miejsca, ko\u0142o kt\u00f3rych przechodzimy bez zauwa\u017cenia, albo obcujemy bardzo blisko i nie wiemy, \u017ce s\u0105 a\u017c tak pi\u0119kne<\/span><span style=\"font-size: large;\"><strong>! \u201eDroga jesieni\u0105\u201d, \u201eKaskada na Kamiennej\u201d, \u201eJesie\u0144<\/strong><\/span><span style=\"font-size: large;\"><strong>na Szlakowisku\u201d, \u201eWrzosy\u201d, \u201eS\u0142odkie malinki\u201d.<\/strong><\/span><span style=\"font-size: large;\"> No i czar romantycznych, bliskich nam miejsc: <\/span><span style=\"font-size: large;\"><strong>\u201eRomantyczny mostek\u201d, \u201eTajemniczy domek\u201d, \u201eChwyci\u0107 <\/strong><\/span><span style=\"font-size: large;\"><strong>promie\u0144 s\u0142o\u0144ca\u201d. <\/strong><\/span><span style=\"font-size: large;\">To wszystko w eleganckiej szacie graficznej, \u015bwietnym wprowadzeniu <\/span><span style=\"font-size: large;\"><strong>El\u017cbiety Nowak<\/strong><\/span><span style=\"font-size: large;\"> i recenzji <\/span><span style=\"font-size: large;\"><strong>dr Alicji Krawczyk.<\/strong><\/span><\/p>\n<p style=\"margin-bottom: 0cm;\"><span style=\"font-size: large;\"><strong>\u00a0<\/strong><\/span><\/p>\n<p style=\"margin-bottom: 0cm;\"><span style=\"font-size: large;\"><strong>\u00a0<\/strong><\/span><\/p>\n<p style=\"margin-bottom: 0cm;\"><span style=\"font-size: large;\"><strong>\u00a0<\/strong><\/span><\/p>\n","protected":false},"excerpt":{"rendered":"<p>\u00a0 \u00a0 \u00a0\u00a0\u00a0\u00a0\u00a0\u00a0\u00a0\u00a0\u00a0\u00a0\u00a0\u00a0\u00a0\u00a0\u00a0\u00a0\u00a0\u00a0\u00a0\u00a0\u00a0\u00a0\u00a0\u00a0\u00a0\u00a0\u00a0\u00a0 Kinga Koz\u0142owska &#8211; Sztuka \u017cycia \u00a0 \u00a0 Nasz\u0105 codzienno\u015b\u0107 zdominowa\u0142y symbole \u2013 BRAKI: BRAK CZASU, BRAK PIENI\u0118DZY, &hellip;<\/p>\n","protected":false},"author":3,"featured_media":0,"comment_status":"open","ping_status":"open","sticky":true,"template":"","format":"standard","meta":{"footnotes":""},"categories":[1],"tags":[],"_links":{"self":[{"href":"https:\/\/utwstarachowice.pl\/index.php?rest_route=\/wp\/v2\/posts\/36"}],"collection":[{"href":"https:\/\/utwstarachowice.pl\/index.php?rest_route=\/wp\/v2\/posts"}],"about":[{"href":"https:\/\/utwstarachowice.pl\/index.php?rest_route=\/wp\/v2\/types\/post"}],"author":[{"embeddable":true,"href":"https:\/\/utwstarachowice.pl\/index.php?rest_route=\/wp\/v2\/users\/3"}],"replies":[{"embeddable":true,"href":"https:\/\/utwstarachowice.pl\/index.php?rest_route=%2Fwp%2Fv2%2Fcomments&post=36"}],"version-history":[{"count":0,"href":"https:\/\/utwstarachowice.pl\/index.php?rest_route=\/wp\/v2\/posts\/36\/revisions"}],"wp:attachment":[{"href":"https:\/\/utwstarachowice.pl\/index.php?rest_route=%2Fwp%2Fv2%2Fmedia&parent=36"}],"wp:term":[{"taxonomy":"category","embeddable":true,"href":"https:\/\/utwstarachowice.pl\/index.php?rest_route=%2Fwp%2Fv2%2Fcategories&post=36"},{"taxonomy":"post_tag","embeddable":true,"href":"https:\/\/utwstarachowice.pl\/index.php?rest_route=%2Fwp%2Fv2%2Ftags&post=36"}],"curies":[{"name":"wp","href":"https:\/\/api.w.org\/{rel}","templated":true}]}}