{"id":35,"date":"2015-01-20T15:26:18","date_gmt":"2015-01-20T14:26:18","guid":{"rendered":"https:\/\/utwstarachowice.pl\/2015\/01\/20\/spotkanie-integracyjne\/"},"modified":"2015-01-20T15:26:18","modified_gmt":"2015-01-20T14:26:18","slug":"spotkanie-integracyjne","status":"publish","type":"post","link":"https:\/\/utwstarachowice.pl\/?p=35","title":{"rendered":"Spotkanie integracyjne"},"content":{"rendered":"<p>\u00a0<\/p>\n<p>\u00a0<\/p>\n<p>\u00a0\u00a0\u00a0\u00a0\u00a0\u00a0\u00a0\u00a0\u00a0\u00a0\u00a0\u00a0\u00a0\u00a0\u00a0\u00a0\u00a0\u00a0\u00a0 \u00a0 \u00a0 \u00a0\u00a0 <strong><span style=\"font-size: medium;\">&#8221; Kol\u0119dujmy wszyscy wraz, bo kol\u0119dy nadszed\u0142 czas &#8230;&#8230;.&#8221;<\/span><\/strong><\/p>\n<p>\u00a0<\/p>\n<p>\u00a0\u00a0\u00a0\u00a0\u00a0\u00a0\u00a0\u00a0\u00a0\u00a0\u00a0\u00a0\u00a0\u00a0\u00a0\u00a0\u00a0\u00a0\u00a0\u00a0\u00a0 W dn. 09.01.2015 r. uczestniczy\u0142am w\u00a0 \u015bwi\u0105teczno &#8211; noworocznym spotkaniu s\u0142uchaczy<\/p>\n<p>\u00a0\u00a0\u00a0\u00a0\u00a0\u00a0\u00a0\u00a0\u00a0\u00a0\u00a0\u00a0\u00a0 naszego UTW, kt\u00f3re odby\u0142o si\u0119 w Zespole Szk\u00f3\u0142 Zawodowych nr 1. Dzi\u0119ki uprzejmo\u015bci Pani<\/p>\n<p>\u00a0\u00a0\u00a0\u00a0\u00a0\u00a0\u00a0\u00a0\u00a0\u00a0\u00a0\u00a0\u00a0 Dyrektor oraz grupie uczni\u00f3w pracuj\u0105cych pod fachowym okiem nauczycielki praktycznej nauki<\/p>\n<p>\u00a0\u00a0\u00a0\u00a0\u00a0\u00a0\u00a0\u00a0\u00a0\u00a0\u00a0\u00a0\u00a0 zawodu stworzona zosta\u0142a wspania\u0142a \u015bwi\u0105teczna oprawa : pi\u0119knie nakryte sto\u0142y, okoliczno\u015bciowe<\/p>\n<p>\u00a0\u00a0\u00a0\u00a0\u00a0\u00a0\u00a0\u00a0\u00a0\u00a0\u00a0\u00a0\u00a0 dekoracje oraz smakowite wigilijne potrawy. Harcerze z dru\u017cyny Watahy przekazali Betlejemskie<\/p>\n<p>\u00a0\u00a0\u00a0\u00a0\u00a0\u00a0\u00a0\u00a0\u00a0\u00a0\u00a0\u00a0\u00a0 \u015awiate\u0142ko Pokoju i z\u0142o\u017cyli pi\u0119kne \u017cyczenia noworoczne wszystkim uczestnikom spotkania. Mi\u0142\u0105<\/p>\n<p>\u00a0\u00a0\u00a0\u00a0\u00a0\u00a0\u00a0\u00a0\u00a0\u00a0\u00a0\u00a0\u00a0 niespodziank\u0105 by\u0142a wizyta uczni\u00f3w Szko\u0142y Podst. nr 9, kt\u00f3rzy przedstawili &#8222;jase\u0142ka&#8221;. Swoim<\/p>\n<p>\u00a0\u00a0\u00a0\u00a0\u00a0\u00a0\u00a0\u00a0\u00a0\u00a0\u00a0\u00a0\u00a0 wyst\u0119pem, pi\u0119kn\u0105 recytacj\u0105 d\u0142ugich tekst\u00f3w, \u015bpiewem, swobod\u0105 wykonania i strojami zachwycili<\/p>\n<p>\u00a0\u00a0\u00a0\u00a0\u00a0\u00a0\u00a0\u00a0\u00a0\u00a0\u00a0\u00a0\u00a0 wszystkich. Wraz ze szkolnym ch\u00f3rem \u015bpiewali\u015bmy znane i lubiane kol\u0119dy. Nale\u017cy pogratulowa\u0107<\/p>\n<p>\u00a0\u00a0\u00a0\u00a0\u00a0\u00a0\u00a0\u00a0\u00a0\u00a0\u00a0\u00a0\u00a0 i podzi\u0119kowa\u0107 nauczycielom przygotowuj\u0105cym ten program. By\u0142 naprawd\u0119 wspania\u0142y.<\/p>\n<p>\u00a0\u00a0\u00a0\u00a0\u00a0\u00a0\u00a0\u00a0\u00a0\u00a0\u00a0\u00a0\u00a0\u00a0\u00a0\u00a0\u00a0\u00a0 Naszymi go\u015b\u0107mi byli r\u00f3wnie\u017c zaprzyja\u017anieni s\u0142uchacze UTW ze Skar\u017cyska &#8211; Kamiennej.<\/p>\n<p>\u00a0\u00a0\u00a0\u00a0\u00a0\u00a0\u00a0\u00a0\u00a0\u00a0\u00a0\u00a0\u00a0 Cz\u0142onkowie Teatru S\u0142owa przedstawili pastora\u0142k\u0119, w trakcie kt\u00f3rej by\u0142o te\u017c wsp\u00f3lne kol\u0119dowanie.<\/p>\n<p>\u00a0\u00a0\u00a0\u00a0\u00a0\u00a0\u00a0\u00a0\u00a0\u00a0\u00a0\u00a0\u00a0\u00a0\u00a0\u00a0\u00a0\u00a0\u00a0 Tego wieczoru nie zabrak\u0142o dzielenia si\u0119 op\u0142atkiem i wielu wzajemnych \u017cycze\u0144 noworocznych,<\/p>\n<p>\u00a0\u00a0\u00a0\u00a0\u00a0\u00a0\u00a0\u00a0\u00a0\u00a0\u00a0\u00a0\u00a0 szczeg\u00f3lnie dotycz\u0105cych dobrego zdrowia, pomy\u015blno\u015bci i dalszego uczestnictwa w UTW.<\/p>\n<p>\u00a0\u00a0\u00a0\u00a0\u00a0\u00a0\u00a0\u00a0\u00a0\u00a0\u00a0\u00a0\u00a0<\/p>\n<p>\u00a0\u00a0\u00a0\u00a0\u00a0\u00a0\u00a0\u00a0\u00a0\u00a0\u00a0\u00a0\u00a0\u00a0\u00a0\u00a0\u00a0\u00a0 Do zobaczenia na nast\u0119pnym tak mi\u0142ym spotkaniu, bo wszyscy s\u0142uchacze to jedna Rodzina&#8230;&#8230;<\/p>\n<p>\u00a0<\/p>\n<p>\u00a0\u00a0\u00a0\u00a0\u00a0\u00a0\u00a0\u00a0\u00a0\u00a0\u00a0\u00a0\u00a0\u00a0\u00a0\u00a0\u00a0\u00a0\u00a0\u00a0\u00a0\u00a0\u00a0\u00a0\u00a0\u00a0\u00a0\u00a0\u00a0\u00a0\u00a0\u00a0\u00a0\u00a0\u00a0\u00a0\u00a0\u00a0\u00a0\u00a0\u00a0\u00a0\u00a0\u00a0\u00a0\u00a0\u00a0\u00a0\u00a0\u00a0\u00a0\u00a0\u00a0\u00a0\u00a0\u00a0\u00a0\u00a0\u00a0\u00a0\u00a0 \u00a0 \u00a0 \u00a0 \u00a0 \u00a0 \u00a0 \u00a0 \u00a0 \u00a0 \u00a0 \u00a0 \u00a0 \u00a0\u00a0 Z pozdrowieniami\u00a0\u00a0 Barbara G\u0142uchowska<\/p>\n<p>\u00a0\u00a0\u00a0\u00a0\u00a0\u00a0\u00a0\u00a0\u00a0\u00a0\u00a0\u00a0\u00a0\u00a0\u00a0\u00a0<\/p>\n<p>\u00a0<\/p>\n","protected":false},"excerpt":{"rendered":"<p>\u00a0 \u00a0 \u00a0\u00a0\u00a0\u00a0\u00a0\u00a0\u00a0\u00a0\u00a0\u00a0\u00a0\u00a0\u00a0\u00a0\u00a0\u00a0\u00a0\u00a0\u00a0 \u00a0 \u00a0 \u00a0\u00a0 &#8221; Kol\u0119dujmy wszyscy wraz, bo kol\u0119dy nadszed\u0142 czas &#8230;&#8230;.&#8221; \u00a0 \u00a0\u00a0\u00a0\u00a0\u00a0\u00a0\u00a0\u00a0\u00a0\u00a0\u00a0\u00a0\u00a0\u00a0\u00a0\u00a0\u00a0\u00a0\u00a0\u00a0\u00a0 W dn. 09.01.2015 &hellip;<\/p>\n","protected":false},"author":3,"featured_media":0,"comment_status":"open","ping_status":"open","sticky":true,"template":"","format":"standard","meta":{"footnotes":""},"categories":[1],"tags":[],"_links":{"self":[{"href":"https:\/\/utwstarachowice.pl\/index.php?rest_route=\/wp\/v2\/posts\/35"}],"collection":[{"href":"https:\/\/utwstarachowice.pl\/index.php?rest_route=\/wp\/v2\/posts"}],"about":[{"href":"https:\/\/utwstarachowice.pl\/index.php?rest_route=\/wp\/v2\/types\/post"}],"author":[{"embeddable":true,"href":"https:\/\/utwstarachowice.pl\/index.php?rest_route=\/wp\/v2\/users\/3"}],"replies":[{"embeddable":true,"href":"https:\/\/utwstarachowice.pl\/index.php?rest_route=%2Fwp%2Fv2%2Fcomments&post=35"}],"version-history":[{"count":0,"href":"https:\/\/utwstarachowice.pl\/index.php?rest_route=\/wp\/v2\/posts\/35\/revisions"}],"wp:attachment":[{"href":"https:\/\/utwstarachowice.pl\/index.php?rest_route=%2Fwp%2Fv2%2Fmedia&parent=35"}],"wp:term":[{"taxonomy":"category","embeddable":true,"href":"https:\/\/utwstarachowice.pl\/index.php?rest_route=%2Fwp%2Fv2%2Fcategories&post=35"},{"taxonomy":"post_tag","embeddable":true,"href":"https:\/\/utwstarachowice.pl\/index.php?rest_route=%2Fwp%2Fv2%2Ftags&post=35"}],"curies":[{"name":"wp","href":"https:\/\/api.w.org\/{rel}","templated":true}]}}