{"id":33,"date":"2014-10-05T14:25:32","date_gmt":"2014-10-05T12:25:32","guid":{"rendered":"https:\/\/utwstarachowice.pl\/2014\/10\/05\/wycieczka-na-sw-krzyz\/"},"modified":"2014-10-05T14:25:32","modified_gmt":"2014-10-05T12:25:32","slug":"wycieczka-na-sw-krzyz","status":"publish","type":"post","link":"https:\/\/utwstarachowice.pl\/?p=33","title":{"rendered":"Wycieczka na \u015bw. Krzy\u017c"},"content":{"rendered":"<p class=\"Standard\">\u00a0<\/p>\n<p class=\"Standard\">\u00a0<\/p>\n<p class=\"Standard\">\u00a013.09.2014 r. 36 osobowa grupa s\u0142uchaczy UTW uczestniczy\u0142a w niezwyk\u0142ym wydarzeniu, jakim by\u0142a pierwsza w historii okazja zobaczenia jednego z najwi\u0119kszych skarb\u00f3w kultury \u2013 orygina\u0142u \u201eKaza\u0144 \u015bwi\u0119tokrzyskich\u201d, kt\u00f3re wr\u00f3ci\u0142y do sanktuarium na \u015bw. Krzy\u017cu. Mieli\u015bmy te\u017c mo\u017cliwo\u015b\u0107 wys\u0142uchania wyk\u0142adu po\u015bwi\u0119conego \u201eKazaniom\u201d. Weszli\u015bmy na platform\u0119 widokow\u0105 \u015bwie\u017co odbudowanej wie\u017cy ko\u015bcielnej, sk\u0105d podziwiali\u015bmy przepi\u0119kn\u0105 panoram\u0119 G\u00f3r \u015awi\u0119tokrzyskich.<\/p>\n<p class=\"Standard\">\u00a0\u00a0\u00a0\u00a0\u00a0\u00a0\u00a0\u00a0\u00a0\u00a0\u00a0 Dzi\u0119ki informacjom przewodnika wzbogacili\u015bmy nasz\u0105 wiedz\u0119 o dziejach klasztoru i relikwii Drzewa Krzy\u017ca \u015awi\u0119tego.<\/p>\n<p class=\"Standard\">\u00a0\u00a0\u00a0\u00a0\u00a0\u00a0\u00a0\u00a0\u00a0\u00a0\u00a0 \u00a0Ostatnim punktem wycieczki by\u0142 pobyt w Parku miniatur w Krajnie.<\/p>\n<p class=\"Standard\">\u00a0<\/p>\n<p class=\"Standard\">\u00a0\u00a0\u00a0\u00a0\u00a0\u00a0\u00a0\u00a0\u00a0\u00a0\u00a0\u00a0\u00a0\u00a0\u00a0\u00a0\u00a0\u00a0\u00a0\u00a0\u00a0\u00a0\u00a0 Pe\u0142ni wra\u017ce\u0144 duchowych i estetycznych wr\u00f3cili\u015bmy do Starachowic.<\/p>\n<p class=\"Standard\">\u00a0<\/p>\n<p class=\"Standard\">\u00a0<\/p>\n<p class=\"Standard\">\u00a0\u00a0\u00a0\u00a0\u00a0\u00a0\u00a0\u00a0\u00a0\u00a0\u00a0\u00a0\u00a0\u00a0\u00a0\u00a0\u00a0\u00a0\u00a0\u00a0\u00a0\u00a0\u00a0\u00a0\u00a0\u00a0\u00a0\u00a0\u00a0\u00a0\u00a0\u00a0\u00a0\u00a0\u00a0\u00a0\u00a0\u00a0\u00a0\u00a0\u00a0\u00a0\u00a0\u00a0\u00a0\u00a0\u00a0\u00a0\u00a0\u00a0\u00a0\u00a0\u00a0\u00a0\u00a0\u00a0\u00a0\u00a0\u00a0\u00a0\u00a0\u00a0\u00a0\u00a0\u00a0\u00a0\u00a0\u00a0\u00a0\u00a0\u00a0\u00a0\u00a0\u00a0\u00a0\u00a0\u00a0\u00a0\u00a0\u00a0\u00a0\u00a0\u00a0\u00a0\u00a0\u00a0\u00a0\u00a0\u00a0\u00a0\u00a0\u00a0\u00a0\u00a0\u00a0\u00a0\u00a0\u00a0\u00a0\u00a0\u00a0\u00a0\u00a0\u00a0\u00a0\u00a0\u00a0\u00a0\u00a0\u00a0\u00a0\u00a0\u00a0\u00a0\u00a0\u00a0\u00a0 Halina Sidor<\/p>\n<p class=\"Standard\">\u00a0<\/p>\n<p class=\"Standard\">\u00a0<\/p>\n<p class=\"Standard\">\u00a0<\/p>\n<p class=\"Standard\">\u00a0<\/p>\n","protected":false},"excerpt":{"rendered":"<p>\u00a0 \u00a0 \u00a013.09.2014 r. 36 osobowa grupa s\u0142uchaczy UTW uczestniczy\u0142a w niezwyk\u0142ym wydarzeniu, jakim by\u0142a pierwsza w historii okazja zobaczenia &hellip;<\/p>\n","protected":false},"author":3,"featured_media":0,"comment_status":"open","ping_status":"open","sticky":false,"template":"","format":"standard","meta":{"footnotes":""},"categories":[1],"tags":[],"_links":{"self":[{"href":"https:\/\/utwstarachowice.pl\/index.php?rest_route=\/wp\/v2\/posts\/33"}],"collection":[{"href":"https:\/\/utwstarachowice.pl\/index.php?rest_route=\/wp\/v2\/posts"}],"about":[{"href":"https:\/\/utwstarachowice.pl\/index.php?rest_route=\/wp\/v2\/types\/post"}],"author":[{"embeddable":true,"href":"https:\/\/utwstarachowice.pl\/index.php?rest_route=\/wp\/v2\/users\/3"}],"replies":[{"embeddable":true,"href":"https:\/\/utwstarachowice.pl\/index.php?rest_route=%2Fwp%2Fv2%2Fcomments&post=33"}],"version-history":[{"count":0,"href":"https:\/\/utwstarachowice.pl\/index.php?rest_route=\/wp\/v2\/posts\/33\/revisions"}],"wp:attachment":[{"href":"https:\/\/utwstarachowice.pl\/index.php?rest_route=%2Fwp%2Fv2%2Fmedia&parent=33"}],"wp:term":[{"taxonomy":"category","embeddable":true,"href":"https:\/\/utwstarachowice.pl\/index.php?rest_route=%2Fwp%2Fv2%2Fcategories&post=33"},{"taxonomy":"post_tag","embeddable":true,"href":"https:\/\/utwstarachowice.pl\/index.php?rest_route=%2Fwp%2Fv2%2Ftags&post=33"}],"curies":[{"name":"wp","href":"https:\/\/api.w.org\/{rel}","templated":true}]}}