{"id":29,"date":"2013-09-09T08:57:29","date_gmt":"2013-09-09T06:57:29","guid":{"rendered":"https:\/\/utwstarachowice.pl\/2013\/09\/09\/czytanie-noca\/"},"modified":"2013-09-09T08:57:29","modified_gmt":"2013-09-09T06:57:29","slug":"czytanie-noca","status":"publish","type":"post","link":"https:\/\/utwstarachowice.pl\/?p=29","title":{"rendered":"Nasze  propozycje"},"content":{"rendered":"<p>\u00a0<\/p>\n<p>\u00a0\u00a0\u00a0\u00a0\u00a0\u00a0\u00a0\u00a0\u00a0<\/p>\n<p>\u00a0<\/p>\n<p>\u00a0<\/p>\n<p>Proponujemy zaj\u0119cia w nast\u0119puj\u0105cych sekcjach :<\/p>\n<p>\u00a0<\/p>\n<p>1.\u00a0 Filozoficzno &#8211; psychologiczna<\/p>\n<p>\u00a0\u00a0\u00a0\u00a0 zaj\u0119cia\u00a0 odbywaj\u0105 si\u0119 w ;<\/p>\n<p>\u00a0\u00a0\u00a0\u00a0\u00a0\u00a0\u00a0\u00a0\u00a0\u00a0\u00a0\u00a0\u00a0\u00a0\u00a0\u00a0\u00a0\u00a0\u00a0\u00a0\u00a0\u00a0\u00a0\u00a0\u00a0\u00a0\u00a0\u00a0\u00a0\u00a0\u00a0\u00a0\u00a0\u00a0\u00a0\u00a0 \u015aroda\u00a0 godz. 17<sup>00<\/sup> &#8211; 18<sup>30<\/sup>\u00a0 &#8211; w szkole podst. nr 12<\/p>\n<p>\u00a0\u00a0\u00a0\u00a0\u00a0\u00a0\u00a0\u00a0\u00a0\u00a0\u00a0\u00a0\u00a0\u00a0\u00a0\u00a0\u00a0\u00a0\u00a0\u00a0\u00a0\u00a0\u00a0\u00a0\u00a0\u00a0\u00a0\u00a0\u00a0\u00a0\u00a0\u00a0\u00a0\u00a0\u00a0\u00a0 pi\u0105tek\u00a0 godz. 9<sup>30<\/sup>\u00a0 &#8211; 11<sup>00<\/sup>\u00a0 &#8211; w ZSZ nr 3 ul. Szkolna<\/p>\n<p>2. Humanistyczne :<\/p>\n<p>\u00a0\u00a0 &#8211; literacka : w roku 2014\/15<\/p>\n<p>\u00a0\u00a0 &#8211; historyczna :<\/p>\n<p>\u00a0\u00a0\u00a0\u00a0\u00a0\u00a0\u00a0\u00a0\u00a0\u00a0\u00a0\u00a0\u00a0\u00a0\u00a0\u00a0\u00a0\u00a0\u00a0\u00a0 zaj\u0119cia odbywaj\u0105 si\u0119 we wtorek godz. 16<sup>30<\/sup> &#8211; 17<sup>30<\/sup> w szk. podst. nr 12<\/p>\n<p>\u00a0\u00a0 &#8211; kultura narod\u00f3w :<\/p>\n<p>\u00a0\u00a0\u00a0\u00a0\u00a0\u00a0\u00a0\u00a0\u00a0\u00a0\u00a0\u00a0\u00a0\u00a0\u00a0\u00a0\u00a0\u00a0\u00a0\u00a0\u00a0 zaj\u0119cia odbywaj\u0105 si\u0119 w \u015brod\u0119 godz. 15<sup>30<\/sup> &#8211; 17<sup>00<\/sup> w szk. podst. nr 12<\/p>\n<p>\u00a0\u00a0 &#8211; historia sztuki :<\/p>\n<p>\u00a0\u00a0\u00a0\u00a0\u00a0\u00a0\u00a0\u00a0\u00a0\u00a0\u00a0\u00a0\u00a0\u00a0\u00a0\u00a0\u00a0\u00a0\u00a0\u00a0\u00a0 zaj\u0119cia odbywaj\u0105 si\u0119 we wtorek &#8211; 1 raz w miesi\u0105cu godz. 16<sup>00<\/sup> w ZSZ nr 3 ul. Szkolna<\/p>\n<p>\u00a0\u00a0 &#8211; Dyskusyjny Klub Ksi\u0105\u017cki :<\/p>\n<p>\u00a0\u00a0\u00a0\u00a0\u00a0\u00a0\u00a0\u00a0\u00a0\u00a0\u00a0\u00a0\u00a0\u00a0\u00a0\u00a0\u00a0\u00a0\u00a0\u00a0\u00a0 zaj\u0119cia w ostatni czwartek miesi\u0105ca godz. 16<sup>00<\/sup> w Bibliotece Miejskiej ul Staszica<\/p>\n<p>3. Informatyczne :<\/p>\n<p>\u00a0\u00a0\u00a0\u00a0\u00a0\u00a0\u00a0\u00a0\u00a0\u00a0\u00a0\u00a0\u00a0\u00a0\u00a0\u00a0\u00a0\u00a0\u00a0\u00a0\u00a0 zaj\u0119cia odbywaj\u0105 si\u0119 w :\u00a0 poniedzia\u0142ek godz. 9<sup>00 <\/sup>&#8211; 10<sup>30<\/sup> w Bibl. Miejskiej ul. Kochanowskiego<\/p>\n<p>\u00a0\u00a0\u00a0\u00a0\u00a0\u00a0\u00a0\u00a0\u00a0\u00a0\u00a0\u00a0\u00a0\u00a0\u00a0\u00a0\u00a0\u00a0\u00a0\u00a0\u00a0\u00a0\u00a0\u00a0\u00a0\u00a0\u00a0\u00a0\u00a0\u00a0\u00a0\u00a0\u00a0\u00a0\u00a0\u00a0\u00a0\u00a0\u00a0\u00a0\u00a0\u00a0\u00a0\u00a0\u00a0\u00a0\u00a0\u00a0\u00a0\u00a0\u00a0\u00a0\u00a0\u00a0\u00a0\u00a0\u00a0\u00a0\u00a0\u00a0\u00a0\u00a0\u00a0\u00a0\u00a0\u00a0\u00a0\u00a0\u00a0 godz. 10<sup>30<\/sup> &#8211; 12<sup>00<\/sup> w Bibl. Miejskiej ul. Kochanowskiego<\/p>\n<p>\u00a0\u00a0\u00a0\u00a0\u00a0\u00a0\u00a0\u00a0\u00a0\u00a0\u00a0\u00a0\u00a0\u00a0\u00a0\u00a0\u00a0\u00a0\u00a0\u00a0\u00a0\u00a0\u00a0\u00a0\u00a0\u00a0\u00a0\u00a0\u00a0\u00a0\u00a0\u00a0\u00a0\u00a0\u00a0\u00a0\u00a0\u00a0\u00a0\u00a0\u00a0\u00a0\u00a0\u00a0\u00a0\u00a0\u00a0\u00a0\u00a0\u00a0\u00a0\u00a0 poniedzia\u0142ek godz. 16<sup>00<\/sup> &#8211; 17<sup>30<\/sup>\u00a0 w Liceum Og\u00f3lnoksz. nr 1<\/p>\n<p>\u00a0\u00a0\u00a0\u00a0\u00a0\u00a0\u00a0\u00a0\u00a0\u00a0\u00a0\u00a0\u00a0\u00a0\u00a0\u00a0\u00a0\u00a0\u00a0\u00a0\u00a0\u00a0\u00a0\u00a0\u00a0\u00a0\u00a0\u00a0\u00a0\u00a0\u00a0\u00a0\u00a0\u00a0\u00a0 czwartek ( latarnicy )\u00a0 godz. 10<sup>00<\/sup> &#8211; 11<sup>30<\/sup> \u00a0 w Bibl. Miejskiej ul. Kochanowskiego<\/p>\n<p>4. J\u0119zykowa :<\/p>\n<p>\u00a0\u00a0 &#8211; j\u0119z. angielski : wszystkie zaj\u0119cia w Szkole j\u0119zykowej &#8222;Lingua&#8221; ul. Mrozowskiego<\/p>\n<p>\u00a0\u00a0\u00a0\u00a0\u00a0\u00a0\u00a0\u00a0\u00a0\u00a0\u00a0\u00a0\u00a0\u00a0\u00a0\u00a0\u00a0\u00a0 wtorek godz : 9<sup>00<\/sup> &#8211; 10<sup>30<\/sup>,\u00a0 10<sup>30<\/sup> &#8211; 12<sup>00<\/sup>,\u00a0 12<sup>00<\/sup> &#8211; 13<sup>30<\/sup>,\u00a0 13<sup>30<\/sup> &#8211; 14<sup>30<\/sup><\/p>\n<p>\u00a0\u00a0\u00a0\u00a0\u00a0\u00a0\u00a0\u00a0\u00a0\u00a0\u00a0\u00a0\u00a0\u00a0\u00a0\u00a0\u00a0\u00a0 czwartek godz. 11<sup>00<\/sup> &#8211; 12<sup>30<\/sup>, 12 <sup>30<\/sup> &#8211; 14<sup>00 <\/sup>.<\/p>\n<p>\u00a0 &#8211; niemiecki :<\/p>\n<p>\u00a0\u00a0\u00a0\u00a0\u00a0\u00a0\u00a0\u00a0\u00a0\u00a0\u00a0\u00a0\u00a0\u00a0\u00a0\u00a0\u00a0\u00a0 zaj\u0119cia odbywaj\u0105 si\u0119 we wtorek godz. 10<sup>00<\/sup> &#8211; 11<sup>30<\/sup> Liceum Og\u00f3lokszt. Nr 3 ul. Graniczna<\/p>\n<p>\u00a0\u00a0\u00a0\u00a0\u00a0\u00a0\u00a0\u00a0\u00a0\u00a0\u00a0\u00a0\u00a0\u00a0\u00a0\u00a0\u00a0\u00a0\u00a0\u00a0\u00a0\u00a0\u00a0\u00a0\u00a0\u00a0\u00a0\u00a0\u00a0\u00a0\u00a0\u00a0\u00a0\u00a0\u00a0\u00a0\u00a0\u00a0\u00a0\u00a0\u00a0\u00a0\u00a0\u00a0\u00a0\u00a0\u00a0\u00a0\u00a0\u00a0\u00a0\u00a0\u00a0\u00a0\u00a0\u00a0\u00a0\u00a0\u00a0\u00a0\u00a0\u00a0 godz. 11<sup>30<\/sup> &#8211; 13<sup>00<\/sup> Liceum Og\u00f3lokszt. Nr 3 ul. Graniczna \u00a0\u00a0\u00a0\u00a0<\/p>\n<p>\u00a0\u00a0\u00a0\u00a0\u00a0\u00a0\u00a0\u00a0\u00a0\u00a0\u00a0\u00a0\u00a0\u00a0\u00a0\u00a0\u00a0\u00a0\u00a0\u00a0\u00a0\u00a0\u00a0\u00a0\u00a0\u00a0\u00a0\u00a0\u00a0\u00a0\u00a0\u00a0\u00a0\u00a0\u00a0\u00a0\u00a0\u00a0\u00a0\u00a0\u00a0\u00a0\u00a0\u00a0\u00a0\u00a0\u00a0\u00a0\u00a0\u00a0\u00a0\u00a0\u00a0 \u015broda\u00a0 godz. 16<sup>00<\/sup> &#8211; 17<sup>30<\/sup> Liceum Og\u00f3lnokszt.Nr.3 ul. Graniczna<\/p>\n<p>\u00a0 &#8211; w\u0142oski :<\/p>\n<p>\u00a0\u00a0\u00a0\u00a0\u00a0\u00a0\u00a0\u00a0\u00a0\u00a0\u00a0\u00a0\u00a0\u00a0\u00a0\u00a0\u00a0\u00a0 zaj\u0119cia odbywaj\u0105 si\u0119 w czwartek godz. 15<sup>00<\/sup> &#8211; 16<sup>00<\/sup> Zesp. Szk\u00f3\u0142 Zawod. nr 3 ul. Szkolna<\/p>\n<p>5. Przyrodniczo &#8211; geograficzna:<\/p>\n<p>\u00a0\u00a0\u00a0\u00a0\u00a0\u00a0\u00a0\u00a0\u00a0\u00a0\u00a0\u00a0\u00a0\u00a0\u00a0\u00a0\u00a0\u00a0 zaj\u0119cia odbywaj\u0105 si\u0119 w poniedzia\u0142ek godz. 11<sup>30<\/sup> &#8211; 13<sup>00<\/sup> w Zesp. Szk\u00f3\u0142 Zawod. nr 3 ul. Szkolna<\/p>\n<p>6. Zaj\u0119cia kulinarne.<\/p>\n<p>\u00a0<\/p>\n<p>\u00a0\u00a0\u00a0\u00a0\u00a0\u00a0\u00a0\u00a0\u00a0\u00a0\u00a0\u00a0\u00a0\u00a0\u00a0\u00a0\u00a0\u00a0\u00a0\u00a0\u00a0\u00a0\u00a0\u00a0\u00a0\u00a0<\/p>\n","protected":false},"excerpt":{"rendered":"<p>\u00a0 \u00a0\u00a0\u00a0\u00a0\u00a0\u00a0\u00a0\u00a0\u00a0 \u00a0 \u00a0 Proponujemy zaj\u0119cia w nast\u0119puj\u0105cych sekcjach : \u00a0 1.\u00a0 Filozoficzno &#8211; psychologiczna \u00a0\u00a0\u00a0\u00a0 zaj\u0119cia\u00a0 odbywaj\u0105 si\u0119 w &hellip;<\/p>\n","protected":false},"author":3,"featured_media":0,"comment_status":"open","ping_status":"open","sticky":true,"template":"","format":"standard","meta":{"footnotes":""},"categories":[1],"tags":[],"_links":{"self":[{"href":"https:\/\/utwstarachowice.pl\/index.php?rest_route=\/wp\/v2\/posts\/29"}],"collection":[{"href":"https:\/\/utwstarachowice.pl\/index.php?rest_route=\/wp\/v2\/posts"}],"about":[{"href":"https:\/\/utwstarachowice.pl\/index.php?rest_route=\/wp\/v2\/types\/post"}],"author":[{"embeddable":true,"href":"https:\/\/utwstarachowice.pl\/index.php?rest_route=\/wp\/v2\/users\/3"}],"replies":[{"embeddable":true,"href":"https:\/\/utwstarachowice.pl\/index.php?rest_route=%2Fwp%2Fv2%2Fcomments&post=29"}],"version-history":[{"count":0,"href":"https:\/\/utwstarachowice.pl\/index.php?rest_route=\/wp\/v2\/posts\/29\/revisions"}],"wp:attachment":[{"href":"https:\/\/utwstarachowice.pl\/index.php?rest_route=%2Fwp%2Fv2%2Fmedia&parent=29"}],"wp:term":[{"taxonomy":"category","embeddable":true,"href":"https:\/\/utwstarachowice.pl\/index.php?rest_route=%2Fwp%2Fv2%2Fcategories&post=29"},{"taxonomy":"post_tag","embeddable":true,"href":"https:\/\/utwstarachowice.pl\/index.php?rest_route=%2Fwp%2Fv2%2Ftags&post=29"}],"curies":[{"name":"wp","href":"https:\/\/api.w.org\/{rel}","templated":true}]}}