{"id":28,"date":"2013-07-04T10:46:10","date_gmt":"2013-07-04T08:46:10","guid":{"rendered":"https:\/\/utwstarachowice.pl\/2013\/07\/04\/rajd-nordic-walking\/"},"modified":"2013-07-04T10:46:10","modified_gmt":"2013-07-04T08:46:10","slug":"rajd-nordic-walking","status":"publish","type":"post","link":"https:\/\/utwstarachowice.pl\/?p=28","title":{"rendered":"Rajd Nordic Walking"},"content":{"rendered":"<p style=\"margin-bottom: 0cm;\">\u00a0\u00a0\u00a0\u00a0\u00a0\u00a0\u00a0\u00a0\u00a0 W dniu <strong>14.czerwca 2013 r<\/strong>. odby\u0142 si\u0119 Rajd Nordic Walking zorganizowany przez nasz UTW w ramach projektu wsp\u00f3\u0142finansowanego przez Starostwo Powiatowe i Urz\u0105d Miasta w Starachowicach.<\/p>\n<p style=\"margin-bottom: 0cm;\">\u00a0\u00a0\u00a0\u00a0\u00a0\u00a0\u00a0\u00a0 Ze Starachowic 60 \u2013 ciu uczestnik\u00f3w rajdu wyjecha\u0142o o godz. 9<sup>00<\/sup> wynaj\u0119tym przez organizatora autobusem, na pocz\u0105tek tras. Oko\u0142o godz. 10<sup>00<\/sup> wyruszyli\u015bmy na trasy :<\/p>\n<p style=\"margin-bottom: 0cm;\">\u00a0<\/p>\n<p style=\"margin-bottom: 0cm; text-align: center;\"><img loading=\"lazy\" decoding=\"async\" class=\" size-full wp-image-16\" src=\"https:\/\/utwstarachowice.pl\/wp-content\/uploads\/2013\/07\/rajdNW_01.jpg\" border=\"0\" alt=\"\" width=\"540\" height=\"360\" \/><\/p>\n<p style=\"margin-bottom: 0cm;\"><strong>\u00a0<\/strong><\/p>\n<p style=\"margin-bottom: 0cm;\"><span style=\"text-decoration: underline;\"><strong>I \u2013 sza trasa<\/strong> \u2013 <strong>z Wa\u0142snowa przez Grzegorzowice, G\u00f3r\u0119 Che\u0142mow\u0105 do Nowej S\u0142upi.<\/strong><\/span><\/p>\n<p style=\"margin-bottom: 0cm;\"><span style=\"text-decoration: underline;\"><strong>\u00a0<\/strong><\/span><\/p>\n<p style=\"margin-bottom: 0cm;\">\u00a0\u00a0\u00a0\u00a0\u00a0\u00a0\u00a0\u00a0\u00a0\u00a0 Po drodze zwiedzili\u015bmy ko\u015bci\u00f3\u0142ek pw. \u015bw. Jana Chrzciciela w Grzegorzowicach, kt\u00f3rego cz\u0119\u015b\u0107 zabudowy okre\u015bla si\u0119 na prze\u0142om X i XI wieku, a fundacj\u0119 ko\u015bcio\u0142a przypisuje si\u0119 rycerzowi Nawojowi herbu Top\u00f3r. Ko\u015bci\u00f3\u0142 w ci\u0105gu lat by\u0142 rozbudowywany, powi\u0119kszany i upi\u0119kszany. Parafia erygowana by\u0142a ok. 1364 r. Ostatni widoczny wystr\u00f3j ko\u015bcio\u0142a to o\u0142tarz fundacji Rauszer\u00f3w \u2013 ostatnich dziedzic\u00f3w Grzegorzowic, wykonany z piaskowca kunowskiego przez tamtejszych mistrz\u00f3w kamieniarskich. Wie\u0144czy go rze\u017aba Zofii Trzci\u0144skiej \u2013 Kami\u0144skiej, zwi\u0105zana z postaci\u0105 \u015bw. Jana Chrzciciela.<\/p>\n<p style=\"margin-bottom: 0cm;\">\u00a0\u00a0\u00a0\u00a0\u00a0\u00a0\u00a0\u00a0\u00a0\u00a0 \u015alicznie po\u0142o\u017cony w\u015br\u00f3d las\u00f3w, na wzg\u00f3rzu, zabytkowy ko\u015bci\u00f3\u0142 przyci\u0105ga licznych turyst\u00f3w.<\/p>\n<p style=\"margin-bottom: 0cm;\">\u00a0<\/p>\n<p style=\"margin-bottom: 0cm; text-align: center;\"><img loading=\"lazy\" decoding=\"async\" class=\" size-full wp-image-17\" src=\"https:\/\/utwstarachowice.pl\/wp-content\/uploads\/2013\/07\/rajdNW_02.jpg\" border=\"0\" alt=\"\" width=\"540\" height=\"360\" \/><\/p>\n<p style=\"margin-bottom: 0cm;\">\u00a0\u00a0\u00a0\u00a0\u00a0\u00a0\u00a0\u00a0\u00a0\u00a0\u00a0\u00a0<\/p>\n<p style=\"margin-bottom: 0cm;\">\u00a0\u00a0\u00a0\u00a0\u00a0\u00a0\u00a0\u00a0\u00a0 Z Grzegorzowic poprzez rezerwat modrzewia polskiego na G\u00f3rze Che\u0142mowej, zak\u0142\u00f3caj\u0105c spokojny \u017cywot wielomilionowej rzeszy mr\u00f3wek ( i komar\u00f3w ) zeszli\u015bmy do S\u0142upi Nowej, gdzie mieli\u015bmy zbi\u00f3rk\u0119 przy \u201epiecowisku\u201d.<\/p>\n<p style=\"margin-bottom: 0cm;\">\u00a0<\/p>\n<p style=\"margin-bottom: 0cm;\"><span style=\"text-decoration: underline;\">\u00a0<strong>II \u2013 ga trasa &#8211; wyruszy\u0142a z Trzcianki aby \u0142agodnym zboczem \u0141y\u015bca wej\u015b\u0107 pod \u015bwi\u0119tokrzyski\u00a0\u00a0 klaszt<\/strong><strong>or.<\/strong> <\/span><\/p>\n<p style=\"margin-bottom: 0cm;\"><span style=\"text-decoration: underline;\"><strong>\u00a0<\/strong><\/span><\/p>\n<p style=\"margin-bottom: 0cm;\">\u00a0\u00a0\u00a0\u00a0\u00a0\u00a0\u00a0\u00a0 Nie pierwsza to nasza wizyta na \u015aw. Krzy\u017cu, dlatego mniej zajmowali\u015bmy si\u0119 zwiedzaniem a bardziej zmianami od ostatniego pobytu. Z du\u017cym zainteresowaniem przygl\u0105dali\u015bmy si\u0119 ogromnemu d\u017awigowi, kt\u00f3ry spe\u0142nia\u0142 najwa\u017cniejsz\u0105 rol\u0119 w wykonywanym remoncie klasztornej wie\u017cy.<\/p>\n<p style=\"margin-bottom: 0cm; text-align: center;\"><img loading=\"lazy\" decoding=\"async\" class=\" size-full wp-image-18\" src=\"https:\/\/utwstarachowice.pl\/wp-content\/uploads\/2013\/07\/rajdNW_03.jpg\" border=\"0\" alt=\"\" width=\"545\" height=\"363\" \/><\/p>\n<p style=\"margin-bottom: 0cm;\">\u00a0<\/p>\n<p style=\"margin-bottom: 0cm;\">\u00a0\u00a0\u00a0\u00a0\u00a0\u00a0\u00a0\u00a0\u00a0 Nast\u0119pnie, wyruszyli\u015bmy drog\u0105 \u201ekr\u00f3lewsk\u0105\u201d do S\u0142upi Nowej, do miejsca zbi\u00f3rki przy \u201epiecowisku\u201d, podziwiaj\u0105c ustawione przy trasie stacje m\u0119ki Pa\u0144skiej.<\/p>\n<p style=\"margin-bottom: 0cm;\">\u00a0\u00a0\u00a0\u00a0\u00a0\u00a0\u00a0\u00a0\u00a0 Na miejscu zbi\u00f3rki czeka\u0142a na nas degustacja regionalnych smako\u0142yk\u00f3w, oraz artystyczne wyst\u0119py kapeli i zespo\u0142u \u201eChe\u0142mowianki\u201d.<\/p>\n<p style=\"margin-bottom: 0cm;\">\u00a0<\/p>\n<p style=\"margin-bottom: 0cm; text-align: center;\"><img loading=\"lazy\" decoding=\"async\" class=\" size-full wp-image-19\" src=\"https:\/\/utwstarachowice.pl\/wp-content\/uploads\/2013\/07\/rajdNW_04.jpg\" border=\"0\" alt=\"\" width=\"540\" height=\"405\" \/><\/p>\n<p style=\"margin-bottom: 0cm; text-align: center;\">\u00a0<\/p>\n<p style=\"margin-bottom: 0cm; text-align: center;\"><img loading=\"lazy\" decoding=\"async\" class=\" size-full wp-image-20\" src=\"https:\/\/utwstarachowice.pl\/wp-content\/uploads\/2013\/07\/rajdNW_05.jpg\" border=\"0\" alt=\"\" width=\"540\" height=\"404\" \/><\/p>\n<p style=\"margin-bottom: 0cm; text-align: center;\"><img loading=\"lazy\" decoding=\"async\" class=\" size-full wp-image-21\" src=\"https:\/\/utwstarachowice.pl\/wp-content\/uploads\/2013\/07\/rajdNW_06.jpg\" border=\"0\" alt=\"\" width=\"540\" height=\"405\" \/><\/p>\n<p style=\"margin-bottom: 0cm;\">\u00a0<\/p>\n<p style=\"margin-bottom: 0cm;\">\u00a0\u00a0\u00a0\u00a0\u00a0\u00a0\u00a0\u00a0\u00a0 Po posi\u0142ku i kr\u00f3tkim odpoczynku przeszli\u015bmy do piec\u00f3w dymarkowych, gdzie obejrzeli\u015bmy wytop \u017celaza w dymarkach.<\/p>\n<p style=\"margin-bottom: 0cm; text-align: center;\"><img loading=\"lazy\" decoding=\"async\" class=\" size-full wp-image-22\" src=\"https:\/\/utwstarachowice.pl\/wp-content\/uploads\/2013\/07\/rajdNW_07.jpg\" border=\"0\" alt=\"\" width=\"540\" height=\"405\" \/><\/p>\n<p style=\"margin-bottom: 0cm;\">\u00a0<\/p>\n<p style=\"margin-bottom: 0cm;\">\u00a0\u00a0\u00a0\u00a0\u00a0\u00a0\u00a0\u00a0\u00a0\u00a0\u00a0 Zwabieni skocznymi melodiami przygrywaj\u0105cej kapeli uczestnicy rajdu, zapomnieli, \u017ce \u201emaj\u0105 w nogach\u201d ok 15 km i przy\u0142\u0105czyli si\u0119 do wsp\u00f3lnych \u015bpiew\u00f3w i ta\u0144c\u00f3w.<\/p>\n<p style=\"margin-bottom: 0cm;\">\u00a0<\/p>\n<p style=\"margin-bottom: 0cm; text-align: center;\"><img loading=\"lazy\" decoding=\"async\" class=\" size-full wp-image-23\" src=\"https:\/\/utwstarachowice.pl\/wp-content\/uploads\/2013\/07\/rajdNW_08.jpg\" border=\"0\" alt=\"\" width=\"539\" height=\"404\" \/><\/p>\n<p style=\"margin-bottom: 0cm; text-align: center;\"><img loading=\"lazy\" decoding=\"async\" class=\" size-full wp-image-24\" src=\"https:\/\/utwstarachowice.pl\/wp-content\/uploads\/2013\/07\/rajdNW_09.jpg\" border=\"0\" alt=\"\" width=\"540\" height=\"405\" \/><\/p>\n<p style=\"margin-bottom: 0cm;\">\u00a0<\/p>\n<p style=\"margin-bottom: 0cm;\">\u00a0\u00a0\u00a0\u00a0\u00a0\u00a0\u00a0\u00a0\u00a0\u00a0 Pewnie weso\u0142a zabawa jeszcze by si\u0119 nie sko\u0144czy\u0142a, ale zbli\u017caj\u0105ca si\u0119 godz. odjazdu autobusu wymusi\u0142a na nas zako\u0144czenie imprezy.<\/p>\n<p style=\"margin-bottom: 0cm;\">\u00a0<\/p>\n<p style=\"margin-bottom: 0cm; text-align: center;\"><img loading=\"lazy\" decoding=\"async\" class=\" size-full wp-image-25\" src=\"https:\/\/utwstarachowice.pl\/wp-content\/uploads\/2013\/07\/rajdNW_10.jpg\" border=\"0\" alt=\"\" width=\"540\" height=\"405\" \/><\/p>\n<p style=\"margin-bottom: 0cm; text-align: center;\">\u00a0<\/p>\n<p style=\"margin-bottom: 0cm; text-align: center;\"><img loading=\"lazy\" decoding=\"async\" class=\" size-full wp-image-26\" src=\"https:\/\/utwstarachowice.pl\/wp-content\/uploads\/2013\/07\/rajdNW_11.jpg\" border=\"0\" alt=\"\" width=\"540\" height=\"405\" \/><\/p>\n<p style=\"margin-bottom: 0cm; text-align: center;\">\u00a0<img loading=\"lazy\" decoding=\"async\" class=\" size-full wp-image-27\" src=\"https:\/\/utwstarachowice.pl\/wp-content\/uploads\/2013\/07\/rajdNW_12.jpg\" border=\"0\" alt=\"\" width=\"541\" height=\"405\" \/><\/p>\n<p style=\"margin-bottom: 0cm;\">\u00a0<\/p>\n<p style=\"margin-bottom: 0cm;\">\u00a0\u00a0\u00a0\u00a0\u00a0\u00a0\u00a0\u00a0\u00a0\u00a0 Jeszcze tylko pami\u0105tkowe zdj\u0119cie i po zjedzeniu \u201ena drog\u0119\u201d podpieczonej na ognisku kie\u0142baski udali\u015bmy si\u0119 w drog\u0119 powrotn\u0105 do domu.<\/p>\n<p style=\"margin-bottom: 0cm;\">\u00a0<\/p>\n<p style=\"margin-bottom: 0cm;\">\u00a0<\/p>\n<p style=\"margin-bottom: 0cm;\">\u00a0<\/p>\n","protected":false},"excerpt":{"rendered":"<p>\u00a0\u00a0\u00a0\u00a0\u00a0\u00a0\u00a0\u00a0\u00a0 W dniu 14.czerwca 2013 r. odby\u0142 si\u0119 Rajd Nordic Walking zorganizowany przez nasz UTW w ramach projektu wsp\u00f3\u0142finansowanego przez &hellip;<\/p>\n","protected":false},"author":3,"featured_media":16,"comment_status":"open","ping_status":"open","sticky":true,"template":"","format":"standard","meta":{"footnotes":""},"categories":[1],"tags":[],"_links":{"self":[{"href":"https:\/\/utwstarachowice.pl\/index.php?rest_route=\/wp\/v2\/posts\/28"}],"collection":[{"href":"https:\/\/utwstarachowice.pl\/index.php?rest_route=\/wp\/v2\/posts"}],"about":[{"href":"https:\/\/utwstarachowice.pl\/index.php?rest_route=\/wp\/v2\/types\/post"}],"author":[{"embeddable":true,"href":"https:\/\/utwstarachowice.pl\/index.php?rest_route=\/wp\/v2\/users\/3"}],"replies":[{"embeddable":true,"href":"https:\/\/utwstarachowice.pl\/index.php?rest_route=%2Fwp%2Fv2%2Fcomments&post=28"}],"version-history":[{"count":0,"href":"https:\/\/utwstarachowice.pl\/index.php?rest_route=\/wp\/v2\/posts\/28\/revisions"}],"wp:featuredmedia":[{"embeddable":true,"href":"https:\/\/utwstarachowice.pl\/index.php?rest_route=\/"}],"wp:attachment":[{"href":"https:\/\/utwstarachowice.pl\/index.php?rest_route=%2Fwp%2Fv2%2Fmedia&parent=28"}],"wp:term":[{"taxonomy":"category","embeddable":true,"href":"https:\/\/utwstarachowice.pl\/index.php?rest_route=%2Fwp%2Fv2%2Fcategories&post=28"},{"taxonomy":"post_tag","embeddable":true,"href":"https:\/\/utwstarachowice.pl\/index.php?rest_route=%2Fwp%2Fv2%2Ftags&post=28"}],"curies":[{"name":"wp","href":"https:\/\/api.w.org\/{rel}","templated":true}]}}