{"id":2626,"date":"2013-01-12T16:31:00","date_gmt":"2013-01-12T15:31:00","guid":{"rendered":"https:\/\/utwstarachowice.pl\/2013\/01\/12\/samorzad-studencki\/"},"modified":"2013-01-12T16:31:00","modified_gmt":"2013-01-12T15:31:00","slug":"samorzad-studencki","status":"publish","type":"post","link":"https:\/\/utwstarachowice.pl\/?p=2626","title":{"rendered":"Samorz\u0105d Studencki"},"content":{"rendered":"<p>Z<span style=\"font-size: small;\">arz\u0105d UTW jest wspierany przez Samorz\u0105d Studencki w sk\u0142adzie:<\/span><\/p>\n<p><span style=\"font-size: small;\">\u00a0<\/span><\/p>\n<p style=\"padding-left: 60px;\"><span style=\"font-size: small;\"><strong>Sidor\u00a0 Halina<\/strong>\u00a0\u00a0\u00a0\u00a0\u00a0\u00a0\u00a0\u00a0\u00a0\u00a0\u00a0 \u00a0 \u00a0\u00a0\u00a0\u00a0\u00a0\u00a0 &#8211;\u00a0 przewodnicz\u0105ca<\/span><br \/><strong><span style=\"font-size: small;\">Majer\u00a0 Anna<\/span><\/strong>\u00a0\u00a0\u00a0\u00a0\u00a0\u00a0\u00a0\u00a0\u00a0\u00a0\u00a0\u00a0\u00a0\u00a0 \u00a0 \u00a0 \u00a0\u00a0 &#8211;\u00a0 sekretarz <br \/><strong>Wi\u015bniewska\u00a0 Zofia<\/strong> \u00a0\u00a0\u00a0\u00a0\u00a0\u00a0 \u00a0 \u00a0\u00a0 &#8211;\u00a0 cz\u0142onek<br \/><strong><span style=\"font-size: small;\">G\u0142uchowska\u00a0 Barbara<\/span><\/strong> \u00a0\u00a0\u00a0\u00a0\u00a0\u00a0 &#8211;\u00a0 cz\u0142onek<br \/><strong><span style=\"font-size: small;\">Zuba\u00a0 Zofia \u00a0\u00a0\u00a0\u00a0\u00a0\u00a0\u00a0\u00a0\u00a0\u00a0\u00a0 \u00a0 \u00a0 \u00a0 \u00a0 \u00a0\u00a0 &#8211;\u00a0 <\/span><\/strong><span style=\"font-size: small;\">cz\u0142onek<\/span><strong><span style=\"font-size: small;\"><br \/><\/span><\/strong><\/p>\n<p>\u00a0<\/p>\n<p><span style=\"font-size: small;\"><em><strong>\u00a0<\/strong><\/em><\/span><\/p>\n<div id=\"__tbSetup\">\u00a0<\/div>\n","protected":false},"excerpt":{"rendered":"<p>Zarz\u0105d UTW jest wspierany przez Samorz\u0105d Studencki w sk\u0142adzie: \u00a0 Sidor\u00a0 Halina\u00a0\u00a0\u00a0\u00a0\u00a0\u00a0\u00a0\u00a0\u00a0\u00a0\u00a0 \u00a0 \u00a0\u00a0\u00a0\u00a0\u00a0\u00a0 &#8211;\u00a0 przewodnicz\u0105caMajer\u00a0 Anna\u00a0\u00a0\u00a0\u00a0\u00a0\u00a0\u00a0\u00a0\u00a0\u00a0\u00a0\u00a0\u00a0\u00a0 \u00a0 \u00a0 \u00a0\u00a0 &hellip;<\/p>\n","protected":false},"author":3,"featured_media":0,"comment_status":"open","ping_status":"open","sticky":false,"template":"","format":"standard","meta":{"footnotes":""},"categories":[1],"tags":[],"_links":{"self":[{"href":"https:\/\/utwstarachowice.pl\/index.php?rest_route=\/wp\/v2\/posts\/2626"}],"collection":[{"href":"https:\/\/utwstarachowice.pl\/index.php?rest_route=\/wp\/v2\/posts"}],"about":[{"href":"https:\/\/utwstarachowice.pl\/index.php?rest_route=\/wp\/v2\/types\/post"}],"author":[{"embeddable":true,"href":"https:\/\/utwstarachowice.pl\/index.php?rest_route=\/wp\/v2\/users\/3"}],"replies":[{"embeddable":true,"href":"https:\/\/utwstarachowice.pl\/index.php?rest_route=%2Fwp%2Fv2%2Fcomments&post=2626"}],"version-history":[{"count":0,"href":"https:\/\/utwstarachowice.pl\/index.php?rest_route=\/wp\/v2\/posts\/2626\/revisions"}],"wp:attachment":[{"href":"https:\/\/utwstarachowice.pl\/index.php?rest_route=%2Fwp%2Fv2%2Fmedia&parent=2626"}],"wp:term":[{"taxonomy":"category","embeddable":true,"href":"https:\/\/utwstarachowice.pl\/index.php?rest_route=%2Fwp%2Fv2%2Fcategories&post=2626"},{"taxonomy":"post_tag","embeddable":true,"href":"https:\/\/utwstarachowice.pl\/index.php?rest_route=%2Fwp%2Fv2%2Ftags&post=2626"}],"curies":[{"name":"wp","href":"https:\/\/api.w.org\/{rel}","templated":true}]}}