{"id":2624,"date":"2013-01-11T23:36:11","date_gmt":"2013-01-11T22:36:11","guid":{"rendered":"https:\/\/utwstarachowice.pl\/2013\/01\/11\/rada-programowa\/"},"modified":"2013-01-11T23:36:11","modified_gmt":"2013-01-11T22:36:11","slug":"rada-programowa","status":"publish","type":"post","link":"https:\/\/utwstarachowice.pl\/?p=2624","title":{"rendered":"Rada Programowa"},"content":{"rendered":"<p style=\"text-align: center;\">\u00a0<\/p>\n<table border=\"0\" cellspacing=\"10\" align=\"center\">\n<tbody>\n<tr>\n<td>\u00a0<\/td>\n<td>\n<p><span style=\"text-decoration: underline;\"><strong><span style=\"font-size: small;\">Prowadz\u0105cy<\/span><\/strong><\/span><\/p>\n<\/td>\n<td>\u00a0<\/td>\n<td><span style=\"text-decoration: underline;\"><strong>Sekcja<\/strong><\/span><\/td>\n<\/tr>\n<tr>\n<td>\u00a0<\/td>\n<td>\n<p><strong><span style=\"font-size: small;\">Wanda Ko\u0142odziejczyk<\/span><\/strong><\/p>\n<\/td>\n<td>\u00a0<\/td>\n<td>psychologia<\/td>\n<\/tr>\n<tr>\n<td>\n<p><strong><span style=\"font-size: small;\">\u00a0\u00a0\u00a0\u00a0\u00a0\u00a0\u00a0\u00a0\u00a0\u00a0\u00a0\u00a0\u00a0\u00a0\u00a0\u00a0\u00a0\u00a0\u00a0\u00a0\u00a0\u00a0\u00a0\u00a0\u00a0\u00a0 <\/span><\/strong><\/p>\n<\/td>\n<td>\n<p><strong><span style=\"font-size: small;\">Izabela Haczyk-\u0106wik<\/span><\/strong><\/p>\n<\/td>\n<td>\n<p><strong><span style=\"font-size: small;\">\u00a0<\/span><\/strong><\/p>\n<\/td>\n<td>filozofia, informatyka<\/td>\n<\/tr>\n<tr>\n<td>\u00a0<\/td>\n<td>\n<p><strong><span style=\"font-size: small;\">Dorota Kie\u0142ek<\/span><\/strong><\/p>\n<\/td>\n<td>\u00a0<\/td>\n<td>literatura<\/td>\n<\/tr>\n<tr>\n<td>\u00a0<\/td>\n<td><strong><span style=\"font-size: small;\">A. Malinowska<\/span><\/strong><\/td>\n<td>\u00a0<\/td>\n<td>historia<\/td>\n<\/tr>\n<tr>\n<td>\u00a0<\/td>\n<td><span style=\"font-size: small;\"><strong>A. Malinowska<\/strong><\/span><\/td>\n<td>\u00a0<\/td>\n<td>historia sztuki<\/td>\n<\/tr>\n<tr>\n<td>\u00a0<\/td>\n<td>\n<p><strong><span style=\"font-size: small;\">Jolanta Sopi\u0144ska<\/span><\/strong><\/p>\n<\/td>\n<td>\u00a0<\/td>\n<td>Dyskusyjny Klub Ksi\u0105\u017cki<\/td>\n<\/tr>\n<tr>\n<td>\u00a0<\/td>\n<td><strong><span style=\"font-size: small;\">Andrzej Cygan<\/span><\/strong><\/td>\n<td>\u00a0<\/td>\n<td>\u00a0turystyka (sekcja PTTK)<\/td>\n<\/tr>\n<tr>\n<td>\u00a0<\/td>\n<td><strong><span style=\"font-size: small;\">A. Cygan i B.Cyran<\/span><\/strong><\/td>\n<td>\u00a0<\/td>\n<td>sekcja turystyczna\/w\u0119dr\u00f3wki<\/td>\n<\/tr>\n<tr>\n<td>\u00a0<\/td>\n<td><strong><span style=\"font-size: small;\">Grzegorz Senderowski<\/span><\/strong><\/td>\n<td>\u00a0<\/td>\n<td>informatyka<\/td>\n<\/tr>\n<tr>\n<td>\u00a0<\/td>\n<td><strong><span style=\"font-size: small;\">Agata Musia\u0142owska<\/span><\/strong><\/td>\n<td>\u00a0<\/td>\n<td>basen, joga<\/td>\n<\/tr>\n<tr>\n<td>\u00a0<\/td>\n<td><strong><span style=\"font-size: small;\">Beata Laszczyk<\/span><\/strong><\/td>\n<td>\u00a0<\/td>\n<td>gimnastyka<\/td>\n<\/tr>\n<tr>\n<td>\u00a0<\/td>\n<td><strong><span style=\"font-size: small;\">Lucjana-El\u017cbieta Nowak<\/span><\/strong><\/td>\n<td>\u00a0<\/td>\n<td>grupa literacka &#8222;Feniks&#8221;<\/td>\n<\/tr>\n<tr>\n<td>\u00a0<\/td>\n<td><strong><span style=\"font-size: small;\">Micha\u0142 Kulczycki<\/span><\/strong><\/td>\n<td>\u00a0<\/td>\n<td>lektorat j\u0119zyka angielskiego<\/td>\n<\/tr>\n<tr>\n<td>\u00a0<\/td>\n<td><strong><span style=\"font-size: small;\">Jolanta \u0141odej<\/span><\/strong><\/td>\n<td>\u00a0<\/td>\n<td>lektorat j\u0119zyka niemieckiego<\/td>\n<\/tr>\n<tr>\n<td>\u00a0<\/td>\n<td><strong><span style=\"font-size: small;\">Agnieszka Iwon<\/span><\/strong><\/td>\n<td>\u00a0<\/td>\n<td>lektorat j\u0119zyka w\u0142oskiego<\/td>\n<\/tr>\n<tr>\n<td>\u00a0<\/td>\n<td><strong><span style=\"font-size: small;\">Krystyna Dutkiewicz<\/span><\/strong><\/td>\n<td>\u00a0<\/td>\n<td>przyroda<\/td>\n<\/tr>\n<tr>\n<td>\u00a0<\/td>\n<td><strong><span style=\"font-size: small;\">Ewa Szklarczyk<\/span><\/strong><\/td>\n<td>\u00a0<\/td>\n<td>geografia<\/td>\n<\/tr>\n<tr>\n<td>\u00a0<\/td>\n<td><strong><span style=\"font-size: small;\">J. Paw\u0142owski<br \/><\/span><\/strong><\/td>\n<td>\u00a0<\/td>\n<td>fotografika<\/td>\n<\/tr>\n<tr>\n<td>\u00a0<\/td>\n<td><strong><span style=\"font-size: small;\">A. Majer<\/span><\/strong><\/td>\n<td>\u00a0<\/td>\n<td>warsztaty plastyczne<\/td>\n<\/tr>\n<tr>\n<td>\u00a0<\/td>\n<td><strong><span style=\"font-size: small;\">Z. Skro\u0144ska i J.\u00a0Zakrzewski\u00a0<br \/><\/span><\/strong><\/td>\n<td>\u00a0<\/td>\n<td>Kabaret z R\u00f3\u017c\u0105<\/td>\n<\/tr>\n<tr>\n<td>\u00a0<\/td>\n<td>\u00a0<\/td>\n<td>\u00a0<\/td>\n<td>\u00a0<\/td>\n<\/tr>\n<\/tbody>\n<\/table>\n<p style=\"text-align: center;\">\u00a0<\/p>\n<div id=\"__tbSetup\">\u00a0<\/div>\n","protected":false},"excerpt":{"rendered":"<p>\u00a0 \u00a0 Prowadz\u0105cy \u00a0 Sekcja \u00a0 Wanda Ko\u0142odziejczyk \u00a0 psychologia \u00a0\u00a0\u00a0\u00a0\u00a0\u00a0\u00a0\u00a0\u00a0\u00a0\u00a0\u00a0\u00a0\u00a0\u00a0\u00a0\u00a0\u00a0\u00a0\u00a0\u00a0\u00a0\u00a0\u00a0\u00a0\u00a0 Izabela Haczyk-\u0106wik \u00a0 filozofia, informatyka \u00a0 Dorota Kie\u0142ek \u00a0 &hellip;<\/p>\n","protected":false},"author":3,"featured_media":0,"comment_status":"open","ping_status":"open","sticky":false,"template":"","format":"standard","meta":{"footnotes":""},"categories":[1],"tags":[],"_links":{"self":[{"href":"https:\/\/utwstarachowice.pl\/index.php?rest_route=\/wp\/v2\/posts\/2624"}],"collection":[{"href":"https:\/\/utwstarachowice.pl\/index.php?rest_route=\/wp\/v2\/posts"}],"about":[{"href":"https:\/\/utwstarachowice.pl\/index.php?rest_route=\/wp\/v2\/types\/post"}],"author":[{"embeddable":true,"href":"https:\/\/utwstarachowice.pl\/index.php?rest_route=\/wp\/v2\/users\/3"}],"replies":[{"embeddable":true,"href":"https:\/\/utwstarachowice.pl\/index.php?rest_route=%2Fwp%2Fv2%2Fcomments&post=2624"}],"version-history":[{"count":0,"href":"https:\/\/utwstarachowice.pl\/index.php?rest_route=\/wp\/v2\/posts\/2624\/revisions"}],"wp:attachment":[{"href":"https:\/\/utwstarachowice.pl\/index.php?rest_route=%2Fwp%2Fv2%2Fmedia&parent=2624"}],"wp:term":[{"taxonomy":"category","embeddable":true,"href":"https:\/\/utwstarachowice.pl\/index.php?rest_route=%2Fwp%2Fv2%2Fcategories&post=2624"},{"taxonomy":"post_tag","embeddable":true,"href":"https:\/\/utwstarachowice.pl\/index.php?rest_route=%2Fwp%2Fv2%2Ftags&post=2624"}],"curies":[{"name":"wp","href":"https:\/\/api.w.org\/{rel}","templated":true}]}}