{"id":2489,"date":"2024-06-13T17:03:55","date_gmt":"2024-06-13T15:03:55","guid":{"rendered":"https:\/\/utwstarachowice.pl\/2024\/06\/13\/20-lat-unii-europejskiej-wyklad\/"},"modified":"2024-06-13T17:03:55","modified_gmt":"2024-06-13T15:03:55","slug":"20-lat-unii-europejskiej-wyklad","status":"publish","type":"post","link":"https:\/\/utwstarachowice.pl\/?p=2489","title":{"rendered":"20 lat Unii Europejskiej- wyk\u0142ad"},"content":{"rendered":"<p><span class=\"x193iq5w xeuugli x13faqbe x1vvkbs x1xmvt09 x1lliihq x1s928wv xhkezso x1gmr53x x1cpjm7i x1fgarty x1943h6x xudqn12 x3x7a5m x6prxxf xvq8zen xo1l8bm xzsf02u x1yc453h\" dir=\"auto\">Dzi\u015b 3.06.2024r w Centrum Kreatywno\u015bci Pa\u0142acyk Wiceprezydent Marcin Go\u0142\u0119biowski poprowadzi\u0142 wyk\u0142ad dla s\u0142uchaczy UTW &#8222;<strong> 20 lat Polski w Unii Europejskiej<\/strong> &#8222;.1 maja 2004 roku Polska sta\u0142a si\u0119 cz\u0142onkiem wielkiej wsp\u00f3lnoty jak\u0105 jest UE. W referendum kt\u00f3re odby\u0142o si\u0119 w dniach 7 &#8211; 8 czerwca 2003r ,za przyst\u0105pieniem do UE opowiedzia\u0142o si\u0119 a\u017c 77,45 procent Polak\u00f3w. Podj\u0119ta przed dwoma dekadami decyzja zapocz\u0105tkowa\u0142a udzia\u0142 Polski w europejskim projekcie integracyjnym a samo cz\u0142onkostwo przynios\u0142o naszemu krajowi wzmocnienie wsp\u00f3lnoty mi\u0119dzynarodowej oraz przyspieszy\u0142o rozw\u00f3j gospodarczy , spo\u0142eczny i kulturalny. Jako obywatele UE mo\u017cemy swobodnie wybiera\u0107 miejsce zamieszkania, pracy, a tak\u017ce podr\u00f3\u017cowa\u0107 po 27 krajach UE.<\/span><img decoding=\"async\" class=\" size-full wp-image-2485\" src=\"https:\/\/utwstarachowice.pl\/wp-content\/uploads\/2024\/06\/IMG_20240603_1030482-scaled.jpg\" border=\"0\" width=\"512\" style=\"display: block; margin-left: auto; margin-right: auto;\" \/><img decoding=\"async\" class=\" size-full wp-image-2486\" src=\"https:\/\/utwstarachowice.pl\/wp-content\/uploads\/2024\/06\/IMG_20240603_104336-scaled.jpg\" border=\"0\" width=\"512\" style=\"display: block; margin-left: auto; margin-right: auto;\" \/><img decoding=\"async\" class=\" size-full wp-image-2487\" src=\"https:\/\/utwstarachowice.pl\/wp-content\/uploads\/2024\/06\/IMG_20240603_1025512-scaled.jpg\" border=\"0\" width=\"512\" style=\"display: block; margin-left: auto; margin-right: auto;\" \/><img decoding=\"async\" class=\" size-full wp-image-2488\" src=\"https:\/\/utwstarachowice.pl\/wp-content\/uploads\/2024\/06\/IMG_20240603_102737-scaled.jpg\" border=\"0\" width=\"512\" style=\"display: block; margin-left: auto; margin-right: auto;\" \/><\/p>\n","protected":false},"excerpt":{"rendered":"<p>Dzi\u015b 3.06.2024r w Centrum Kreatywno\u015bci Pa\u0142acyk Wiceprezydent Marcin Go\u0142\u0119biowski poprowadzi\u0142 wyk\u0142ad dla s\u0142uchaczy UTW &#8222; 20 lat Polski w Unii &hellip;<\/p>\n","protected":false},"author":3,"featured_media":2485,"comment_status":"open","ping_status":"open","sticky":true,"template":"","format":"standard","meta":{"footnotes":""},"categories":[2],"tags":[],"_links":{"self":[{"href":"https:\/\/utwstarachowice.pl\/index.php?rest_route=\/wp\/v2\/posts\/2489"}],"collection":[{"href":"https:\/\/utwstarachowice.pl\/index.php?rest_route=\/wp\/v2\/posts"}],"about":[{"href":"https:\/\/utwstarachowice.pl\/index.php?rest_route=\/wp\/v2\/types\/post"}],"author":[{"embeddable":true,"href":"https:\/\/utwstarachowice.pl\/index.php?rest_route=\/wp\/v2\/users\/3"}],"replies":[{"embeddable":true,"href":"https:\/\/utwstarachowice.pl\/index.php?rest_route=%2Fwp%2Fv2%2Fcomments&post=2489"}],"version-history":[{"count":0,"href":"https:\/\/utwstarachowice.pl\/index.php?rest_route=\/wp\/v2\/posts\/2489\/revisions"}],"wp:featuredmedia":[{"embeddable":true,"href":"https:\/\/utwstarachowice.pl\/index.php?rest_route=\/"}],"wp:attachment":[{"href":"https:\/\/utwstarachowice.pl\/index.php?rest_route=%2Fwp%2Fv2%2Fmedia&parent=2489"}],"wp:term":[{"taxonomy":"category","embeddable":true,"href":"https:\/\/utwstarachowice.pl\/index.php?rest_route=%2Fwp%2Fv2%2Fcategories&post=2489"},{"taxonomy":"post_tag","embeddable":true,"href":"https:\/\/utwstarachowice.pl\/index.php?rest_route=%2Fwp%2Fv2%2Ftags&post=2489"}],"curies":[{"name":"wp","href":"https:\/\/api.w.org\/{rel}","templated":true}]}}