{"id":2466,"date":"2024-05-30T18:09:56","date_gmt":"2024-05-30T16:09:56","guid":{"rendered":"https:\/\/utwstarachowice.pl\/2024\/05\/30\/olimpia-walne-zebranie-utw-20-05-24r\/"},"modified":"2024-05-30T18:09:56","modified_gmt":"2024-05-30T16:09:56","slug":"olimpia-walne-zebranie-utw-20-05-24r","status":"publish","type":"post","link":"https:\/\/utwstarachowice.pl\/?p=2466","title":{"rendered":"&#8222;Olimpia&#8221; Walne Zebranie UTW 20.05.24r."},"content":{"rendered":"<div class=\"html-div xe8uvvx xdj266r x11i5rnm xat24cr x1mh8g0r xexx8yu x4uap5 x18d9i69 xkhd6sd\" dir=\"auto\">\n<div id=\":r5d:\" class=\"x1iorvi4 x1pi30zi x1l90r2v x1swvt13\" data-ad-comet-preview=\"message\" data-ad-preview=\"message\">\n<div class=\"x78zum5 xdt5ytf xz62fqu x16ldp7u\">\n<div class=\"xu06os2 x1ok221b\">\n<div class=\"xdj266r x11i5rnm xat24cr x1mh8g0r x1vvkbs x126k92a\">\n<div dir=\"auto\">20.05.2024r.w sali &#8221; OLIMPIA&#8221; Urz\u0119du Miasta w Starachowicach odby\u0142o si\u0119 Walne Zebranie cz\u0142onk\u00f3w Uniwersytetu Trzeciego Wieku. S\u0142uchaczy powita\u0142 Prezes Jerzy Krawczyk. Nast\u0119pnie Sekretarz Zarz\u0105du UTW Bo\u017cena Gaik przedstawi\u0142a propozycje regulaminu zebrania kt\u00f3r\u0105 przyj\u0119to jednog\u0142o\u015bnie. Przewodnicz\u0105c\u0105 zebrania zosta\u0142a Wiceprezes Zarz\u0105du Dorota Jantos. Sk\u0142ad prezydium uzupe\u0142niono w jednog\u0142o\u015bnych g\u0142osowaniach o Urszul\u0119 Fia\u0142ek Skarbnika Zarz\u0105du na Wiceprzewodnicz\u0105c\u0105 , Bo\u017cen\u0119 Gaik Sekretarza Zarz\u0105du na Sekretarza zebrania oraz Komisj\u0119 Skrutacyjn\u0105 &#8211; Joann\u0119 Dziubi\u0144sk\u0105 &#8211; Adamczyk, Adama Buchelta i Henryka Prokopa. Po wys\u0142uchaniu sprawozdania finansowego przedstawionego przez ksi\u0119gow\u0105 UTW pani\u0105 Renat\u0119 Kasprzyk za 2023r. przedstawiono prac\u0119 wszystkich sekcji oraz udzia\u0142 s\u0142uchaczy UTW organizowanych imprezach wsp\u00f3lnie z CUS i Urz\u0119dem Miasta ( a by\u0142o ich wiele). Walne Zebranie uchwali\u0142o now\u0105 sk\u0142adk\u0119 na rok 2024\/2025. Skarbnik UTW Urszula Fia\u0142ek przedstawi\u0142a plan finansowy na rok 2024.Wiceprezes Zarz\u0105du Dorota Jantos przedstawi\u0142a plan merytoryczny na rok 2024 \u017ce szczeg\u00f3lnym uwzgl\u0119dnieniem aplikowania o \u015brodki zewn\u0119trzne: z Gminy Starachowice, Powiatu, programu Erasmus+, Funduszy Mechanizmu Norweskiego.<\/div>\n<div dir=\"auto\">Nast\u0119pnym punktem zebrania by\u0142o sprawozdanie z rozlicze\u0144 ksi\u0119gowych oraz opinia o wy\u017cej przedstawionych sprawozdaniach Komisji Rewizyjnej przez Przewodnicz\u0105c\u0105 El\u017cbiet\u0119 Bidzi\u0144sk\u0105 i sprawozdanie Samorz\u0105du Studenckiego UTW przedstawione przez Przewodnicz\u0105cego Henryka Skrobisza. Na tym zako\u0144czono cz\u0119\u015b\u0107 sprawozdawcz\u0105 Zarz\u0105du. Nast\u0119pn\u0105 mi\u0142\u0105 cz\u0119\u015bci\u0105 zebrania by\u0142o nadanie tytu\u0142u Honorowego Cz\u0142onka UTW. Tym razem za du\u017cy wk\u0142ad w dzia\u0142anie UTW otrzyma\u0142y nasze kole\u017canki Krystyna Dutkiewicz i Ma\u0142gorzata Ma\u0142gorzata Wyderska . Gratulujemy. Przedstawiono plan dzia\u0142ania dydaktycznego na rok 2024 i zako\u0144czono zebranie.<img decoding=\"async\" class=\" size-full wp-image-2460\" src=\"https:\/\/utwstarachowice.pl\/wp-content\/uploads\/2024\/05\/Messenger_creation_cb20eff6-5b6f-4a8c-abaf-895839e953f5.jpeg\" border=\"0\" width=\"512\" style=\"display: block; margin-left: auto; margin-right: auto;\" \/><\/div>\n<\/div>\n<\/div>\n<\/div>\n<\/div>\n<\/div>\n<div id=\":r5e:\" class=\"html-div xe8uvvx xdj266r x11i5rnm xat24cr x1mh8g0r xexx8yu x4uap5 x18d9i69 xkhd6sd x1n2onr6\">\u00a0<img decoding=\"async\" class=\" size-full wp-image-2461\" src=\"https:\/\/utwstarachowice.pl\/wp-content\/uploads\/2024\/05\/Messenger_creation_2dac48d4-3d7f-4e37-a046-c958a0609deb.jpeg\" border=\"0\" width=\"512\" style=\"display: block; margin-left: auto; margin-right: auto;\" \/><img decoding=\"async\" class=\" size-full wp-image-2462\" src=\"https:\/\/utwstarachowice.pl\/wp-content\/uploads\/2024\/05\/Messenger_creation_d077e95e-094e-411d-98e4-3baaae2c2d7c.jpeg\" border=\"0\" width=\"512\" style=\"display: block; margin-left: auto; margin-right: auto;\" \/><img decoding=\"async\" class=\" size-full wp-image-2463\" src=\"https:\/\/utwstarachowice.pl\/wp-content\/uploads\/2024\/05\/Messenger_creation_dd6c720f-54e5-4917-8924-db437a367bde.jpeg\" border=\"0\" width=\"512\" style=\"display: block; margin-left: auto; margin-right: auto;\" \/><img decoding=\"async\" class=\" size-full wp-image-2464\" src=\"https:\/\/utwstarachowice.pl\/wp-content\/uploads\/2024\/05\/Messenger_creation_06bb7159-9acf-4c6c-98b1-594062c4c784.jpeg\" border=\"0\" width=\"512\" style=\"display: block; margin-left: auto; margin-right: auto;\" \/><img decoding=\"async\" class=\" size-full wp-image-2465\" src=\"https:\/\/utwstarachowice.pl\/wp-content\/uploads\/2024\/05\/Messenger_creation_521bf9d1-c814-4668-a27d-c9a6a42a72aa.jpeg\" border=\"0\" width=\"512\" style=\"display: block; margin-left: auto; margin-right: auto;\" \/><\/div>\n","protected":false},"excerpt":{"rendered":"<p>20.05.2024r.w sali &#8221; OLIMPIA&#8221; Urz\u0119du Miasta w Starachowicach odby\u0142o si\u0119 Walne Zebranie cz\u0142onk\u00f3w Uniwersytetu Trzeciego Wieku. S\u0142uchaczy powita\u0142 Prezes Jerzy &hellip;<\/p>\n","protected":false},"author":3,"featured_media":2460,"comment_status":"open","ping_status":"open","sticky":true,"template":"","format":"standard","meta":{"footnotes":""},"categories":[2],"tags":[],"_links":{"self":[{"href":"https:\/\/utwstarachowice.pl\/index.php?rest_route=\/wp\/v2\/posts\/2466"}],"collection":[{"href":"https:\/\/utwstarachowice.pl\/index.php?rest_route=\/wp\/v2\/posts"}],"about":[{"href":"https:\/\/utwstarachowice.pl\/index.php?rest_route=\/wp\/v2\/types\/post"}],"author":[{"embeddable":true,"href":"https:\/\/utwstarachowice.pl\/index.php?rest_route=\/wp\/v2\/users\/3"}],"replies":[{"embeddable":true,"href":"https:\/\/utwstarachowice.pl\/index.php?rest_route=%2Fwp%2Fv2%2Fcomments&post=2466"}],"version-history":[{"count":0,"href":"https:\/\/utwstarachowice.pl\/index.php?rest_route=\/wp\/v2\/posts\/2466\/revisions"}],"wp:featuredmedia":[{"embeddable":true,"href":"https:\/\/utwstarachowice.pl\/index.php?rest_route=\/"}],"wp:attachment":[{"href":"https:\/\/utwstarachowice.pl\/index.php?rest_route=%2Fwp%2Fv2%2Fmedia&parent=2466"}],"wp:term":[{"taxonomy":"category","embeddable":true,"href":"https:\/\/utwstarachowice.pl\/index.php?rest_route=%2Fwp%2Fv2%2Fcategories&post=2466"},{"taxonomy":"post_tag","embeddable":true,"href":"https:\/\/utwstarachowice.pl\/index.php?rest_route=%2Fwp%2Fv2%2Ftags&post=2466"}],"curies":[{"name":"wp","href":"https:\/\/api.w.org\/{rel}","templated":true}]}}