{"id":2454,"date":"2024-05-19T21:07:58","date_gmt":"2024-05-19T19:07:58","guid":{"rendered":"https:\/\/utwstarachowice.pl\/2024\/05\/19\/palacyk-schoenberga\/"},"modified":"2024-05-19T21:07:58","modified_gmt":"2024-05-19T19:07:58","slug":"palacyk-schoenberga","status":"publish","type":"post","link":"https:\/\/utwstarachowice.pl\/?p=2454","title":{"rendered":"Pa\u0142acyk Schoenberga"},"content":{"rendered":"<div class=\"html-div xe8uvvx xdj266r x11i5rnm xat24cr x1mh8g0r xexx8yu x4uap5 x18d9i69 xkhd6sd\" dir=\"auto\">\n<div id=\":r4d:\" class=\"x1iorvi4 x1pi30zi x1l90r2v x1swvt13\" data-ad-comet-preview=\"message\" data-ad-preview=\"message\">\n<div class=\"x78zum5 xdt5ytf xz62fqu x16ldp7u\">\n<div class=\"xu06os2 x1ok221b\">\n<div class=\"xdj266r x11i5rnm xat24cr x1mh8g0r x1vvkbs x126k92a\">\n<div dir=\"auto\">W dniu wczorajszym 13.o5.2024r.\u00a0 w sali UTW Starachowice odby\u0142 si\u0119 kolejny wyk\u0142ad plenarny pt. &#8222;Rewitalizacja Pa\u0142acyku Schoenberga w W\u0105chocku&#8221;. Prowadz\u0105cy to pan Krzysztof Chaja.<\/div>\n<div dir=\"auto\">Pa\u0142acyk wpisany jest do rejestru zabytk\u00f3w i jego odbudowanie mo\u017ce w spos\u00f3b znacz\u0105cy zmienia\u0107 detali architektonicznych. Planowana jest odbudowa i adaptacja zniszczonych budynk\u00f3w na mieszkania. Renowacj\u0105 obj\u0119ty b\u0119dzie te\u017c teren wok\u00f3\u0142 budynk\u00f3w. W spotkaniu uczestniczy\u0142a pani wiceprezes Zarz\u0105du firmy P.P.U.H.&#8221;Perfopol&#8221; Ewelina Cie\u015blik.<img decoding=\"async\" class=\" size-full wp-image-2448\" src=\"https:\/\/utwstarachowice.pl\/wp-content\/uploads\/2024\/05\/IMG_20240513_103405-scaled.jpg\" border=\"0\" width=\"512\" style=\"display: block; margin-left: auto; margin-right: auto;\" \/><img decoding=\"async\" class=\" size-full wp-image-2449\" src=\"https:\/\/utwstarachowice.pl\/wp-content\/uploads\/2024\/05\/IMG_20240513_102857-scaled.jpg\" border=\"0\" width=\"512\" style=\"display: block; margin-left: auto; margin-right: auto;\" \/><img decoding=\"async\" class=\" size-full wp-image-2450\" src=\"https:\/\/utwstarachowice.pl\/wp-content\/uploads\/2024\/05\/IMG_20240513_1025372-scaled.jpg\" border=\"0\" width=\"512\" style=\"display: block; margin-left: auto; margin-right: auto;\" \/><img decoding=\"async\" class=\" size-full wp-image-2451\" src=\"https:\/\/utwstarachowice.pl\/wp-content\/uploads\/2024\/05\/IMG_20240513_1052072-scaled.jpg\" border=\"0\" width=\"512\" style=\"display: block; margin-left: auto; margin-right: auto;\" \/><img decoding=\"async\" class=\" size-full wp-image-2452\" src=\"https:\/\/utwstarachowice.pl\/wp-content\/uploads\/2024\/05\/IMG_20240513_104259-scaled.jpg\" border=\"0\" width=\"512\" style=\"display: block; margin-left: auto; margin-right: auto;\" \/><img decoding=\"async\" class=\" size-full wp-image-2453\" src=\"https:\/\/utwstarachowice.pl\/wp-content\/uploads\/2024\/05\/IMG_20240513_1024372-scaled.jpg\" border=\"0\" width=\"512\" style=\"display: block; margin-left: auto; margin-right: auto;\" \/><\/div>\n<\/div>\n<\/div>\n<\/div>\n<\/div>\n<\/div>\n","protected":false},"excerpt":{"rendered":"<p>W dniu wczorajszym 13.o5.2024r.\u00a0 w sali UTW Starachowice odby\u0142 si\u0119 kolejny wyk\u0142ad plenarny pt. &#8222;Rewitalizacja Pa\u0142acyku Schoenberga w W\u0105chocku&#8221;. Prowadz\u0105cy &hellip;<\/p>\n","protected":false},"author":3,"featured_media":2448,"comment_status":"open","ping_status":"open","sticky":true,"template":"","format":"standard","meta":{"footnotes":""},"categories":[2],"tags":[],"_links":{"self":[{"href":"https:\/\/utwstarachowice.pl\/index.php?rest_route=\/wp\/v2\/posts\/2454"}],"collection":[{"href":"https:\/\/utwstarachowice.pl\/index.php?rest_route=\/wp\/v2\/posts"}],"about":[{"href":"https:\/\/utwstarachowice.pl\/index.php?rest_route=\/wp\/v2\/types\/post"}],"author":[{"embeddable":true,"href":"https:\/\/utwstarachowice.pl\/index.php?rest_route=\/wp\/v2\/users\/3"}],"replies":[{"embeddable":true,"href":"https:\/\/utwstarachowice.pl\/index.php?rest_route=%2Fwp%2Fv2%2Fcomments&post=2454"}],"version-history":[{"count":0,"href":"https:\/\/utwstarachowice.pl\/index.php?rest_route=\/wp\/v2\/posts\/2454\/revisions"}],"wp:featuredmedia":[{"embeddable":true,"href":"https:\/\/utwstarachowice.pl\/index.php?rest_route=\/"}],"wp:attachment":[{"href":"https:\/\/utwstarachowice.pl\/index.php?rest_route=%2Fwp%2Fv2%2Fmedia&parent=2454"}],"wp:term":[{"taxonomy":"category","embeddable":true,"href":"https:\/\/utwstarachowice.pl\/index.php?rest_route=%2Fwp%2Fv2%2Fcategories&post=2454"},{"taxonomy":"post_tag","embeddable":true,"href":"https:\/\/utwstarachowice.pl\/index.php?rest_route=%2Fwp%2Fv2%2Ftags&post=2454"}],"curies":[{"name":"wp","href":"https:\/\/api.w.org\/{rel}","templated":true}]}}