{"id":2447,"date":"2024-05-19T20:41:28","date_gmt":"2024-05-19T18:41:28","guid":{"rendered":"https:\/\/utwstarachowice.pl\/2024\/05\/19\/adam-cieslik\/"},"modified":"2024-05-19T20:41:28","modified_gmt":"2024-05-19T18:41:28","slug":"adam-cieslik","status":"publish","type":"post","link":"https:\/\/utwstarachowice.pl\/?p=2447","title":{"rendered":"Adam Cie\u015blik"},"content":{"rendered":"<p>W dniu 10.05204r. zmar\u0142 nasz kolega <strong>Adam Cie\u015blik<\/strong> .by\u0142 cz\u0142onkiem pierwszego Zarz\u0105du UTW w 2007 -2011.Da l si\u0119 pozna\u0107 jako dobry ,uczynny kolega, utalentowany grafik, poeta By\u0142 cz\u0142onkiem grupy poetyckiej Feniks. Jego wiersze drukowano w kolejnych tomikach poezji wydawanych przez UTW. W roku 2023 w Urz\u0119dzie\u00a0 Miejskim pokazano jego dorobek artystyczny , poetycki wystawiaj\u0105c jego prace.<img decoding=\"async\" class=\" size-full wp-image-2323\" src=\"https:\/\/utwstarachowice.pl\/wp-content\/uploads\/2024\/03\/IMG_20240308_164749-scaled.jpg\" border=\"0\" width=\"512\" \/><\/p>\n","protected":false},"excerpt":{"rendered":"<p>W dniu 10.05204r. zmar\u0142 nasz kolega Adam Cie\u015blik .by\u0142 cz\u0142onkiem pierwszego Zarz\u0105du UTW w 2007 -2011.Da l si\u0119 pozna\u0107 jako &hellip;<\/p>\n","protected":false},"author":3,"featured_media":2323,"comment_status":"open","ping_status":"open","sticky":true,"template":"","format":"standard","meta":{"footnotes":""},"categories":[2],"tags":[],"_links":{"self":[{"href":"https:\/\/utwstarachowice.pl\/index.php?rest_route=\/wp\/v2\/posts\/2447"}],"collection":[{"href":"https:\/\/utwstarachowice.pl\/index.php?rest_route=\/wp\/v2\/posts"}],"about":[{"href":"https:\/\/utwstarachowice.pl\/index.php?rest_route=\/wp\/v2\/types\/post"}],"author":[{"embeddable":true,"href":"https:\/\/utwstarachowice.pl\/index.php?rest_route=\/wp\/v2\/users\/3"}],"replies":[{"embeddable":true,"href":"https:\/\/utwstarachowice.pl\/index.php?rest_route=%2Fwp%2Fv2%2Fcomments&post=2447"}],"version-history":[{"count":0,"href":"https:\/\/utwstarachowice.pl\/index.php?rest_route=\/wp\/v2\/posts\/2447\/revisions"}],"wp:featuredmedia":[{"embeddable":true,"href":"https:\/\/utwstarachowice.pl\/index.php?rest_route=\/"}],"wp:attachment":[{"href":"https:\/\/utwstarachowice.pl\/index.php?rest_route=%2Fwp%2Fv2%2Fmedia&parent=2447"}],"wp:term":[{"taxonomy":"category","embeddable":true,"href":"https:\/\/utwstarachowice.pl\/index.php?rest_route=%2Fwp%2Fv2%2Fcategories&post=2447"},{"taxonomy":"post_tag","embeddable":true,"href":"https:\/\/utwstarachowice.pl\/index.php?rest_route=%2Fwp%2Fv2%2Ftags&post=2447"}],"curies":[{"name":"wp","href":"https:\/\/api.w.org\/{rel}","templated":true}]}}