{"id":2446,"date":"2024-05-19T19:31:39","date_gmt":"2024-05-19T17:31:39","guid":{"rendered":"https:\/\/utwstarachowice.pl\/2024\/05\/19\/spotkanie-z-pania-ministra-okla-drewnowicz\/"},"modified":"2024-05-19T19:31:39","modified_gmt":"2024-05-19T17:31:39","slug":"spotkanie-z-pania-ministra-okla-drewnowicz","status":"publish","type":"post","link":"https:\/\/utwstarachowice.pl\/?p=2446","title":{"rendered":"Spotkanie z pani\u0105 ministr\u0105 OK\u0141A-Drewnowicz"},"content":{"rendered":"<p><span class=\"x193iq5w xeuugli x13faqbe x1vvkbs x1xmvt09 x1lliihq x1s928wv xhkezso x1gmr53x x1cpjm7i x1fgarty x1943h6x xudqn12 x3x7a5m x6prxxf xvq8zen xo1l8bm xzsf02u x1yc453h\" dir=\"auto\"><span class=\"html-span xdj266r x11i5rnm xat24cr x1mh8g0r xexx8yu x4uap5 x18d9i69 xkhd6sd x1hl2dhg x16tdsg8 x1vvkbs\"><a class=\"x1i10hfl xjbqb8w x1ejq31n xd10rxx x1sy0etr x17r0tee x972fbf xcfux6l x1qhh985 xm0m39n x9f619 x1ypdohk xt0psk2 xe8uvvx xdj266r x11i5rnm xat24cr x1mh8g0r xexx8yu x4uap5 x18d9i69 xkhd6sd x16tdsg8 x1hl2dhg xggy1nq x1a2a7pz x1sur9pj xkrqix3 x1fey0fg\" href=\"http:\/\/13.05.2024r.na\/?fbclid=IwZXh0bgNhZW0CMTAAAR2gPyrxDZMvnvWiFwCAsIig3LQ_j2nDEeC0TdBNUxtorTd7zD9rpBlfxZQ_aem_AXxKh1oOEjBybXxvNP0g5DUjVeGdmmqJVe-f1V7ZAeen4DB_RCi8-DsFV1Wso0UmzKtZ9xmp1EhoYC7VyUCf6c1k\" target=\"_blank\" rel=\"nofollow noreferrer noopener\">13.05.2024r.Na<\/a><\/span> zaproszenie Uniwersytetu Trzeciego Wieku w Starachowicach odwiedzi\u0142a nas <strong>Marzena Ok\u0142a- Drewnowicz Minister do spraw polityki senioralnej<\/strong> i kandydatka do Parlamentu Europejskiego Ma\u0142gorzata Wilk- Grzywna. Pani minister m\u00f3wi\u0142a o starzej\u0105cym si\u0119 spo\u0142ecze\u0144stwie i mo\u017cliwo\u015bciach jego aktywizacji. Pytano te\u017c o realizacj\u0119 zapowiadanych zamierze\u0144.<\/span><img decoding=\"async\" class=\" size-full wp-image-2442\" src=\"https:\/\/utwstarachowice.pl\/wp-content\/uploads\/2024\/05\/IMG_20240513_153625-scaled.jpg\" border=\"0\" width=\"512\" style=\"display: block; margin-left: auto; margin-right: auto;\" \/><img decoding=\"async\" class=\" size-full wp-image-2443\" src=\"https:\/\/utwstarachowice.pl\/wp-content\/uploads\/2024\/05\/IMG_20240513_151722-scaled.jpg\" border=\"0\" width=\"512\" style=\"display: block; margin-left: auto; margin-right: auto;\" \/><img decoding=\"async\" class=\" size-full wp-image-2444\" src=\"https:\/\/utwstarachowice.pl\/wp-content\/uploads\/2024\/05\/IMG_20240513_1515112-scaled.jpg\" border=\"0\" width=\"512\" style=\"display: block; margin-left: auto; margin-right: auto;\" \/><img decoding=\"async\" class=\" size-full wp-image-2445\" src=\"https:\/\/utwstarachowice.pl\/wp-content\/uploads\/2024\/05\/IMG_20240513_153637-scaled.jpg\" border=\"0\" width=\"512\" style=\"display: block; margin-left: auto; margin-right: auto;\" \/><\/p>\n","protected":false},"excerpt":{"rendered":"<p>13.05.2024r.Na zaproszenie Uniwersytetu Trzeciego Wieku w Starachowicach odwiedzi\u0142a nas Marzena Ok\u0142a- Drewnowicz Minister do spraw polityki senioralnej i kandydatka do &hellip;<\/p>\n","protected":false},"author":3,"featured_media":2442,"comment_status":"open","ping_status":"open","sticky":true,"template":"","format":"standard","meta":{"footnotes":""},"categories":[2],"tags":[],"_links":{"self":[{"href":"https:\/\/utwstarachowice.pl\/index.php?rest_route=\/wp\/v2\/posts\/2446"}],"collection":[{"href":"https:\/\/utwstarachowice.pl\/index.php?rest_route=\/wp\/v2\/posts"}],"about":[{"href":"https:\/\/utwstarachowice.pl\/index.php?rest_route=\/wp\/v2\/types\/post"}],"author":[{"embeddable":true,"href":"https:\/\/utwstarachowice.pl\/index.php?rest_route=\/wp\/v2\/users\/3"}],"replies":[{"embeddable":true,"href":"https:\/\/utwstarachowice.pl\/index.php?rest_route=%2Fwp%2Fv2%2Fcomments&post=2446"}],"version-history":[{"count":0,"href":"https:\/\/utwstarachowice.pl\/index.php?rest_route=\/wp\/v2\/posts\/2446\/revisions"}],"wp:featuredmedia":[{"embeddable":true,"href":"https:\/\/utwstarachowice.pl\/index.php?rest_route=\/"}],"wp:attachment":[{"href":"https:\/\/utwstarachowice.pl\/index.php?rest_route=%2Fwp%2Fv2%2Fmedia&parent=2446"}],"wp:term":[{"taxonomy":"category","embeddable":true,"href":"https:\/\/utwstarachowice.pl\/index.php?rest_route=%2Fwp%2Fv2%2Fcategories&post=2446"},{"taxonomy":"post_tag","embeddable":true,"href":"https:\/\/utwstarachowice.pl\/index.php?rest_route=%2Fwp%2Fv2%2Ftags&post=2446"}],"curies":[{"name":"wp","href":"https:\/\/api.w.org\/{rel}","templated":true}]}}