{"id":2440,"date":"2024-05-12T22:04:46","date_gmt":"2024-05-12T20:04:46","guid":{"rendered":"https:\/\/utwstarachowice.pl\/2024\/05\/12\/altana-oddana\/"},"modified":"2024-05-12T22:04:46","modified_gmt":"2024-05-12T20:04:46","slug":"altana-oddana","status":"publish","type":"post","link":"https:\/\/utwstarachowice.pl\/?p=2440","title":{"rendered":"Altana- oddana"},"content":{"rendered":"<p><span class=\"x193iq5w xeuugli x13faqbe x1vvkbs x1xmvt09 x1lliihq x1s928wv xhkezso x1gmr53x x1cpjm7i x1fgarty x1943h6x xudqn12 x3x7a5m x6prxxf xvq8zen xo1l8bm xzsf02u x1yc453h\" dir=\"auto\">Oficjalne otwarcie altany ogrodowej w UTW Starachowice. Pogoda dopisa\u0142a i humory r\u00f3wnie\u017c. Witamy i zapraszamy na ogr\u00f3d.<\/span><\/p>\n<p><img decoding=\"async\" class=\" size-full wp-image-2434\" src=\"https:\/\/utwstarachowice.pl\/wp-content\/uploads\/2024\/05\/IMG_20240507_115805-scaled.jpg\" border=\"0\" width=\"512\" style=\"display: block; margin-left: auto; margin-right: auto;\" \/><img decoding=\"async\" class=\" size-full wp-image-2435\" src=\"https:\/\/utwstarachowice.pl\/wp-content\/uploads\/2024\/05\/IMG_20240507_1156522-scaled.jpg\" border=\"0\" width=\"512\" style=\"display: block; margin-left: auto; margin-right: auto;\" \/><img decoding=\"async\" class=\" size-full wp-image-2436\" src=\"https:\/\/utwstarachowice.pl\/wp-content\/uploads\/2024\/05\/IMG_20240507_115652-scaled.jpg\" border=\"0\" width=\"512\" style=\"display: block; margin-left: auto; margin-right: auto;\" \/><img decoding=\"async\" class=\" size-full wp-image-2437\" src=\"https:\/\/utwstarachowice.pl\/wp-content\/uploads\/2024\/05\/IMG_20240507_1157552-scaled.jpg\" border=\"0\" width=\"512\" style=\"display: block; margin-left: auto; margin-right: auto;\" \/><img decoding=\"async\" class=\" size-full wp-image-2438\" src=\"https:\/\/utwstarachowice.pl\/wp-content\/uploads\/2024\/05\/Messenger_creation_0a717a30-f78a-4bc9-bd31-0732ea3b7ea7.jpg\" border=\"0\" width=\"512\" style=\"display: block; margin-left: auto; margin-right: auto;\" \/><img decoding=\"async\" class=\" size-full wp-image-2439\" src=\"https:\/\/utwstarachowice.pl\/wp-content\/uploads\/2024\/05\/Messenger_creation_d752f143-8f30-40ca-a8bc-262f614859c0.jpeg\" border=\"0\" width=\"512\" \/><\/p>\n","protected":false},"excerpt":{"rendered":"<p>Oficjalne otwarcie altany ogrodowej w UTW Starachowice. Pogoda dopisa\u0142a i humory r\u00f3wnie\u017c. Witamy i zapraszamy na ogr\u00f3d.<\/p>\n","protected":false},"author":3,"featured_media":2434,"comment_status":"open","ping_status":"open","sticky":true,"template":"","format":"standard","meta":{"footnotes":""},"categories":[2],"tags":[],"_links":{"self":[{"href":"https:\/\/utwstarachowice.pl\/index.php?rest_route=\/wp\/v2\/posts\/2440"}],"collection":[{"href":"https:\/\/utwstarachowice.pl\/index.php?rest_route=\/wp\/v2\/posts"}],"about":[{"href":"https:\/\/utwstarachowice.pl\/index.php?rest_route=\/wp\/v2\/types\/post"}],"author":[{"embeddable":true,"href":"https:\/\/utwstarachowice.pl\/index.php?rest_route=\/wp\/v2\/users\/3"}],"replies":[{"embeddable":true,"href":"https:\/\/utwstarachowice.pl\/index.php?rest_route=%2Fwp%2Fv2%2Fcomments&post=2440"}],"version-history":[{"count":0,"href":"https:\/\/utwstarachowice.pl\/index.php?rest_route=\/wp\/v2\/posts\/2440\/revisions"}],"wp:featuredmedia":[{"embeddable":true,"href":"https:\/\/utwstarachowice.pl\/index.php?rest_route=\/"}],"wp:attachment":[{"href":"https:\/\/utwstarachowice.pl\/index.php?rest_route=%2Fwp%2Fv2%2Fmedia&parent=2440"}],"wp:term":[{"taxonomy":"category","embeddable":true,"href":"https:\/\/utwstarachowice.pl\/index.php?rest_route=%2Fwp%2Fv2%2Fcategories&post=2440"},{"taxonomy":"post_tag","embeddable":true,"href":"https:\/\/utwstarachowice.pl\/index.php?rest_route=%2Fwp%2Fv2%2Ftags&post=2440"}],"curies":[{"name":"wp","href":"https:\/\/api.w.org\/{rel}","templated":true}]}}