{"id":2433,"date":"2024-05-12T20:55:23","date_gmt":"2024-05-12T18:55:23","guid":{"rendered":"https:\/\/utwstarachowice.pl\/2024\/05\/12\/maszyna-ktora-zmienila-swiat\/"},"modified":"2024-05-12T20:55:23","modified_gmt":"2024-05-12T18:55:23","slug":"maszyna-ktora-zmienila-swiat","status":"publish","type":"post","link":"https:\/\/utwstarachowice.pl\/?p=2433","title":{"rendered":"Maszyna kt\u00f3ra zmieni\u0142a \u015bwiat"},"content":{"rendered":"<p><span class=\"x193iq5w xeuugli x13faqbe x1vvkbs x1xmvt09 x1lliihq x1s928wv xhkezso x1gmr53x x1cpjm7i x1fgarty x1943h6x xudqn12 x3x7a5m x6prxxf xvq8zen xo1l8bm xzsf02u x1yc453h\" dir=\"auto\">29.04.2024r. Wyk\u0142ad plenarny poprowadzi\u0142 pan Maciej Szl\u0119zak pracownik Muzeum Przyrody i Techniki w Starachowicach. &#8221; <strong>Maszyna kt\u00f3ra zmieni\u0142a \u015bwiat&#8221;-<\/strong> to oczywi\u015bcie maszyna parowa. Przed wynalezieniem maszyny cz\u0142owiek polega\u0142 na sile zwierz\u0105t. Jej wynalezienie by\u0142o prze\u0142omem w przemy\u015ble.<\/span><img decoding=\"async\" class=\" size-full wp-image-2428\" src=\"https:\/\/utwstarachowice.pl\/wp-content\/uploads\/2024\/05\/IMG_20240429_103616-scaled.jpg\" border=\"0\" width=\"512\" style=\"display: block; margin-left: auto; margin-right: auto;\" \/><img decoding=\"async\" class=\" size-full wp-image-2429\" src=\"https:\/\/utwstarachowice.pl\/wp-content\/uploads\/2024\/05\/IMG_20240429_1036212-scaled.jpg\" border=\"0\" width=\"512\" style=\"display: block; margin-left: auto; margin-right: auto;\" \/><img decoding=\"async\" class=\" size-full wp-image-2430\" src=\"https:\/\/utwstarachowice.pl\/wp-content\/uploads\/2024\/05\/IMG_20240429_104149-scaled.jpg\" border=\"0\" width=\"512\" style=\"display: block; margin-left: auto; margin-right: auto;\" \/><img decoding=\"async\" class=\" size-full wp-image-2431\" src=\"https:\/\/utwstarachowice.pl\/wp-content\/uploads\/2024\/05\/IMG_20240429_103805-scaled.jpg\" border=\"0\" width=\"512\" style=\"display: block; margin-left: auto; margin-right: auto;\" \/><img decoding=\"async\" class=\" size-full wp-image-2432\" src=\"https:\/\/utwstarachowice.pl\/wp-content\/uploads\/2024\/05\/IMG_20240429_103621-scaled.jpg\" border=\"0\" width=\"512\" style=\"display: block; margin-left: auto; margin-right: auto;\" \/><\/p>\n","protected":false},"excerpt":{"rendered":"<p>29.04.2024r. Wyk\u0142ad plenarny poprowadzi\u0142 pan Maciej Szl\u0119zak pracownik Muzeum Przyrody i Techniki w Starachowicach. &#8221; Maszyna kt\u00f3ra zmieni\u0142a \u015bwiat&#8221;- to &hellip;<\/p>\n","protected":false},"author":3,"featured_media":2428,"comment_status":"open","ping_status":"open","sticky":true,"template":"","format":"standard","meta":{"footnotes":""},"categories":[2],"tags":[],"_links":{"self":[{"href":"https:\/\/utwstarachowice.pl\/index.php?rest_route=\/wp\/v2\/posts\/2433"}],"collection":[{"href":"https:\/\/utwstarachowice.pl\/index.php?rest_route=\/wp\/v2\/posts"}],"about":[{"href":"https:\/\/utwstarachowice.pl\/index.php?rest_route=\/wp\/v2\/types\/post"}],"author":[{"embeddable":true,"href":"https:\/\/utwstarachowice.pl\/index.php?rest_route=\/wp\/v2\/users\/3"}],"replies":[{"embeddable":true,"href":"https:\/\/utwstarachowice.pl\/index.php?rest_route=%2Fwp%2Fv2%2Fcomments&post=2433"}],"version-history":[{"count":0,"href":"https:\/\/utwstarachowice.pl\/index.php?rest_route=\/wp\/v2\/posts\/2433\/revisions"}],"wp:featuredmedia":[{"embeddable":true,"href":"https:\/\/utwstarachowice.pl\/index.php?rest_route=\/"}],"wp:attachment":[{"href":"https:\/\/utwstarachowice.pl\/index.php?rest_route=%2Fwp%2Fv2%2Fmedia&parent=2433"}],"wp:term":[{"taxonomy":"category","embeddable":true,"href":"https:\/\/utwstarachowice.pl\/index.php?rest_route=%2Fwp%2Fv2%2Fcategories&post=2433"},{"taxonomy":"post_tag","embeddable":true,"href":"https:\/\/utwstarachowice.pl\/index.php?rest_route=%2Fwp%2Fv2%2Ftags&post=2433"}],"curies":[{"name":"wp","href":"https:\/\/api.w.org\/{rel}","templated":true}]}}