{"id":2404,"date":"2024-05-12T16:44:50","date_gmt":"2024-05-12T14:44:50","guid":{"rendered":"https:\/\/utwstarachowice.pl\/2024\/05\/12\/zelazne-korzenie-regionu-swietokrzyskiego\/"},"modified":"2024-05-12T16:44:50","modified_gmt":"2024-05-12T14:44:50","slug":"zelazne-korzenie-regionu-swietokrzyskiego","status":"publish","type":"post","link":"https:\/\/utwstarachowice.pl\/?p=2404","title":{"rendered":"\u017celazne Korzenie Regionu \u015awi\u0119tokrzyskiego"},"content":{"rendered":"<div class=\"html-div xe8uvvx xdj266r x11i5rnm xat24cr x1mh8g0r xexx8yu x4uap5 x18d9i69 xkhd6sd\" dir=\"auto\">\n<div id=\":r12a:\" class=\"x1iorvi4 x1pi30zi x1l90r2v x1swvt13\" data-ad-comet-preview=\"message\" data-ad-preview=\"message\">\n<div class=\"x78zum5 xdt5ytf xz62fqu x16ldp7u\">\n<div class=\"xu06os2 x1ok221b\">\n<div class=\"xdj266r x11i5rnm xat24cr x1mh8g0r x1vvkbs x126k92a\">\n<div dir=\"auto\">\u00a0<\/div>\n<div dir=\"auto\">\n<div class=\"html-div xe8uvvx xdj266r x11i5rnm xat24cr x1mh8g0r xexx8yu x4uap5 x18d9i69 xkhd6sd\" dir=\"auto\">\n<div id=\":r12e:\" class=\"x1iorvi4 x1pi30zi x1l90r2v x1swvt13\" data-ad-comet-preview=\"message\" data-ad-preview=\"message\">\n<div class=\"x78zum5 xdt5ytf xz62fqu x16ldp7u\">\n<div class=\"xu06os2 x1ok221b\">\n<div class=\"xdj266r x11i5rnm xat24cr x1mh8g0r x1vvkbs x126k92a\">\n<div dir=\"auto\">22.04.2024r.<\/div>\n<div dir=\"auto\">&#8222;\u017belazne Korzenie Regionu \u015awi\u0119tokrzyskiego&#8221; &#8211; to temat wyk\u0142adu plenarnego prowadzonego<\/div>\n<div dir=\"auto\">przez Pani\u0105 Aleksandra Rokoszna pracownika Muzeum Przyrody i Techniki w Starachowicach .<\/div>\n<div dir=\"auto\">Region \u015awi\u0119tokrzyski nieodmiennie kojarzy si\u0119 z hutnictwem \u017celaza. Ponad dwa tysi\u0105ce lat temu w G\u00f3rach \u015awi\u0119tokrzyskich powsta\u0142 najwi\u0119kszy w Europie \u015brodkowo &#8211; wschodniej<\/div>\n<div dir=\"auto\">okr\u0119g hutniczy. Odegra\u0142 ogromn\u0105 rol\u0119 w rozwoju gospodarczym i kulturalnym teren\u00f3w \u015brodkowej i po\u0142udniowej Polski , a nawet teren\u00f3w po\u0142udniowych Europy.<\/div>\n<div dir=\"auto\">Dzi\u0119kujemy za przybli\u017cenie nam tak odleg\u0142ych dziej\u00f3w\u00a0 naszego regionu.<\/div>\n<div style=\"text-align: center;\" dir=\"auto\">dziej\u00f3w naszego regionu.<\/div>\n<\/div>\n<\/div>\n<\/div>\n<\/div>\n<\/div>\n<\/div>\n<div dir=\"auto\">\u00a0<\/div>\n<div dir=\"auto\">\u00a0<\/div>\n<div dir=\"auto\">\u00a0<\/div>\n<div dir=\"auto\">\u00a0<\/div>\n<div dir=\"auto\">\u00a0<\/div>\n<div dir=\"auto\">\u00a0<\/div>\n<div dir=\"auto\"><img decoding=\"async\" class=\" size-full wp-image-2401\" src=\"https:\/\/utwstarachowice.pl\/wp-content\/uploads\/2024\/05\/IMG_20240422_103040-2-scaled.jpg\" border=\"0\" width=\"512\" style=\"display: block; margin-left: auto; margin-right: auto;\" \/><img decoding=\"async\" class=\" size-full wp-image-2402\" src=\"https:\/\/utwstarachowice.pl\/wp-content\/uploads\/2024\/05\/IMG_20240422_1029302-scaled.jpg\" border=\"0\" width=\"512\" style=\"display: block; margin-left: auto; margin-right: auto;\" \/><img decoding=\"async\" class=\" size-full wp-image-2403\" src=\"https:\/\/utwstarachowice.pl\/wp-content\/uploads\/2024\/05\/IMG_20240422_1030402-scaled.jpg\" border=\"0\" width=\"512\" style=\"display: block; margin-left: auto; margin-right: auto;\" \/><\/div>\n<\/div>\n<\/div>\n<\/div>\n<\/div>\n<\/div>\n","protected":false},"excerpt":{"rendered":"<p>\u00a0 22.04.2024r. &#8222;\u017belazne Korzenie Regionu \u015awi\u0119tokrzyskiego&#8221; &#8211; to temat wyk\u0142adu plenarnego prowadzonego przez Pani\u0105 Aleksandra Rokoszna pracownika Muzeum Przyrody i &hellip;<\/p>\n","protected":false},"author":3,"featured_media":2401,"comment_status":"open","ping_status":"open","sticky":true,"template":"","format":"standard","meta":{"footnotes":""},"categories":[2],"tags":[],"_links":{"self":[{"href":"https:\/\/utwstarachowice.pl\/index.php?rest_route=\/wp\/v2\/posts\/2404"}],"collection":[{"href":"https:\/\/utwstarachowice.pl\/index.php?rest_route=\/wp\/v2\/posts"}],"about":[{"href":"https:\/\/utwstarachowice.pl\/index.php?rest_route=\/wp\/v2\/types\/post"}],"author":[{"embeddable":true,"href":"https:\/\/utwstarachowice.pl\/index.php?rest_route=\/wp\/v2\/users\/3"}],"replies":[{"embeddable":true,"href":"https:\/\/utwstarachowice.pl\/index.php?rest_route=%2Fwp%2Fv2%2Fcomments&post=2404"}],"version-history":[{"count":0,"href":"https:\/\/utwstarachowice.pl\/index.php?rest_route=\/wp\/v2\/posts\/2404\/revisions"}],"wp:featuredmedia":[{"embeddable":true,"href":"https:\/\/utwstarachowice.pl\/index.php?rest_route=\/"}],"wp:attachment":[{"href":"https:\/\/utwstarachowice.pl\/index.php?rest_route=%2Fwp%2Fv2%2Fmedia&parent=2404"}],"wp:term":[{"taxonomy":"category","embeddable":true,"href":"https:\/\/utwstarachowice.pl\/index.php?rest_route=%2Fwp%2Fv2%2Fcategories&post=2404"},{"taxonomy":"post_tag","embeddable":true,"href":"https:\/\/utwstarachowice.pl\/index.php?rest_route=%2Fwp%2Fv2%2Ftags&post=2404"}],"curies":[{"name":"wp","href":"https:\/\/api.w.org\/{rel}","templated":true}]}}