{"id":2369,"date":"2024-04-14T20:14:46","date_gmt":"2024-04-14T18:14:46","guid":{"rendered":"https:\/\/utwstarachowice.pl\/2024\/04\/14\/sladem-waskotorowki\/"},"modified":"2024-04-14T20:14:46","modified_gmt":"2024-04-14T18:14:46","slug":"sladem-waskotorowki","status":"publish","type":"post","link":"https:\/\/utwstarachowice.pl\/?p=2369","title":{"rendered":"\u015aladem w\u0105skotor\u00f3wki"},"content":{"rendered":"<div dir=\"auto\">\n<div id=\":r1h:\" class=\"x1iorvi4 x1pi30zi x1l90r2v x1swvt13\" data-ad-comet-preview=\"message\" data-ad-preview=\"message\">\n<div class=\"x78zum5 xdt5ytf xz62fqu x16ldp7u\">\n<div class=\"xu06os2 x1ok221b\">\n<div class=\"xdj266r x11i5rnm xat24cr x1mh8g0r x1vvkbs x126k92a\">\n<div dir=\"auto\">W pierwsz\u0105 kwietniow\u0105 sobot\u0119 cz\u0142onkowie ko\u0142a PTTK przy UTW wzi\u0119li udzia\u0142 w w\u0119dr\u00f3wce &#8222;\u015aladem w\u0105skotor\u00f3wki&#8221;.Pasjonat kolejek Andrzej Cygan poprowadzi\u0142 nas \u015bladami w\u0105skotor\u00f3wki od Zalewu Lubianka na Piachy.<\/div>\n<div dir=\"auto\">By\u0142o przyjemne z po\u017cytecznym: w\u0119dr\u00f3wka wiosennym lasem, \u0142yk historii naszego regionu i integracja przy ognisku nad wod\u0105.<\/div>\n<div dir=\"auto\">Zapraszamy na nast\u0119pn\u0105 w\u0119dr\u00f3wk\u0119 w niedziel\u0119 (14 kwietnia).<\/div>\n<div dir=\"auto\">J. Wi\u015bniewska<img decoding=\"async\" class=\" size-full wp-image-2367\" src=\"https:\/\/utwstarachowice.pl\/wp-content\/uploads\/2024\/04\/IMG_20240410_183935.jpg\" border=\"0\" width=\"512\" style=\"display: block; margin-left: auto; margin-right: auto;\" \/><img decoding=\"async\" class=\" size-full wp-image-2368\" src=\"https:\/\/utwstarachowice.pl\/wp-content\/uploads\/2024\/04\/IMG_20240410_183946.jpg\" border=\"0\" width=\"512\" style=\"display: block; margin-left: auto; margin-right: auto;\" \/><\/div>\n<\/div>\n<\/div>\n<\/div>\n<\/div>\n<\/div>\n","protected":false},"excerpt":{"rendered":"<p>W pierwsz\u0105 kwietniow\u0105 sobot\u0119 cz\u0142onkowie ko\u0142a PTTK przy UTW wzi\u0119li udzia\u0142 w w\u0119dr\u00f3wce &#8222;\u015aladem w\u0105skotor\u00f3wki&#8221;.Pasjonat kolejek Andrzej Cygan poprowadzi\u0142 nas &hellip;<\/p>\n","protected":false},"author":3,"featured_media":2367,"comment_status":"open","ping_status":"open","sticky":true,"template":"","format":"standard","meta":{"footnotes":""},"categories":[2],"tags":[],"_links":{"self":[{"href":"https:\/\/utwstarachowice.pl\/index.php?rest_route=\/wp\/v2\/posts\/2369"}],"collection":[{"href":"https:\/\/utwstarachowice.pl\/index.php?rest_route=\/wp\/v2\/posts"}],"about":[{"href":"https:\/\/utwstarachowice.pl\/index.php?rest_route=\/wp\/v2\/types\/post"}],"author":[{"embeddable":true,"href":"https:\/\/utwstarachowice.pl\/index.php?rest_route=\/wp\/v2\/users\/3"}],"replies":[{"embeddable":true,"href":"https:\/\/utwstarachowice.pl\/index.php?rest_route=%2Fwp%2Fv2%2Fcomments&post=2369"}],"version-history":[{"count":0,"href":"https:\/\/utwstarachowice.pl\/index.php?rest_route=\/wp\/v2\/posts\/2369\/revisions"}],"wp:featuredmedia":[{"embeddable":true,"href":"https:\/\/utwstarachowice.pl\/index.php?rest_route=\/"}],"wp:attachment":[{"href":"https:\/\/utwstarachowice.pl\/index.php?rest_route=%2Fwp%2Fv2%2Fmedia&parent=2369"}],"wp:term":[{"taxonomy":"category","embeddable":true,"href":"https:\/\/utwstarachowice.pl\/index.php?rest_route=%2Fwp%2Fv2%2Fcategories&post=2369"},{"taxonomy":"post_tag","embeddable":true,"href":"https:\/\/utwstarachowice.pl\/index.php?rest_route=%2Fwp%2Fv2%2Ftags&post=2369"}],"curies":[{"name":"wp","href":"https:\/\/api.w.org\/{rel}","templated":true}]}}