{"id":2364,"date":"2024-04-14T19:43:59","date_gmt":"2024-04-14T17:43:59","guid":{"rendered":"https:\/\/utwstarachowice.pl\/2024\/04\/14\/kierunek-przyszlosc-starachowicki-program-rozwoju-lokalnego\/"},"modified":"2024-04-14T19:43:59","modified_gmt":"2024-04-14T17:43:59","slug":"kierunek-przyszlosc-starachowicki-program-rozwoju-lokalnego","status":"publish","type":"post","link":"https:\/\/utwstarachowice.pl\/?p=2364","title":{"rendered":"Kierunek Przysz\u0142o\u015b\u0107- starachowicki Program Rozwoju Lokalnego"},"content":{"rendered":"<p>\u00a0<\/p>\n<p><span class=\"x193iq5w xeuugli x13faqbe x1vvkbs x1xmvt09 x1lliihq x1s928wv xhkezso x1gmr53x x1cpjm7i x1fgarty x1943h6x xudqn12 x3x7a5m x6prxxf xvq8zen xo1l8bm xzsf02u x1yc453h\" dir=\"auto\"><span class=\"x193iq5w xeuugli x13faqbe x1vvkbs x1xmvt09 x1lliihq x1s928wv xhkezso x1gmr53x x1cpjm7i x1fgarty x1943h6x xudqn12 x3x7a5m x6prxxf xvq8zen xo1l8bm xzsf02u x1yc453h\" dir=\"auto\"><strong>09.04.2024r.<\/strong> Dzi\u015b na terenie ogrodu UTW go\u015bcili\u015bmy przedstawicieli Urz\u0119du Miasta w osobie Marcina Go\u0142\u0119biowskiego, M\u0142odzie\u017cowej Rady Miasta i partner\u00f3w z Bergen z Norwegii. Nasz ogr\u00f3d to pierwszy ogr\u00f3d spo\u0142eczny w Starachowicach. Powsta\u0142 \u017ce \u015brodk\u00f3w z projektu &#8221; Kierunek Przysz\u0142o\u015b\u0107 &#8211; Starachowicki Program Rozwoju Lokalnego &#8221; wsp\u00f3\u0142finansowanego z Norweskiego Mechanizmu Finansowego oraz bud\u017cetu pa\u0144stwa. Go\u015bcie byli \u015bwiadkami oddania do u\u017cytku s\u0142uchaczy UTW altany <a><\/a>ogrodowej, kt\u00f3ra b\u0119dzie miejscem naszych spotka\u0144. By\u0142o to uroczyste zako\u0144czenie projekt<\/span><\/span><\/p>\n<p>\u00a0<\/p>\n<p>\u00a0<\/p>\n<p><span class=\"x193iq5w xeuugli x13faqbe x1vvkbs x1xmvt09 x1lliihq x1s928wv xhkezso x1gmr53x x1cpjm7i x1fgarty x1943h6x xudqn12 x3x7a5m x6prxxf xvq8zen xo1l8bm xzsf02u x1yc453h\" dir=\"auto\"><img decoding=\"async\" class=\" size-full wp-image-2358\" src=\"https:\/\/utwstarachowice.pl\/wp-content\/uploads\/2024\/04\/Messenger_creation_e1af0111-ab79-4278-9a2d-9245a22749cc.jpeg\" border=\"0\" width=\"512\" style=\"display: block; margin-left: auto; margin-right: auto;\" \/><img decoding=\"async\" class=\" size-full wp-image-2359\" src=\"https:\/\/utwstarachowice.pl\/wp-content\/uploads\/2024\/04\/Messenger_creation_6e156ad6-67cb-4003-84dc-3c175d5e411c.jpeg\" border=\"0\" width=\"512\" style=\"display: block; margin-left: auto; margin-right: auto;\" \/><img decoding=\"async\" class=\" size-full wp-image-2360\" src=\"https:\/\/utwstarachowice.pl\/wp-content\/uploads\/2024\/04\/Messenger_creation_bc5b966b-ffed-446a-877f-245763934fdc.jpeg\" border=\"0\" width=\"512\" style=\"display: block; margin-left: auto; margin-right: auto;\" \/><img decoding=\"async\" class=\" size-full wp-image-2361\" src=\"https:\/\/utwstarachowice.pl\/wp-content\/uploads\/2024\/04\/Messenger_creation_c716b646-b6bd-4339-8753-40809b92848d.jpeg\" border=\"0\" width=\"512\" style=\"display: block; margin-left: auto; margin-right: auto;\" \/><img decoding=\"async\" class=\" size-full wp-image-2362\" src=\"https:\/\/utwstarachowice.pl\/wp-content\/uploads\/2024\/04\/Messenger_creation_7952fa17-2594-4338-9fab-5bcbeeae393c.jpeg\" border=\"0\" width=\"512\" style=\"display: block; margin-left: auto; margin-right: auto;\" \/><img decoding=\"async\" class=\" size-full wp-image-2363\" src=\"https:\/\/utwstarachowice.pl\/wp-content\/uploads\/2024\/04\/Messenger_creation_ce116717-c123-4328-b759-301648c368e2.jpeg\" border=\"0\" width=\"512\" style=\"display: block; margin-left: auto; margin-right: auto;\" \/><\/span><\/p>\n","protected":false},"excerpt":{"rendered":"<p>\u00a0 09.04.2024r. Dzi\u015b na terenie ogrodu UTW go\u015bcili\u015bmy przedstawicieli Urz\u0119du Miasta w osobie Marcina Go\u0142\u0119biowskiego, M\u0142odzie\u017cowej Rady Miasta i partner\u00f3w &hellip;<\/p>\n","protected":false},"author":3,"featured_media":2358,"comment_status":"open","ping_status":"open","sticky":true,"template":"","format":"standard","meta":{"footnotes":""},"categories":[2],"tags":[],"_links":{"self":[{"href":"https:\/\/utwstarachowice.pl\/index.php?rest_route=\/wp\/v2\/posts\/2364"}],"collection":[{"href":"https:\/\/utwstarachowice.pl\/index.php?rest_route=\/wp\/v2\/posts"}],"about":[{"href":"https:\/\/utwstarachowice.pl\/index.php?rest_route=\/wp\/v2\/types\/post"}],"author":[{"embeddable":true,"href":"https:\/\/utwstarachowice.pl\/index.php?rest_route=\/wp\/v2\/users\/3"}],"replies":[{"embeddable":true,"href":"https:\/\/utwstarachowice.pl\/index.php?rest_route=%2Fwp%2Fv2%2Fcomments&post=2364"}],"version-history":[{"count":0,"href":"https:\/\/utwstarachowice.pl\/index.php?rest_route=\/wp\/v2\/posts\/2364\/revisions"}],"wp:featuredmedia":[{"embeddable":true,"href":"https:\/\/utwstarachowice.pl\/index.php?rest_route=\/"}],"wp:attachment":[{"href":"https:\/\/utwstarachowice.pl\/index.php?rest_route=%2Fwp%2Fv2%2Fmedia&parent=2364"}],"wp:term":[{"taxonomy":"category","embeddable":true,"href":"https:\/\/utwstarachowice.pl\/index.php?rest_route=%2Fwp%2Fv2%2Fcategories&post=2364"},{"taxonomy":"post_tag","embeddable":true,"href":"https:\/\/utwstarachowice.pl\/index.php?rest_route=%2Fwp%2Fv2%2Ftags&post=2364"}],"curies":[{"name":"wp","href":"https:\/\/api.w.org\/{rel}","templated":true}]}}