{"id":2342,"date":"2024-03-12T19:08:32","date_gmt":"2024-03-12T18:08:32","guid":{"rendered":"https:\/\/utwstarachowice.pl\/2024\/03\/12\/25-urodziny-powiatu-starachowickiego\/"},"modified":"2024-03-12T19:08:32","modified_gmt":"2024-03-12T18:08:32","slug":"25-urodziny-powiatu-starachowickiego","status":"publish","type":"post","link":"https:\/\/utwstarachowice.pl\/?p=2342","title":{"rendered":"25 urodziny Powiatu Starachowickiego"},"content":{"rendered":"<div dir=\"auto\">\n<div id=\":Raleldakql9aqqd9emhpapd5aqH2:\" class=\"x1iorvi4 x1pi30zi x1l90r2v x1swvt13\" data-ad-comet-preview=\"message\" data-ad-preview=\"message\">\n<div class=\"x78zum5 xdt5ytf xz62fqu x16ldp7u\">\n<div class=\"xu06os2 x1ok221b\">\n<div class=\"xdj266r x11i5rnm xat24cr x1mh8g0r x1vvkbs x126k92a\">\n<div dir=\"auto\">11.03.2024r. odby\u0142 si\u0119 wyk\u0142ad Wicestarosty Dariusza D\u0105browskiego &#8211; o samorz\u0105dzie powiatowym: 25 lat od jego powstania.<\/div>\n<div dir=\"auto\">Decyzja o powstaniu powiatu zapad\u0142a 1998r. ale dzia\u0142alno\u015b\u0107 rozpocz\u0119\u0142a si\u0119 na pocz\u0105tku nast\u0119pnego roku. Dlatego Powiat Starachowicki w tym roku \u015bwi\u0119tuje swoje urodziny.<\/div>\n<div dir=\"auto\">Wa\u017cniejsze wydarzenia w I-szej kadencji samorz\u0105du to mi\u0119dzy innymi : l- sze wybory<\/div>\n<div dir=\"auto\">do Rady Powiatu 11 pa\u017adziernika 1998r., pierwsze posiedzenie Rady Powiatu i wyb\u00f3r w\u0142adz 10 listopada <a><\/a>1998r.,uchwalenie Statutu Powiatu 17 grudnia 1998 oraz uchwa\u0142a w sprawie herbu i flagi Powiatu Starachowickiego 31 listopada 2000 r.<img decoding=\"async\" class=\" size-full wp-image-2335\" src=\"https:\/\/utwstarachowice.pl\/wp-content\/uploads\/2024\/03\/IMG_20240311_103102-scaled.jpg\" border=\"0\" width=\"512\" style=\"display: block; margin-left: auto; margin-right: auto;\" \/><img decoding=\"async\" class=\" size-full wp-image-2336\" src=\"https:\/\/utwstarachowice.pl\/wp-content\/uploads\/2024\/03\/IMG_20240311_103419-scaled.jpg\" border=\"0\" width=\"512\" style=\"display: block; margin-left: auto; margin-right: auto;\" \/><img decoding=\"async\" class=\" size-full wp-image-2337\" src=\"https:\/\/utwstarachowice.pl\/wp-content\/uploads\/2024\/03\/original_fca558ef-4499-4482-aa9f-77acdffc0946_IMG_20240311_104722-1.jpg\" border=\"0\" width=\"512\" style=\"display: block; margin-left: auto; margin-right: auto;\" \/><img decoding=\"async\" class=\" size-full wp-image-2338\" src=\"https:\/\/utwstarachowice.pl\/wp-content\/uploads\/2024\/03\/IMG_20240311_103752-scaled.jpg\" border=\"0\" width=\"512\" style=\"display: block; margin-left: auto; margin-right: auto;\" \/><img decoding=\"async\" class=\" size-full wp-image-2339\" src=\"https:\/\/utwstarachowice.pl\/wp-content\/uploads\/2024\/03\/IMG_20240311_103828-scaled.jpg\" border=\"0\" width=\"512\" style=\"display: block; margin-left: auto; margin-right: auto;\" \/><img decoding=\"async\" class=\" size-full wp-image-2340\" src=\"https:\/\/utwstarachowice.pl\/wp-content\/uploads\/2024\/03\/IMG_20240311_1038282-scaled.jpg\" border=\"0\" width=\"512\" style=\"display: block; margin-left: auto; margin-right: auto;\" \/><img decoding=\"async\" class=\" size-full wp-image-2341\" src=\"https:\/\/utwstarachowice.pl\/wp-content\/uploads\/2024\/03\/IMG_20240311_1031422-scaled.jpg\" border=\"0\" width=\"512\" style=\"display: block; margin-left: auto; margin-right: auto;\" \/><\/div>\n<\/div>\n<\/div>\n<\/div>\n<\/div>\n<\/div>\n","protected":false},"excerpt":{"rendered":"<p>11.03.2024r. odby\u0142 si\u0119 wyk\u0142ad Wicestarosty Dariusza D\u0105browskiego &#8211; o samorz\u0105dzie powiatowym: 25 lat od jego powstania. Decyzja o powstaniu powiatu &hellip;<\/p>\n","protected":false},"author":3,"featured_media":2335,"comment_status":"open","ping_status":"open","sticky":true,"template":"","format":"standard","meta":{"footnotes":""},"categories":[2],"tags":[],"_links":{"self":[{"href":"https:\/\/utwstarachowice.pl\/index.php?rest_route=\/wp\/v2\/posts\/2342"}],"collection":[{"href":"https:\/\/utwstarachowice.pl\/index.php?rest_route=\/wp\/v2\/posts"}],"about":[{"href":"https:\/\/utwstarachowice.pl\/index.php?rest_route=\/wp\/v2\/types\/post"}],"author":[{"embeddable":true,"href":"https:\/\/utwstarachowice.pl\/index.php?rest_route=\/wp\/v2\/users\/3"}],"replies":[{"embeddable":true,"href":"https:\/\/utwstarachowice.pl\/index.php?rest_route=%2Fwp%2Fv2%2Fcomments&post=2342"}],"version-history":[{"count":0,"href":"https:\/\/utwstarachowice.pl\/index.php?rest_route=\/wp\/v2\/posts\/2342\/revisions"}],"wp:featuredmedia":[{"embeddable":true,"href":"https:\/\/utwstarachowice.pl\/index.php?rest_route=\/"}],"wp:attachment":[{"href":"https:\/\/utwstarachowice.pl\/index.php?rest_route=%2Fwp%2Fv2%2Fmedia&parent=2342"}],"wp:term":[{"taxonomy":"category","embeddable":true,"href":"https:\/\/utwstarachowice.pl\/index.php?rest_route=%2Fwp%2Fv2%2Fcategories&post=2342"},{"taxonomy":"post_tag","embeddable":true,"href":"https:\/\/utwstarachowice.pl\/index.php?rest_route=%2Fwp%2Fv2%2Ftags&post=2342"}],"curies":[{"name":"wp","href":"https:\/\/api.w.org\/{rel}","templated":true}]}}