{"id":2318,"date":"2024-03-06T20:18:01","date_gmt":"2024-03-06T19:18:01","guid":{"rendered":"https:\/\/utwstarachowice.pl\/2024\/03\/06\/nasz-chleb-powszedni\/"},"modified":"2024-03-06T20:18:01","modified_gmt":"2024-03-06T19:18:01","slug":"nasz-chleb-powszedni","status":"publish","type":"post","link":"https:\/\/utwstarachowice.pl\/?p=2318","title":{"rendered":"Nasz chleb powszedni"},"content":{"rendered":"<div dir=\"auto\">\n<div id=\":r15:\" class=\"x1iorvi4 x1pi30zi x1l90r2v x1swvt13\" data-ad-comet-preview=\"message\" data-ad-preview=\"message\">\n<div class=\"x78zum5 xdt5ytf xz62fqu x16ldp7u\">\n<div class=\"xu06os2 x1ok221b\">\n<div class=\"xdj266r x11i5rnm xat24cr x1mh8g0r x1vvkbs x126k92a\">\n<div dir=\"auto\">5.03.2024r. Sekcja Eko-Ogr\u00f3d.<\/div>\n<div dir=\"auto\">Dzisiejszy wyk\u0142ad poprowadzi\u0142a kole\u017canka Magdalena \u0141odej.<\/div>\n<div dir=\"auto\"><strong>&#8222;Nasz chleb powszedni&#8221;<\/strong> to temat wyk\u0142adu.<\/div>\n<div dir=\"auto\">Dok\u0142adna data powstania chleba nie jest nikomu znana. Analizuj\u0105c najstarsze \u017ar\u00f3d\u0142a mo\u017cna szacowa\u0107, \u017ce pierwszy chleb jedzono nawet 10 &#8211; 11 tysi\u0119cy lat temu.<img decoding=\"async\" class=\" size-full wp-image-2314\" src=\"https:\/\/utwstarachowice.pl\/wp-content\/uploads\/2024\/03\/IMG_20240305_0956012-1-scaled.jpg\" border=\"0\" width=\"512\" style=\"display: block; margin-left: auto; margin-right: auto;\" \/><img decoding=\"async\" class=\" size-full wp-image-2315\" src=\"https:\/\/utwstarachowice.pl\/wp-content\/uploads\/2024\/03\/IMG_20240305_095532-scaled.jpg\" border=\"0\" width=\"512\" style=\"display: block; margin-left: auto; margin-right: auto;\" \/><img decoding=\"async\" class=\" size-full wp-image-2316\" src=\"https:\/\/utwstarachowice.pl\/wp-content\/uploads\/2024\/03\/IMG_20240305_0955422-1-scaled.jpg\" border=\"0\" width=\"512\" style=\"display: block; margin-left: auto; margin-right: auto;\" \/><img decoding=\"async\" class=\" size-full wp-image-2317\" src=\"https:\/\/utwstarachowice.pl\/wp-content\/uploads\/2024\/03\/IMG_20240305_0955322-1-scaled.jpg\" border=\"0\" width=\"512\" style=\"display: block; margin-left: auto; margin-right: auto;\" \/><\/div>\n<\/div>\n<\/div>\n<\/div>\n<\/div>\n<\/div>\n","protected":false},"excerpt":{"rendered":"<p>5.03.2024r. Sekcja Eko-Ogr\u00f3d. Dzisiejszy wyk\u0142ad poprowadzi\u0142a kole\u017canka Magdalena \u0141odej. &#8222;Nasz chleb powszedni&#8221; to temat wyk\u0142adu. Dok\u0142adna data powstania chleba nie &hellip;<\/p>\n","protected":false},"author":3,"featured_media":2314,"comment_status":"open","ping_status":"open","sticky":true,"template":"","format":"standard","meta":{"footnotes":""},"categories":[2],"tags":[],"_links":{"self":[{"href":"https:\/\/utwstarachowice.pl\/index.php?rest_route=\/wp\/v2\/posts\/2318"}],"collection":[{"href":"https:\/\/utwstarachowice.pl\/index.php?rest_route=\/wp\/v2\/posts"}],"about":[{"href":"https:\/\/utwstarachowice.pl\/index.php?rest_route=\/wp\/v2\/types\/post"}],"author":[{"embeddable":true,"href":"https:\/\/utwstarachowice.pl\/index.php?rest_route=\/wp\/v2\/users\/3"}],"replies":[{"embeddable":true,"href":"https:\/\/utwstarachowice.pl\/index.php?rest_route=%2Fwp%2Fv2%2Fcomments&post=2318"}],"version-history":[{"count":0,"href":"https:\/\/utwstarachowice.pl\/index.php?rest_route=\/wp\/v2\/posts\/2318\/revisions"}],"wp:featuredmedia":[{"embeddable":true,"href":"https:\/\/utwstarachowice.pl\/index.php?rest_route=\/"}],"wp:attachment":[{"href":"https:\/\/utwstarachowice.pl\/index.php?rest_route=%2Fwp%2Fv2%2Fmedia&parent=2318"}],"wp:term":[{"taxonomy":"category","embeddable":true,"href":"https:\/\/utwstarachowice.pl\/index.php?rest_route=%2Fwp%2Fv2%2Fcategories&post=2318"},{"taxonomy":"post_tag","embeddable":true,"href":"https:\/\/utwstarachowice.pl\/index.php?rest_route=%2Fwp%2Fv2%2Ftags&post=2318"}],"curies":[{"name":"wp","href":"https:\/\/api.w.org\/{rel}","templated":true}]}}