{"id":2302,"date":"2024-02-18T17:22:59","date_gmt":"2024-02-18T16:22:59","guid":{"rendered":"https:\/\/utwstarachowice.pl\/2024\/02\/18\/bledy-jezykowe-08-02-2024\/"},"modified":"2024-02-18T17:22:59","modified_gmt":"2024-02-18T16:22:59","slug":"bledy-jezykowe-08-02-2024","status":"publish","type":"post","link":"https:\/\/utwstarachowice.pl\/?p=2302","title":{"rendered":"B\u0142\u0119dy j\u0119zykowe 08.02.2024"},"content":{"rendered":"<p><span class=\"x193iq5w xeuugli x13faqbe x1vvkbs x1xmvt09 x1lliihq x1s928wv xhkezso x1gmr53x x1cpjm7i x1fgarty x1943h6x xudqn12 x3x7a5m x6prxxf xvq8zen xo1l8bm xzsf02u x1yc453h\" dir=\"auto\">S\u0142uchacze UTW do\u015b\u0107 t\u0142umnie uczestniczyli w dn.8 lutego w cyklicznym ju\u017c wyk\u0142adzie Bogumi\u0142y Skrobisz na temat: <strong>&#8222;Lepiej potkn\u0105\u0107 si\u0119 nog\u0105 ni\u017c j\u0119zykiem&#8221;<\/strong> &#8211; pom\u00f3wmy o b\u0142\u0119dach j\u0119zykowych i o kulturze polszczyzny. Dowiedzieli\u015bmy si\u0119 jak najcz\u0119\u015bciej powstaj\u0105 b\u0142\u0119dy, o r\u00f3\u017cnych ich rodzajach i co robi\u0107 aby nasz j\u0119zyk by\u0142 bogaty i &#8221; skrzydlaty&#8221;. Przywo\u0142ywane przyk\u0142ady nagminnych b\u0142\u0119d\u00f3w prowokowa\u0142y do konfrontacji z naszymi umiej\u0119tno\u015bciami w tym zakresie.<\/span><img decoding=\"async\" class=\" size-full wp-image-2298\" src=\"https:\/\/utwstarachowice.pl\/wp-content\/uploads\/2024\/02\/IMG_20240208_093822-scaled.jpg\" border=\"0\" width=\"512\" style=\"display: block; margin-left: auto; margin-right: auto;\" \/><img decoding=\"async\" class=\" size-full wp-image-2299\" src=\"https:\/\/utwstarachowice.pl\/wp-content\/uploads\/2024\/02\/IMG_20240208_0938222-1-scaled.jpg\" border=\"0\" width=\"512\" style=\"display: block; margin-left: auto; margin-right: auto;\" \/><img decoding=\"async\" class=\" size-full wp-image-2300\" src=\"https:\/\/utwstarachowice.pl\/wp-content\/uploads\/2024\/02\/IMG_20240208_104833-scaled.jpg\" border=\"0\" width=\"512\" style=\"display: block; margin-left: auto; margin-right: auto;\" \/><img decoding=\"async\" class=\" size-full wp-image-2301\" src=\"https:\/\/utwstarachowice.pl\/wp-content\/uploads\/2024\/02\/IMG_20240208_093826-scaled.jpg\" border=\"0\" width=\"512\" style=\"display: block; margin-left: auto; margin-right: auto;\" \/><\/p>\n","protected":false},"excerpt":{"rendered":"<p>S\u0142uchacze UTW do\u015b\u0107 t\u0142umnie uczestniczyli w dn.8 lutego w cyklicznym ju\u017c wyk\u0142adzie Bogumi\u0142y Skrobisz na temat: &#8222;Lepiej potkn\u0105\u0107 si\u0119 nog\u0105 &hellip;<\/p>\n","protected":false},"author":3,"featured_media":2298,"comment_status":"open","ping_status":"open","sticky":true,"template":"","format":"standard","meta":{"footnotes":""},"categories":[2],"tags":[],"_links":{"self":[{"href":"https:\/\/utwstarachowice.pl\/index.php?rest_route=\/wp\/v2\/posts\/2302"}],"collection":[{"href":"https:\/\/utwstarachowice.pl\/index.php?rest_route=\/wp\/v2\/posts"}],"about":[{"href":"https:\/\/utwstarachowice.pl\/index.php?rest_route=\/wp\/v2\/types\/post"}],"author":[{"embeddable":true,"href":"https:\/\/utwstarachowice.pl\/index.php?rest_route=\/wp\/v2\/users\/3"}],"replies":[{"embeddable":true,"href":"https:\/\/utwstarachowice.pl\/index.php?rest_route=%2Fwp%2Fv2%2Fcomments&post=2302"}],"version-history":[{"count":0,"href":"https:\/\/utwstarachowice.pl\/index.php?rest_route=\/wp\/v2\/posts\/2302\/revisions"}],"wp:featuredmedia":[{"embeddable":true,"href":"https:\/\/utwstarachowice.pl\/index.php?rest_route=\/"}],"wp:attachment":[{"href":"https:\/\/utwstarachowice.pl\/index.php?rest_route=%2Fwp%2Fv2%2Fmedia&parent=2302"}],"wp:term":[{"taxonomy":"category","embeddable":true,"href":"https:\/\/utwstarachowice.pl\/index.php?rest_route=%2Fwp%2Fv2%2Fcategories&post=2302"},{"taxonomy":"post_tag","embeddable":true,"href":"https:\/\/utwstarachowice.pl\/index.php?rest_route=%2Fwp%2Fv2%2Ftags&post=2302"}],"curies":[{"name":"wp","href":"https:\/\/api.w.org\/{rel}","templated":true}]}}