{"id":2235,"date":"2024-01-19T17:22:30","date_gmt":"2024-01-19T16:22:30","guid":{"rendered":"https:\/\/utwstarachowice.pl\/2024\/01\/19\/jak-niebieskie-ptaki\/"},"modified":"2024-01-19T17:22:30","modified_gmt":"2024-01-19T16:22:30","slug":"jak-niebieskie-ptaki","status":"publish","type":"post","link":"https:\/\/utwstarachowice.pl\/?p=2235","title":{"rendered":"&#8222;JAK NIEBIESKIE PTAKI&#8221;"},"content":{"rendered":"<p><span class=\"x193iq5w xeuugli x13faqbe x1vvkbs x1xmvt09 x1lliihq x1s928wv xhkezso x1gmr53x x1cpjm7i x1fgarty x1943h6x xudqn12 x3x7a5m x6prxxf xvq8zen xo1l8bm xzsf02u x1yc453h\" dir=\"auto\">Dnia 17.01.2024r. w Miejskiej Bibliotece Publicznej w Starachowicach odby\u0142 si\u0119&#8221; Wiecz\u00f3r Poetycki&#8221; na kt\u00f3rym s\u0142uchacze UTW promowali sw\u00f3j wydany IV tomik poezji pt. JAK NIEBIESKIE PTAKI. Wiersze i oprawa muzyczna by\u0142y pi\u0119kne. Gratulujemy wszystkim uczestnikom, wiecz\u00f3r okaza\u0142 si\u0119 udany i pe\u0142en wzrusze\u0144.<\/span><img decoding=\"async\" class=\" size-full wp-image-2227\" src=\"https:\/\/utwstarachowice.pl\/wp-content\/uploads\/2024\/01\/IMG_20240117_155426-scaled.jpg\" border=\"0\" width=\"512\" style=\"display: block; margin-left: auto; margin-right: auto;\" \/><img decoding=\"async\" class=\" size-full wp-image-2228\" src=\"https:\/\/utwstarachowice.pl\/wp-content\/uploads\/2024\/01\/IMG_20240117_1554262-scaled.jpg\" border=\"0\" width=\"512\" style=\"display: block; margin-left: auto; margin-right: auto;\" \/><img decoding=\"async\" class=\" size-full wp-image-2229\" src=\"https:\/\/utwstarachowice.pl\/wp-content\/uploads\/2024\/01\/IMG_20240117_160039-scaled.jpg\" border=\"0\" width=\"512\" style=\"display: block; margin-left: auto; margin-right: auto;\" \/><img decoding=\"async\" class=\" size-full wp-image-2230\" src=\"https:\/\/utwstarachowice.pl\/wp-content\/uploads\/2024\/01\/IMG_20240117_160043-scaled.jpg\" border=\"0\" width=\"512\" style=\"display: block; margin-left: auto; margin-right: auto;\" \/><img decoding=\"async\" class=\" size-full wp-image-2231\" src=\"https:\/\/utwstarachowice.pl\/wp-content\/uploads\/2024\/01\/IMG_20240117_1600432-scaled.jpg\" border=\"0\" width=\"512\" style=\"display: block; margin-left: auto; margin-right: auto;\" \/><img decoding=\"async\" class=\" size-full wp-image-2232\" src=\"https:\/\/utwstarachowice.pl\/wp-content\/uploads\/2024\/01\/IMG_20240117_155720-scaled.jpg\" border=\"0\" width=\"512\" style=\"display: block; margin-left: auto; margin-right: auto;\" \/><img decoding=\"async\" class=\" size-full wp-image-2233\" src=\"https:\/\/utwstarachowice.pl\/wp-content\/uploads\/2024\/01\/IMG_20240117_155714-scaled.jpg\" border=\"0\" width=\"512\" style=\"display: block; margin-left: auto; margin-right: auto;\" \/><img decoding=\"async\" class=\" size-full wp-image-2234\" src=\"https:\/\/utwstarachowice.pl\/wp-content\/uploads\/2024\/01\/IMG_20240117_1557202-scaled.jpg\" border=\"0\" width=\"512\" style=\"display: block; margin-left: auto; margin-right: auto;\" \/><\/p>\n","protected":false},"excerpt":{"rendered":"<p>Dnia 17.01.2024r. w Miejskiej Bibliotece Publicznej w Starachowicach odby\u0142 si\u0119&#8221; Wiecz\u00f3r Poetycki&#8221; na kt\u00f3rym s\u0142uchacze UTW promowali sw\u00f3j wydany IV &hellip;<\/p>\n","protected":false},"author":3,"featured_media":2227,"comment_status":"open","ping_status":"open","sticky":true,"template":"","format":"standard","meta":{"footnotes":""},"categories":[2],"tags":[],"_links":{"self":[{"href":"https:\/\/utwstarachowice.pl\/index.php?rest_route=\/wp\/v2\/posts\/2235"}],"collection":[{"href":"https:\/\/utwstarachowice.pl\/index.php?rest_route=\/wp\/v2\/posts"}],"about":[{"href":"https:\/\/utwstarachowice.pl\/index.php?rest_route=\/wp\/v2\/types\/post"}],"author":[{"embeddable":true,"href":"https:\/\/utwstarachowice.pl\/index.php?rest_route=\/wp\/v2\/users\/3"}],"replies":[{"embeddable":true,"href":"https:\/\/utwstarachowice.pl\/index.php?rest_route=%2Fwp%2Fv2%2Fcomments&post=2235"}],"version-history":[{"count":0,"href":"https:\/\/utwstarachowice.pl\/index.php?rest_route=\/wp\/v2\/posts\/2235\/revisions"}],"wp:featuredmedia":[{"embeddable":true,"href":"https:\/\/utwstarachowice.pl\/index.php?rest_route=\/"}],"wp:attachment":[{"href":"https:\/\/utwstarachowice.pl\/index.php?rest_route=%2Fwp%2Fv2%2Fmedia&parent=2235"}],"wp:term":[{"taxonomy":"category","embeddable":true,"href":"https:\/\/utwstarachowice.pl\/index.php?rest_route=%2Fwp%2Fv2%2Fcategories&post=2235"},{"taxonomy":"post_tag","embeddable":true,"href":"https:\/\/utwstarachowice.pl\/index.php?rest_route=%2Fwp%2Fv2%2Ftags&post=2235"}],"curies":[{"name":"wp","href":"https:\/\/api.w.org\/{rel}","templated":true}]}}