{"id":2215,"date":"2024-01-08T19:19:48","date_gmt":"2024-01-08T18:19:48","guid":{"rendered":"https:\/\/utwstarachowice.pl\/2024\/01\/08\/pierwszy-wyklad-w-nowym-roku\/"},"modified":"2024-01-08T19:19:48","modified_gmt":"2024-01-08T18:19:48","slug":"pierwszy-wyklad-w-nowym-roku","status":"publish","type":"post","link":"https:\/\/utwstarachowice.pl\/?p=2215","title":{"rendered":"Pierwszy wyk\u0142ad w Nowym roku"},"content":{"rendered":"<p><span class=\"x193iq5w xeuugli x13faqbe x1vvkbs x1xmvt09 x1lliihq x1s928wv xhkezso x1gmr53x x1cpjm7i x1fgarty x1943h6x xudqn12 x3x7a5m x6prxxf xvq8zen xo1l8bm xzsf02u x1yc453h\" dir=\"auto\">08.01.2024r. Dzi\u015b dla s\u0142uchaczy UTW odby\u0142 si\u0119 pierwszy plenarny wyk\u0142ad w Nowym Roku. Temat to -&#8221; Wierzbnik- opowie\u015bci o ludziach i historii &#8222;. Wyk\u0142ad poprowadzi\u0142a p. Aneta Marciniak. Z pasj\u0105 opowiada\u0142a o historii i \u017cyciu jednych z pierwszych mieszka\u0144c\u00f3w naszego miasta maj\u0105cych wp\u0142yw na jego dalszy rozw\u00f3j.<\/span><img decoding=\"async\" class=\" size-full wp-image-2211\" src=\"https:\/\/utwstarachowice.pl\/wp-content\/uploads\/2024\/01\/IMG_20240108_1034182-scaled.jpg\" border=\"0\" width=\"512\" style=\"display: block; margin-left: auto; margin-right: auto;\" \/><img decoding=\"async\" class=\" size-full wp-image-2212\" src=\"https:\/\/utwstarachowice.pl\/wp-content\/uploads\/2024\/01\/IMG_20240108_103418-scaled.jpg\" border=\"0\" width=\"512\" style=\"display: block; margin-left: auto; margin-right: auto;\" \/><img decoding=\"async\" class=\" size-full wp-image-2213\" src=\"https:\/\/utwstarachowice.pl\/wp-content\/uploads\/2024\/01\/IMG_20240108_103318-scaled.jpg\" border=\"0\" width=\"512\" style=\"display: block; margin-left: auto; margin-right: auto;\" \/><img decoding=\"async\" class=\" size-full wp-image-2214\" src=\"https:\/\/utwstarachowice.pl\/wp-content\/uploads\/2024\/01\/IMG_20240108_103401-scaled.jpg\" border=\"0\" width=\"512\" style=\"display: block; margin-left: auto; margin-right: auto;\" \/><\/p>\n","protected":false},"excerpt":{"rendered":"<p>08.01.2024r. Dzi\u015b dla s\u0142uchaczy UTW odby\u0142 si\u0119 pierwszy plenarny wyk\u0142ad w Nowym Roku. Temat to -&#8221; Wierzbnik- opowie\u015bci o ludziach &hellip;<\/p>\n","protected":false},"author":3,"featured_media":2211,"comment_status":"open","ping_status":"open","sticky":true,"template":"","format":"standard","meta":{"footnotes":""},"categories":[2],"tags":[],"_links":{"self":[{"href":"https:\/\/utwstarachowice.pl\/index.php?rest_route=\/wp\/v2\/posts\/2215"}],"collection":[{"href":"https:\/\/utwstarachowice.pl\/index.php?rest_route=\/wp\/v2\/posts"}],"about":[{"href":"https:\/\/utwstarachowice.pl\/index.php?rest_route=\/wp\/v2\/types\/post"}],"author":[{"embeddable":true,"href":"https:\/\/utwstarachowice.pl\/index.php?rest_route=\/wp\/v2\/users\/3"}],"replies":[{"embeddable":true,"href":"https:\/\/utwstarachowice.pl\/index.php?rest_route=%2Fwp%2Fv2%2Fcomments&post=2215"}],"version-history":[{"count":0,"href":"https:\/\/utwstarachowice.pl\/index.php?rest_route=\/wp\/v2\/posts\/2215\/revisions"}],"wp:featuredmedia":[{"embeddable":true,"href":"https:\/\/utwstarachowice.pl\/index.php?rest_route=\/"}],"wp:attachment":[{"href":"https:\/\/utwstarachowice.pl\/index.php?rest_route=%2Fwp%2Fv2%2Fmedia&parent=2215"}],"wp:term":[{"taxonomy":"category","embeddable":true,"href":"https:\/\/utwstarachowice.pl\/index.php?rest_route=%2Fwp%2Fv2%2Fcategories&post=2215"},{"taxonomy":"post_tag","embeddable":true,"href":"https:\/\/utwstarachowice.pl\/index.php?rest_route=%2Fwp%2Fv2%2Ftags&post=2215"}],"curies":[{"name":"wp","href":"https:\/\/api.w.org\/{rel}","templated":true}]}}