{"id":2197,"date":"2023-12-13T19:01:29","date_gmt":"2023-12-13T18:01:29","guid":{"rendered":"https:\/\/utwstarachowice.pl\/2023\/12\/13\/11-12-2023r-wyklad-plenarny-kpp-st-ce\/"},"modified":"2023-12-13T19:01:29","modified_gmt":"2023-12-13T18:01:29","slug":"11-12-2023r-wyklad-plenarny-kpp-st-ce","status":"publish","type":"post","link":"https:\/\/utwstarachowice.pl\/?p=2197","title":{"rendered":"11.12.2023r.Wyk\u0142ad plenarny KPP St-ce"},"content":{"rendered":"<div dir=\"auto\">\n<div id=\":rk:\" class=\"x1iorvi4 x1pi30zi x1l90r2v x1swvt13\" data-ad-comet-preview=\"message\" data-ad-preview=\"message\">\n<div class=\"x78zum5 xdt5ytf xz62fqu x16ldp7u\">\n<div class=\"xu06os2 x1ok221b\">\n<div class=\"xdj266r x11i5rnm xat24cr x1mh8g0r x1vvkbs x126k92a\">\n<div dir=\"auto\">11.12.2023r. Dzisiaj s\u0142uchacze UTW na wyk\u0142adzie plenarnym spotkali si\u0119 z przedstawicielem Komendy Powiatowej Policji w Starachowicach &#8211; sier\u017cantem<\/div>\n<div dir=\"auto\">sztabowym Emilem Jarosem, kt\u00f3ry przybli\u017cy\u0142 nam czyhaj\u0105ce na senior\u00f3w zagro\u017cenia : oszustwa, kradzie\u017ce, wy\u0142udzenia metod\u0105 \u201ena wnuczka\u201d, napady, czy liczne problemy ze zdrowiem wynikaj\u0105ce z wieku oraz najnowsze zmiany w ruchu drogowym.<\/div>\n<\/div>\n<\/div>\n<\/div>\n<\/div>\n<\/div>\n<p>\u00a0<\/p>\n<p><img decoding=\"async\" class=\" size-full wp-image-2193\" src=\"https:\/\/utwstarachowice.pl\/wp-content\/uploads\/2023\/12\/received_733289861590829.jpeg\" border=\"0\" width=\"512\" style=\"display: block; margin-left: auto; margin-right: auto;\" \/><img decoding=\"async\" class=\" size-full wp-image-2194\" src=\"https:\/\/utwstarachowice.pl\/wp-content\/uploads\/2023\/12\/received_886467742764798.jpeg\" border=\"0\" width=\"512\" style=\"display: block; margin-left: auto; margin-right: auto;\" \/><img decoding=\"async\" class=\" size-full wp-image-2195\" src=\"https:\/\/utwstarachowice.pl\/wp-content\/uploads\/2023\/12\/received_742577903953139.jpeg\" border=\"0\" width=\"512\" style=\"display: block; margin-left: auto; margin-right: auto;\" \/><img decoding=\"async\" class=\" size-full wp-image-2196\" src=\"https:\/\/utwstarachowice.pl\/wp-content\/uploads\/2023\/12\/received_371431785377245.jpeg\" border=\"0\" width=\"512\" style=\"display: block; margin-left: auto; margin-right: auto;\" \/><\/p>\n","protected":false},"excerpt":{"rendered":"<p>11.12.2023r. Dzisiaj s\u0142uchacze UTW na wyk\u0142adzie plenarnym spotkali si\u0119 z przedstawicielem Komendy Powiatowej Policji w Starachowicach &#8211; sier\u017cantem sztabowym Emilem &hellip;<\/p>\n","protected":false},"author":3,"featured_media":2193,"comment_status":"open","ping_status":"open","sticky":true,"template":"","format":"standard","meta":{"footnotes":""},"categories":[2],"tags":[],"_links":{"self":[{"href":"https:\/\/utwstarachowice.pl\/index.php?rest_route=\/wp\/v2\/posts\/2197"}],"collection":[{"href":"https:\/\/utwstarachowice.pl\/index.php?rest_route=\/wp\/v2\/posts"}],"about":[{"href":"https:\/\/utwstarachowice.pl\/index.php?rest_route=\/wp\/v2\/types\/post"}],"author":[{"embeddable":true,"href":"https:\/\/utwstarachowice.pl\/index.php?rest_route=\/wp\/v2\/users\/3"}],"replies":[{"embeddable":true,"href":"https:\/\/utwstarachowice.pl\/index.php?rest_route=%2Fwp%2Fv2%2Fcomments&post=2197"}],"version-history":[{"count":0,"href":"https:\/\/utwstarachowice.pl\/index.php?rest_route=\/wp\/v2\/posts\/2197\/revisions"}],"wp:featuredmedia":[{"embeddable":true,"href":"https:\/\/utwstarachowice.pl\/index.php?rest_route=\/"}],"wp:attachment":[{"href":"https:\/\/utwstarachowice.pl\/index.php?rest_route=%2Fwp%2Fv2%2Fmedia&parent=2197"}],"wp:term":[{"taxonomy":"category","embeddable":true,"href":"https:\/\/utwstarachowice.pl\/index.php?rest_route=%2Fwp%2Fv2%2Fcategories&post=2197"},{"taxonomy":"post_tag","embeddable":true,"href":"https:\/\/utwstarachowice.pl\/index.php?rest_route=%2Fwp%2Fv2%2Ftags&post=2197"}],"curies":[{"name":"wp","href":"https:\/\/api.w.org\/{rel}","templated":true}]}}