{"id":2192,"date":"2023-12-13T18:33:24","date_gmt":"2023-12-13T17:33:24","guid":{"rendered":"https:\/\/utwstarachowice.pl\/2023\/12\/13\/zubry-sekcja-teatralna-utw-09-12-2023r\/"},"modified":"2023-12-13T18:33:24","modified_gmt":"2023-12-13T17:33:24","slug":"zubry-sekcja-teatralna-utw-09-12-2023r","status":"publish","type":"post","link":"https:\/\/utwstarachowice.pl\/?p=2192","title":{"rendered":"&#8222;\u017bubry&#8221;-sekcja teatralna  UTW 09.12.2023r."},"content":{"rendered":"<p><span class=\"x193iq5w xeuugli x13faqbe x1vvkbs x1xmvt09 x1lliihq x1s928wv xhkezso x1gmr53x x1cpjm7i x1fgarty x1943h6x xudqn12 x3x7a5m x6prxxf xvq8zen xo1l8bm xzsf02u x1yc453h\" dir=\"auto\"><strong>9.12.2023r<\/strong> w Sp\u00f3\u0142dzielczym Domu Kultury w Starachowicach wyst\u0105pili S\u0142uchacze Uniwersytetu Trzeciego Wieku w spektaklu pt:&#8221;<strong> \u017bUBRY&#8221;<\/strong>-sekcja teatralna &#8222;Scena UTW&#8221;- Karol Cygan, Jola Wi\u015bniewska, Adam Buchelt ,Dorota Jantos , Henryk Prokop ,Halina Surdy, Bo\u017cena Gaik, Iwona Dziubi\u0144ska &#8211; Czerko oraz sekcja wokalna &#8222;Srebrne Nuty&#8221;- Krystyna Boral, Matylda Swat, Irena Cygan ,Bo\u017cena Erbel ,Helena P\u0119czek, Ewa Wi\u0119caszek- Zawisza, Ewa Zaw\u0142ocka, Aniela Kopy\u015b, Stanis\u0142aw Pacek. Scenografia <a><\/a>Zofia Perechuda i Joanna Lorek z sekcji &#8221; Niespokojne r\u0119ce&#8221;.S\u0142owo wst\u0119pne Joanna Matysek. Spektakl zrealizowany przy wsp\u00f3\u0142pracy PARKU KULTURY ,konsultant Agnieszka Lasek -Piwarska, nag\u0142o\u015bnienie i o\u015bwietlenie Marcin G\u0119borek, grafika Maciej Cieciora. Pe\u0142na sala Widz\u00f3w. Spektakl cieszy\u0142 si\u0119 du\u017cym aplauzem. Za udost\u0119pnienie sali widowiskowej dzi\u0119kujemy dyr. Sp\u00f3\u0142dzielczego Domu Kultury p.Beacie Wi\u015bniewskiej oraz Prezesowi Sp\u00f3\u0142dzielni Mieszkaniowej p. Markowi Skibie.<\/span><\/p>\n<p>\u00a0<\/p>\n<p>\u00a0<\/p>\n<p><img decoding=\"async\" class=\" size-full wp-image-2188\" src=\"https:\/\/utwstarachowice.pl\/wp-content\/uploads\/2023\/12\/IMG_20231209_172441-3-scaled.jpg\" border=\"0\" width=\"512\" style=\"display: block; margin-left: auto; margin-right: auto;\" \/><img decoding=\"async\" class=\" size-full wp-image-2189\" src=\"https:\/\/utwstarachowice.pl\/wp-content\/uploads\/2023\/12\/IMG_20231209_161202-scaled.jpg\" border=\"0\" width=\"512\" style=\"display: block; margin-left: auto; margin-right: auto;\" \/><img decoding=\"async\" class=\" size-full wp-image-2190\" src=\"https:\/\/utwstarachowice.pl\/wp-content\/uploads\/2023\/12\/IMG_20231209_172237-1-scaled.jpg\" border=\"0\" width=\"512\" style=\"display: block; margin-left: auto; margin-right: auto;\" \/><img decoding=\"async\" class=\" size-full wp-image-2191\" src=\"https:\/\/utwstarachowice.pl\/wp-content\/uploads\/2023\/12\/IMG_20231209_173809-scaled.jpg\" border=\"0\" width=\"512\" style=\"display: block; margin-left: auto; margin-right: auto;\" \/><\/p>\n","protected":false},"excerpt":{"rendered":"<p>9.12.2023r w Sp\u00f3\u0142dzielczym Domu Kultury w Starachowicach wyst\u0105pili S\u0142uchacze Uniwersytetu Trzeciego Wieku w spektaklu pt:&#8221; \u017bUBRY&#8221;-sekcja teatralna &#8222;Scena UTW&#8221;- Karol &hellip;<\/p>\n","protected":false},"author":3,"featured_media":2188,"comment_status":"open","ping_status":"open","sticky":true,"template":"","format":"standard","meta":{"footnotes":""},"categories":[2],"tags":[],"_links":{"self":[{"href":"https:\/\/utwstarachowice.pl\/index.php?rest_route=\/wp\/v2\/posts\/2192"}],"collection":[{"href":"https:\/\/utwstarachowice.pl\/index.php?rest_route=\/wp\/v2\/posts"}],"about":[{"href":"https:\/\/utwstarachowice.pl\/index.php?rest_route=\/wp\/v2\/types\/post"}],"author":[{"embeddable":true,"href":"https:\/\/utwstarachowice.pl\/index.php?rest_route=\/wp\/v2\/users\/3"}],"replies":[{"embeddable":true,"href":"https:\/\/utwstarachowice.pl\/index.php?rest_route=%2Fwp%2Fv2%2Fcomments&post=2192"}],"version-history":[{"count":0,"href":"https:\/\/utwstarachowice.pl\/index.php?rest_route=\/wp\/v2\/posts\/2192\/revisions"}],"wp:featuredmedia":[{"embeddable":true,"href":"https:\/\/utwstarachowice.pl\/index.php?rest_route=\/"}],"wp:attachment":[{"href":"https:\/\/utwstarachowice.pl\/index.php?rest_route=%2Fwp%2Fv2%2Fmedia&parent=2192"}],"wp:term":[{"taxonomy":"category","embeddable":true,"href":"https:\/\/utwstarachowice.pl\/index.php?rest_route=%2Fwp%2Fv2%2Fcategories&post=2192"},{"taxonomy":"post_tag","embeddable":true,"href":"https:\/\/utwstarachowice.pl\/index.php?rest_route=%2Fwp%2Fv2%2Ftags&post=2192"}],"curies":[{"name":"wp","href":"https:\/\/api.w.org\/{rel}","templated":true}]}}