{"id":2175,"date":"2023-12-05T21:36:01","date_gmt":"2023-12-05T20:36:01","guid":{"rendered":"https:\/\/utwstarachowice.pl\/2023\/12\/05\/moje-miejsce-na-ziemi-regionalistyka-i-patriotyzm\/"},"modified":"2023-12-05T21:36:01","modified_gmt":"2023-12-05T20:36:01","slug":"moje-miejsce-na-ziemi-regionalistyka-i-patriotyzm","status":"publish","type":"post","link":"https:\/\/utwstarachowice.pl\/?p=2175","title":{"rendered":"&#8222;Moje miejsce na ziemi-regionalistyka i patriotyzm&#8221;"},"content":{"rendered":"<p><span class=\"x193iq5w xeuugli x13faqbe x1vvkbs x1xmvt09 x1lliihq x1s928wv xhkezso x1gmr53x x1cpjm7i x1fgarty x1943h6x xudqn12 x3x7a5m x6prxxf xvq8zen xo1l8bm xzsf02u x1yc453h\" dir=\"auto\">Dzisiejszy wyk\u0142ad plenarny prowadzi\u0142 p. Wicestarosta <a class=\"x1i10hfl xjbqb8w x6umtig x1b1mbwd xaqea5y xav7gou x9f619 x1ypdohk xt0psk2 xe8uvvx xdj266r x11i5rnm xat24cr x1mh8g0r xexx8yu x4uap5 x18d9i69 xkhd6sd x16tdsg8 x1hl2dhg xggy1nq x1a2a7pz xt0b8zv x1qq9wsj xo1l8bm\" href=\"https:\/\/www.facebook.com\/WICESTAROSTA.TST?__cft__[0]=AZV9GQhPWf8vDhimJzOuyuMqhF5ChImVU4oGCG60oQyKMTdc53SdOnJDKwUBsx187PMJGVEno31VOWk2iGVwXbbtOTn-RZ2wwmPx8--lpQ81gnaDlyCmGyTBSvNNOZ7LXo8GIj78s3mTFwA7WN8CxhQuG1HdP7rcjZaaUFWDaRofwIhDZ2E0RQA0DdYCt_od1Pk&amp;__tn__=-]K-R\"><span class=\"xt0psk2\">Dariusz D\u0105browski<\/span><\/a>. Tytu\u0142 wyk\u0142adu-&#8222;Moje miejsce na Ziemi-regionalistyka i patriotyzm.&#8221; Dowiedzieli\u015bmy si\u0119 wielu ciekawych faktach o naszym regionie i mie\u015bcie Mieli\u015bmy okazj\u0119 zobaczy\u0107 archiwalne zdj\u0119cia i zapiski.<\/span><\/p>\n<p>\u00a0<\/p>\n<p><img decoding=\"async\" class=\" size-full wp-image-2171\" src=\"https:\/\/utwstarachowice.pl\/wp-content\/uploads\/2023\/12\/IMG_20231204_103050-scaled.jpg\" border=\"0\" width=\"512\" style=\"display: block; margin-left: auto; margin-right: auto;\" \/><img decoding=\"async\" class=\" size-full wp-image-2172\" src=\"https:\/\/utwstarachowice.pl\/wp-content\/uploads\/2023\/12\/IMG_20231204_103052-scaled.jpg\" border=\"0\" width=\"512\" style=\"display: block; margin-left: auto; margin-right: auto;\" \/><img decoding=\"async\" class=\" size-full wp-image-2173\" src=\"https:\/\/utwstarachowice.pl\/wp-content\/uploads\/2023\/12\/IMG_20231204_1030522-scaled.jpg\" border=\"0\" width=\"512\" style=\"display: block; margin-left: auto; margin-right: auto;\" \/><img decoding=\"async\" class=\" size-full wp-image-2174\" src=\"https:\/\/utwstarachowice.pl\/wp-content\/uploads\/2023\/12\/IMG_20231204_103523-scaled.jpg\" border=\"0\" width=\"512\" style=\"display: block; margin-left: auto; margin-right: auto;\" \/><\/p>\n","protected":false},"excerpt":{"rendered":"<p>Dzisiejszy wyk\u0142ad plenarny prowadzi\u0142 p. Wicestarosta Dariusz D\u0105browski. Tytu\u0142 wyk\u0142adu-&#8222;Moje miejsce na Ziemi-regionalistyka i patriotyzm.&#8221; Dowiedzieli\u015bmy si\u0119 wielu ciekawych faktach &hellip;<\/p>\n","protected":false},"author":3,"featured_media":2171,"comment_status":"open","ping_status":"open","sticky":true,"template":"","format":"standard","meta":{"footnotes":""},"categories":[2],"tags":[],"_links":{"self":[{"href":"https:\/\/utwstarachowice.pl\/index.php?rest_route=\/wp\/v2\/posts\/2175"}],"collection":[{"href":"https:\/\/utwstarachowice.pl\/index.php?rest_route=\/wp\/v2\/posts"}],"about":[{"href":"https:\/\/utwstarachowice.pl\/index.php?rest_route=\/wp\/v2\/types\/post"}],"author":[{"embeddable":true,"href":"https:\/\/utwstarachowice.pl\/index.php?rest_route=\/wp\/v2\/users\/3"}],"replies":[{"embeddable":true,"href":"https:\/\/utwstarachowice.pl\/index.php?rest_route=%2Fwp%2Fv2%2Fcomments&post=2175"}],"version-history":[{"count":0,"href":"https:\/\/utwstarachowice.pl\/index.php?rest_route=\/wp\/v2\/posts\/2175\/revisions"}],"wp:featuredmedia":[{"embeddable":true,"href":"https:\/\/utwstarachowice.pl\/index.php?rest_route=\/"}],"wp:attachment":[{"href":"https:\/\/utwstarachowice.pl\/index.php?rest_route=%2Fwp%2Fv2%2Fmedia&parent=2175"}],"wp:term":[{"taxonomy":"category","embeddable":true,"href":"https:\/\/utwstarachowice.pl\/index.php?rest_route=%2Fwp%2Fv2%2Fcategories&post=2175"},{"taxonomy":"post_tag","embeddable":true,"href":"https:\/\/utwstarachowice.pl\/index.php?rest_route=%2Fwp%2Fv2%2Ftags&post=2175"}],"curies":[{"name":"wp","href":"https:\/\/api.w.org\/{rel}","templated":true}]}}