{"id":2156,"date":"2023-11-27T16:25:54","date_gmt":"2023-11-27T15:25:54","guid":{"rendered":"https:\/\/utwstarachowice.pl\/2023\/11\/27\/11-2023-zemsta\/"},"modified":"2023-11-27T16:25:54","modified_gmt":"2023-11-27T15:25:54","slug":"11-2023-zemsta","status":"publish","type":"post","link":"https:\/\/utwstarachowice.pl\/?p=2156","title":{"rendered":"@%.11.2023 &#8222;ZEMSTA&#8221;"},"content":{"rendered":"<p>\u00a0<\/p>\n<p><span class=\"x193iq5w xeuugli x13faqbe x1vvkbs x1xmvt09 x1lliihq x1s928wv xhkezso x1gmr53x x1cpjm7i x1fgarty x1943h6x xudqn12 x3x7a5m x6prxxf xvq8zen xo1l8bm xzsf02u x1yc453h\" dir=\"auto\">25.11.2023r. Seniorzy z UTW w Starachowicach udali si\u0119 do Teatru Powszechnego im. Jana Kochanowskiego w Radomiu na sztuk\u0119 &#8222;Zemsta&#8221;. Opowie\u015b\u0107 o naszych przywarach, konfliktach i nami\u0119tno\u015bciach aktualnych do dzi\u015b umieszczonych w czasach PRL-u lat 90 przynios\u0142o nam du\u017co rado\u015bci.<\/span><\/p>\n<p>\u00a0<\/p>\n<p style=\"text-align: center;\"><img decoding=\"async\" class=\" size-full wp-image-2152\" src=\"https:\/\/utwstarachowice.pl\/wp-content\/uploads\/2023\/11\/IMG_20231125_175100-scaled.jpg\" border=\"0\" width=\"512\" style=\"display: block; margin-left: auto; margin-right: auto;\" \/><img decoding=\"async\" class=\" size-full wp-image-2153\" src=\"https:\/\/utwstarachowice.pl\/wp-content\/uploads\/2023\/11\/IMG_20231125_1751002-scaled.jpg\" border=\"0\" width=\"512\" style=\"display: block; margin-left: auto; margin-right: auto;\" \/><img decoding=\"async\" class=\" size-full wp-image-2154\" src=\"https:\/\/utwstarachowice.pl\/wp-content\/uploads\/2023\/11\/IMG_20231125_175120-scaled.jpg\" border=\"0\" width=\"512\" style=\"display: block; margin-left: auto; margin-right: auto;\" \/><img decoding=\"async\" class=\" size-full wp-image-2155\" src=\"https:\/\/utwstarachowice.pl\/wp-content\/uploads\/2023\/11\/IMG_20231125_1751202-scaled.jpg\" border=\"0\" width=\"512\" \/><\/p>\n","protected":false},"excerpt":{"rendered":"<p>\u00a0 25.11.2023r. Seniorzy z UTW w Starachowicach udali si\u0119 do Teatru Powszechnego im. Jana Kochanowskiego w Radomiu na sztuk\u0119 &#8222;Zemsta&#8221;. &hellip;<\/p>\n","protected":false},"author":3,"featured_media":2152,"comment_status":"open","ping_status":"open","sticky":true,"template":"","format":"standard","meta":{"footnotes":""},"categories":[2],"tags":[],"_links":{"self":[{"href":"https:\/\/utwstarachowice.pl\/index.php?rest_route=\/wp\/v2\/posts\/2156"}],"collection":[{"href":"https:\/\/utwstarachowice.pl\/index.php?rest_route=\/wp\/v2\/posts"}],"about":[{"href":"https:\/\/utwstarachowice.pl\/index.php?rest_route=\/wp\/v2\/types\/post"}],"author":[{"embeddable":true,"href":"https:\/\/utwstarachowice.pl\/index.php?rest_route=\/wp\/v2\/users\/3"}],"replies":[{"embeddable":true,"href":"https:\/\/utwstarachowice.pl\/index.php?rest_route=%2Fwp%2Fv2%2Fcomments&post=2156"}],"version-history":[{"count":0,"href":"https:\/\/utwstarachowice.pl\/index.php?rest_route=\/wp\/v2\/posts\/2156\/revisions"}],"wp:featuredmedia":[{"embeddable":true,"href":"https:\/\/utwstarachowice.pl\/index.php?rest_route=\/"}],"wp:attachment":[{"href":"https:\/\/utwstarachowice.pl\/index.php?rest_route=%2Fwp%2Fv2%2Fmedia&parent=2156"}],"wp:term":[{"taxonomy":"category","embeddable":true,"href":"https:\/\/utwstarachowice.pl\/index.php?rest_route=%2Fwp%2Fv2%2Fcategories&post=2156"},{"taxonomy":"post_tag","embeddable":true,"href":"https:\/\/utwstarachowice.pl\/index.php?rest_route=%2Fwp%2Fv2%2Ftags&post=2156"}],"curies":[{"name":"wp","href":"https:\/\/api.w.org\/{rel}","templated":true}]}}