{"id":2112,"date":"2023-11-11T16:36:18","date_gmt":"2023-11-11T15:36:18","guid":{"rendered":"https:\/\/utwstarachowice.pl\/2023\/11\/11\/komunikaty-xi-2023-sekcji-taneczno-wokalnej\/"},"modified":"2023-11-11T16:36:18","modified_gmt":"2023-11-11T15:36:18","slug":"komunikaty-xi-2023-sekcji-taneczno-wokalnej","status":"publish","type":"post","link":"https:\/\/utwstarachowice.pl\/?p=2112","title":{"rendered":"Komunikaty XI 2023 sekcji taneczno-wokalnej"},"content":{"rendered":"<div>\n<div dir=\"auto\">\n<div id=\":Ralelfakql9aqqd9emhpapd5aqH2:\" class=\"x1iorvi4 x1pi30zi x1swvt13 xjkvuk6\" data-ad-comet-preview=\"message\" data-ad-preview=\"message\">\n<div class=\"x78zum5 xdt5ytf xz62fqu x16ldp7u\">\n<div class=\"xu06os2 x1ok221b\">\n<div class=\"xdj266r x11i5rnm xat24cr x1mh8g0r x1vvkbs x126k92a\">\n<div dir=\"auto\"><strong>Komunikaty dla sekcji taneczno &#8211; wokalnej<\/strong><\/div>\n<div dir=\"auto\">&#8211; od dnia 17.11. Zaj\u0119cia rozpoczynaj\u0105 si\u0119 o godz.<\/div>\n<div dir=\"auto\">10:00<\/div>\n<div dir=\"auto\">&#8211; 17.11. Na zaj\u0119ciach pr\u00f3ba menueta<\/div>\n<div dir=\"auto\">&#8211; 20.11. Ta\u0144czymy menueta w I LO ( zbi\u00f3rka godz. 10:30)<\/div>\n<div dir=\"auto\">&#8211; <a><\/a>21.11. Pr\u00f3ba\u00a0 w Miejskiej\u00a0 Bibliotece spektaklu\u00a0 s\u0142owno &#8211; muzycznego \u201eWierzbnik 400\u00a0 lat temu &#8211; trudne pocz\u0105tki\u201d (prosz\u0119\u00a0 przynie\u015b\u0107 ze sob\u0105 stroje) o\u00a0\u00a0<\/div>\n<div dir=\"auto\">\u00a0 \u00a0 godz.10:00.<\/div>\n<div dir=\"auto\">&#8211; 22.11. Godz. 16:00 wystawiamy spektakl (zbi\u00f3rka 15:30).<\/div>\n<\/div>\n<\/div>\n<\/div>\n<\/div>\n<\/div>\n<\/div>\n<div class=\"x8gbvx8 x80vd3b x1q0q8m5 xso031l x8cjs6t x13fuv20 x178xt8z x78zum5 x1q0g3np x1qughib xz9dl7a xn6708d xsag5q8 xpkgp8e x14vqqas\">\u00a0<\/div>\n","protected":false},"excerpt":{"rendered":"<p>Komunikaty dla sekcji taneczno &#8211; wokalnej &#8211; od dnia 17.11. Zaj\u0119cia rozpoczynaj\u0105 si\u0119 o godz. 10:00 &#8211; 17.11. Na zaj\u0119ciach &hellip;<\/p>\n","protected":false},"author":3,"featured_media":0,"comment_status":"open","ping_status":"open","sticky":true,"template":"","format":"standard","meta":{"footnotes":""},"categories":[2],"tags":[],"_links":{"self":[{"href":"https:\/\/utwstarachowice.pl\/index.php?rest_route=\/wp\/v2\/posts\/2112"}],"collection":[{"href":"https:\/\/utwstarachowice.pl\/index.php?rest_route=\/wp\/v2\/posts"}],"about":[{"href":"https:\/\/utwstarachowice.pl\/index.php?rest_route=\/wp\/v2\/types\/post"}],"author":[{"embeddable":true,"href":"https:\/\/utwstarachowice.pl\/index.php?rest_route=\/wp\/v2\/users\/3"}],"replies":[{"embeddable":true,"href":"https:\/\/utwstarachowice.pl\/index.php?rest_route=%2Fwp%2Fv2%2Fcomments&post=2112"}],"version-history":[{"count":0,"href":"https:\/\/utwstarachowice.pl\/index.php?rest_route=\/wp\/v2\/posts\/2112\/revisions"}],"wp:attachment":[{"href":"https:\/\/utwstarachowice.pl\/index.php?rest_route=%2Fwp%2Fv2%2Fmedia&parent=2112"}],"wp:term":[{"taxonomy":"category","embeddable":true,"href":"https:\/\/utwstarachowice.pl\/index.php?rest_route=%2Fwp%2Fv2%2Fcategories&post=2112"},{"taxonomy":"post_tag","embeddable":true,"href":"https:\/\/utwstarachowice.pl\/index.php?rest_route=%2Fwp%2Fv2%2Ftags&post=2112"}],"curies":[{"name":"wp","href":"https:\/\/api.w.org\/{rel}","templated":true}]}}